{"id":28808,"date":"2020-08-11T17:53:53","date_gmt":"2020-08-11T20:53:53","guid":{"rendered":"https:\/\/www.lasrosas.com.ar\/portal\/?p=28808"},"modified":"2020-08-11T17:53:53","modified_gmt":"2020-08-11T20:53:53","slug":"la-alimentacion-es-la-mejor-medicina","status":"publish","type":"post","link":"https:\/\/www.lasrosas.com.ar\/portal\/la-alimentacion-es-la-mejor-medicina\/","title":{"rendered":"LA ALIMENTACI\u00d3N ES LA MEJOR MEDICINA!"},"content":{"rendered":"<p><strong><em>Hoy se conmemora el d\u00eda de los Nutricionistas, y nos parece una buena oportunidad para hablar un poco del cambio de paradigma que fue experimentando nuestra profesi\u00f3n (por suerte!) y que cada vez somos m\u00e1s los que elegimos estar de este lado de la mecha\u00a0<\/em><\/strong><\/p>\n<p>Por a\u00f1os tuvimos el chip con el que salimos de la facu, de la dieta de fotocopia, que recomienda marcas y ultraprocesados como si fueran indefensos, te sugiere el yogurcito light y los edulcorantes como si fueran saludables y queremos pedir disculpas a todos a quienes alguna vez recomendamos esas cosas!<\/p>\n<p><strong>Hoy entendemos que:<\/strong><br \/>\nLA ALIMENTACION ES LA MEJOR MEDICINA<br \/>\n&#8211; Los ultraprocesados son los que nos est\u00e1n enfermando<br \/>\n&#8211; A la industria alimentaria no le importa tu salud, sino vender<br \/>\n&#8211; Nuestras elecciones alimentarias van mucho m\u00e1s all\u00e1 de nuestros platos<br \/>\n&#8211; El sistema productivo actual est\u00e1 destruyendo nuestro planeta<br \/>\n&#8211; La alimentaci\u00f3n que conocemos como normal, es poco \u00e9tica y sustentable<br \/>\n&#8211; La nutrici\u00f3n es una ciencia que evoluciona y se actualiza<br \/>\n&#8211;\u00a0 El peso ya no es el par\u00e1metro + importante<br \/>\n&#8211; Todo lo que venga sin paquete es m\u00e1s nutritivo<br \/>\n&#8211; Los aditivos, qu\u00edmicos y edulcorantes empobrecen tu intestino<br \/>\n&#8211; Los nutrientes aislados no son lo mismo que el alimento con toda su magia<br \/>\n&#8211; La alimentaci\u00f3n impacta en los \u00e1mbitos pol\u00edticos, sociales, econ\u00f3micos y ecol\u00f3gicos.<\/p>\n<p>&nbsp;<\/p>\n<blockquote class=\"instagram-media\" style=\"background: #FFF; border: 0; border-radius: 3px; box-shadow: 0 0 1px 0 rgba(0,0,0,0.5),0 1px 10px 0 rgba(0,0,0,0.15); margin: 1px; max-width: 540px; min-width: 326px; padding: 0; width: calc(100% - 2px);\" data-instgrm-captioned=\"\" data-instgrm-permalink=\"https:\/\/www.instagram.com\/p\/CDv-IQiAydZ\/?utm_source=ig_embed&amp;utm_campaign=loading\" data-instgrm-version=\"12\">\n<div style=\"padding: 16px;\">\n<p>&nbsp;<\/p>\n<div style=\"display: flex; flex-direction: row; align-items: center;\">\n<div style=\"background-color: #f4f4f4; border-radius: 50%; flex-grow: 0; height: 40px; margin-right: 14px; width: 40px;\"><\/div>\n<div style=\"display: flex; flex-direction: column; flex-grow: 1; justify-content: center;\">\n<div style=\"background-color: #f4f4f4; border-radius: 4px; flex-grow: 0; height: 14px; margin-bottom: 6px; width: 100px;\"><\/div>\n<div style=\"background-color: #f4f4f4; border-radius: 4px; flex-grow: 0; height: 14px; width: 60px;\"><\/div>\n<\/div>\n<\/div>\n<div style=\"padding: 19% 0;\"><\/div>\n<div style=\"display: block; height: 50px; margin: 0 auto 12px; width: 50px;\"><\/div>\n<div style=\"padding-top: 8px;\">\n<div style=\"color: #3897f0; font-family: Arial,sans-serif; font-size: 14px; font-style: normal; font-weight: 550; line-height: 18px;\">Ver esta publicaci\u00f3n en Instagram<\/div>\n<\/div>\n<div style=\"padding: 12.5% 0;\"><\/div>\n<div style=\"display: flex; flex-direction: row; margin-bottom: 14px; align-items: center;\">\n<div>\n<div style=\"background-color: #f4f4f4; border-radius: 50%; height: 12.5px; width: 12.5px; transform: translateX(0px) translateY(7px);\"><\/div>\n<div style=\"background-color: #f4f4f4; height: 12.5px; transform: rotate(-45deg) translateX(3px) translateY(1px); width: 12.5px; flex-grow: 0; margin-right: 14px; margin-left: 2px;\"><\/div>\n<div style=\"background-color: #f4f4f4; border-radius: 50%; height: 12.5px; width: 12.5px; transform: translateX(9px) translateY(-18px);\"><\/div>\n<\/div>\n<div style=\"margin-left: 8px;\">\n<div style=\"background-color: #f4f4f4; border-radius: 50%; flex-grow: 0; height: 20px; width: 20px;\"><\/div>\n<div style=\"width: 0; height: 0; border-top: 2px solid transparent; border-left: 6px solid #f4f4f4; border-bottom: 2px solid transparent; transform: translateX(16px) translateY(-4px) rotate(30deg);\"><\/div>\n<\/div>\n<div style=\"margin-left: auto;\">\n<div style=\"width: 0px; border-top: 8px solid #F4F4F4; border-right: 8px solid transparent; transform: translateY(16px);\"><\/div>\n<div style=\"background-color: #f4f4f4; flex-grow: 0; height: 12px; width: 16px; transform: translateY(-4px);\"><\/div>\n<div style=\"width: 0; height: 0; border-top: 8px solid #F4F4F4; border-left: 8px solid transparent; transform: translateY(-4px) translateX(8px);\"><\/div>\n<\/div>\n<\/div>\n<p>&nbsp;<\/p>\n<p style=\"margin: 8px 0 0 0; padding: 0 4px;\"><a style=\"color: #000; font-family: Arial,sans-serif; font-size: 14px; font-style: normal; font-weight: normal; line-height: 17px; text-decoration: none; word-wrap: break-word;\" href=\"https:\/\/www.instagram.com\/p\/CDv-IQiAydZ\/?utm_source=ig_embed&amp;utm_campaign=loading\" target=\"_blank\" rel=\"noopener\">Hoy se conmemora el d\u00eda de lxs Nutricionistas, y nos parece una buena oportunidad para hablar un poco del cambio de paradigma que fue experimentando nuestra profesi\u00f3n (por suerte!) y que cada vez somos m\u00e1s lxs que elegimos estar de este lado de la mecha &#x1f4a3; \u2022 Por a\u00f1os tuvimos el chip con el que salimos de la facu, de la dieta de fotocopia, que recomienda marcas y ultraprocesados como si fueran indefensos, te sugiere el yogurcito light y los edulcorantes como si fueran saludables y queremos pedir disculpas a todxs a quienes alguna vez recomendamos esas cosas! &#x1f648;&#x1f64f; \u2022 Hoy entendemos que: &#x1f4a3; LA ALIMENTACION ES LA MEJOR MEDICINA &#x1f4a3; Los ultraprocesados son los que nos est\u00e1n enfermando &#x1f4a3; A la industria alimentaria no le importa tu salud, sino vender &#x1f4a3; Nuestras elecciones alimentarias van mucho m\u00e1s all\u00e1 de nuestros platos &#x1f4a3; El sistema productivo actual est\u00e1 destruyendo nuestro planeta &#x1f4a3; La alimentaci\u00f3n que conocemos como normal, es poco \u00e9tica y sustentable &#x1f4a3; La nutrici\u00f3n es una ciencia que evoluciona y se actualiza &#x1f4a3; El peso ya no es el par\u00e1metro + importante &#x1f4a3; Todo lo que venga sin paquete es m\u00e1s nutritivo &#x1f4a3; Los aditivos, qu\u00edmicos y edulcorantes empobrecen tu intestino &#x1f4a3; Los nutrientes aislados no son lo mismo que el alimento con toda su magia &#x1f4a3; La alimentaci\u00f3n impacta en los ambitos pol\u00edticos, sociales, econ\u00f3micos y ecologicos \u2022 Hoy como agentes de salud tenemos la responsabilidad de: &#x1f49a; Incentivar y promover cambios sustentables, para que el futuro de las generaciones venideras sea posible &#x1f49a; Defender la soberania alimentaria y para ello fomentar la agroecologia &#x1f49a; Cuestionar el modelo hegem\u00f3nico de la medicina actual &#x1f49a; Actualizarnos e informarnos continuamente, los dinosaurios no van m\u00e1s! Y hoy la evidencia y la informaci\u00f3n abundan y est\u00e1n al alcance de un click &#x1f49a; Recomendar siempre lo que sume a la salud de la poblaci\u00f3n, ya no el paquetito verde &#x1f49a; Expandir, contagiar y acompa\u00f1ar en los cambios &#x1f64c; \u2022 FELIZ D\u00cdA COLEGAS DEL BIEN! &#x2665;&#xfe0f; \u2022 #alimentacionconsciente #nutricion #alimentoreal #alimentacionsustentable #alimentacionbasadaenplantas #alimentoconvida #alimentosquecuran #sustentabilidad #cambiodehabitos #habitossaludables #habitosustentable<\/a><\/p>\n<p style=\"color: #c9c8cd; font-family: Arial,sans-serif; font-size: 14px; line-height: 17px; margin-bottom: 0; margin-top: 8px; overflow: hidden; padding: 8px 0 7px; text-align: center; text-overflow: ellipsis; white-space: nowrap;\">Una publicaci\u00f3n compartida de <a style=\"color: #c9c8cd; font-family: Arial,sans-serif; font-size: 14px; font-style: normal; font-weight: normal; line-height: 17px;\" href=\"https:\/\/www.instagram.com\/aloha.habitosaludables\/?utm_source=ig_embed&amp;utm_campaign=loading\" target=\"_blank\" rel=\"noopener\"> Nutrici\u00f3n y H\u00e1bitos Saludables<\/a> (@aloha.habitosaludables) el <time style=\"font-family: Arial,sans-serif; font-size: 14px; line-height: 17px;\" datetime=\"2020-08-11T12:46:51+00:00\">11 Ago, 2020 a las 5:46 PDT<\/time><\/p>\n<\/div>\n<\/blockquote>\n<p><script async src=\"\/\/www.instagram.com\/embed.js\"><\/script><\/p>\n<p><strong>Hoy como agentes de salud tenemos la responsabilidad de:<\/strong><br \/>\n&#8211; Incentivar y promover cambios sustentables, para que el futuro de las generaciones venideras sea posible<br \/>\n&#8211; Defender la soberan\u00eda alimentaria y para ello fomentar la agroecologia<br \/>\n&#8211; Cuestionar el modelo hegem\u00f3nico de la medicina actual<br \/>\n&#8211; Actualizarnos e informarnos continuamente, los dinosaurios no van m\u00e1s! Y hoy la evidencia y la informaci\u00f3n abundan y est\u00e1n al alcance de un click<br \/>\n&#8211; Recomendar siempre lo que sume a la salud de la poblaci\u00f3n, ya no el paquetito verde<br \/>\n&#8211; Expandir, contagiar y acompa\u00f1ar en los cambios<\/p>\n<!-- AddThis Advanced Settings generic via filter on the_content --><!-- AddThis Share Buttons generic via filter on the_content -->","protected":false},"excerpt":{"rendered":"<p>Hoy se conmemora el d\u00eda de los Nutricionistas, y nos parece una buena oportunidad para hablar un poco del cambio de paradigma que fue experimentando nuestra profesi\u00f3n (por suerte!) y que cada vez somos m\u00e1s los que elegimos estar de este lado de la mecha\u00a0 Por a\u00f1os tuvimos el chip con el que salimos de [&hellip;]<!-- AddThis Advanced Settings generic via filter on get_the_excerpt --><!-- AddThis Share Buttons generic via filter on get_the_excerpt --><\/p>\n","protected":false},"author":6,"featured_media":28809,"comment_status":"closed","ping_status":"open","sticky":false,"template":"","format":"standard","meta":{"_acf_changed":false,"om_disable_all_campaigns":false,"_monsterinsights_skip_tracking":false,"_monsterinsights_sitenote_active":false,"_monsterinsights_sitenote_note":"","_monsterinsights_sitenote_category":0,"_uf_show_specific_survey":0,"_uf_disable_surveys":false,"footnotes":""},"categories":[376],"tags":[],"class_list":["post-28808","post","type-post","status-publish","format-standard","has-post-thumbnail","hentry","category-lifestyle"],"acf":[],"aioseo_notices":[],"_links":{"self":[{"href":"https:\/\/www.lasrosas.com.ar\/portal\/wp-json\/wp\/v2\/posts\/28808","targetHints":{"allow":["GET"]}}],"collection":[{"href":"https:\/\/www.lasrosas.com.ar\/portal\/wp-json\/wp\/v2\/posts"}],"about":[{"href":"https:\/\/www.lasrosas.com.ar\/portal\/wp-json\/wp\/v2\/types\/post"}],"author":[{"embeddable":true,"href":"https:\/\/www.lasrosas.com.ar\/portal\/wp-json\/wp\/v2\/users\/6"}],"replies":[{"embeddable":true,"href":"https:\/\/www.lasrosas.com.ar\/portal\/wp-json\/wp\/v2\/comments?post=28808"}],"version-history":[{"count":0,"href":"https:\/\/www.lasrosas.com.ar\/portal\/wp-json\/wp\/v2\/posts\/28808\/revisions"}],"wp:featuredmedia":[{"embeddable":true,"href":"https:\/\/www.lasrosas.com.ar\/portal\/wp-json\/wp\/v2\/media\/28809"}],"wp:attachment":[{"href":"https:\/\/www.lasrosas.com.ar\/portal\/wp-json\/wp\/v2\/media?parent=28808"}],"wp:term":[{"taxonomy":"category","embeddable":true,"href":"https:\/\/www.lasrosas.com.ar\/portal\/wp-json\/wp\/v2\/categories?post=28808"},{"taxonomy":"post_tag","embeddable":true,"href":"https:\/\/www.lasrosas.com.ar\/portal\/wp-json\/wp\/v2\/tags?post=28808"}],"curies":[{"name":"wp","href":"https:\/\/api.w.org\/{rel}","templated":true}]}}