{"id":28800,"date":"2020-08-11T11:04:57","date_gmt":"2020-08-11T14:04:57","guid":{"rendered":"https:\/\/www.lasrosas.com.ar\/portal\/?p=28800"},"modified":"2020-08-11T11:04:57","modified_gmt":"2020-08-11T14:04:57","slug":"los-vuelos-de-cabotaje-no-volveran-hasta-noviembre","status":"publish","type":"post","link":"https:\/\/www.lasrosas.com.ar\/portal\/los-vuelos-de-cabotaje-no-volveran-hasta-noviembre\/","title":{"rendered":"LOS VUELOS DE CABOTAJE NO VOLVER\u00c1N HASTA NOVIEMBRE"},"content":{"rendered":"<p><em><strong>El ministro de Transporte ech\u00f3 hoy por tierra la posibilidad de que los vuelos de cabotaje retornen en septiembre, pese a que las aerol\u00edneas est\u00e1n vendiendo tickets a partir del primer d\u00eda del mes pr\u00f3ximo.\u00a0<\/strong><\/em><\/p>\n<p>Per\u00fa ya volvi\u00f3 a sus vuelos de cabotaje y en Chile y Brasil nunca se par\u00f3 totalmente la actividad a\u00e9rea comercial. Pero en Argentina los aviones no se volver\u00edan a poner en marcha hasta noviembre o -incluso- hasta que aparezca y se implemente una vacuna contra el COVID-19.<\/p>\n<p>En un Zoom ante m\u00e1s de 300 asistentes convocados por la\u00a0<strong>Fundaci\u00f3n Mediterr\u00e1nea<\/strong>,\u00a0<strong>Mario Meoni\u00a0<\/strong>dej\u00f3 un mar de dudas y fue tajante en una definici\u00f3n: los vuelos no volver\u00e1n fluidamente hasta que no se implemente una vacuna contra la pandemia.<\/p>\n<p>LE\u00c9 M\u00c1S EN <span style=\"color: #0000ff;\"><a style=\"color: #0000ff;\" href=\"https:\/\/infonegocios.info\/nota-principal\/meoni-los-vuelos-de-cabotaje-no-volveran-hasta-noviembre-incluso-podrian-no-volver-hasta-que-aparezca-una-vacuna\">INFONEGOCIOS<\/a><\/span><\/p>\n<!-- AddThis Advanced Settings generic via filter on the_content --><!-- AddThis Share Buttons generic via filter on the_content -->","protected":false},"excerpt":{"rendered":"<p>El ministro de Transporte ech\u00f3 hoy por tierra la posibilidad de que los vuelos de cabotaje retornen en septiembre, pese a que las aerol\u00edneas est\u00e1n vendiendo tickets a partir del primer d\u00eda del mes pr\u00f3ximo.\u00a0 Per\u00fa ya volvi\u00f3 a sus vuelos de cabotaje y en Chile y Brasil nunca se par\u00f3 totalmente la actividad a\u00e9rea [&hellip;]<!-- AddThis Advanced Settings generic via filter on get_the_excerpt --><!-- AddThis Share Buttons generic via filter on get_the_excerpt --><\/p>\n","protected":false},"author":6,"featured_media":28801,"comment_status":"closed","ping_status":"open","sticky":false,"template":"","format":"standard","meta":{"_acf_changed":false,"om_disable_all_campaigns":false,"_monsterinsights_skip_tracking":false,"_monsterinsights_sitenote_active":false,"_monsterinsights_sitenote_note":"","_monsterinsights_sitenote_category":0,"_uf_show_specific_survey":0,"_uf_disable_surveys":false,"footnotes":""},"categories":[375],"tags":[],"class_list":["post-28800","post","type-post","status-publish","format-standard","has-post-thumbnail","hentry","category-infonegocios"],"acf":[],"aioseo_notices":[],"_links":{"self":[{"href":"https:\/\/www.lasrosas.com.ar\/portal\/wp-json\/wp\/v2\/posts\/28800","targetHints":{"allow":["GET"]}}],"collection":[{"href":"https:\/\/www.lasrosas.com.ar\/portal\/wp-json\/wp\/v2\/posts"}],"about":[{"href":"https:\/\/www.lasrosas.com.ar\/portal\/wp-json\/wp\/v2\/types\/post"}],"author":[{"embeddable":true,"href":"https:\/\/www.lasrosas.com.ar\/portal\/wp-json\/wp\/v2\/users\/6"}],"replies":[{"embeddable":true,"href":"https:\/\/www.lasrosas.com.ar\/portal\/wp-json\/wp\/v2\/comments?post=28800"}],"version-history":[{"count":0,"href":"https:\/\/www.lasrosas.com.ar\/portal\/wp-json\/wp\/v2\/posts\/28800\/revisions"}],"wp:featuredmedia":[{"embeddable":true,"href":"https:\/\/www.lasrosas.com.ar\/portal\/wp-json\/wp\/v2\/media\/28801"}],"wp:attachment":[{"href":"https:\/\/www.lasrosas.com.ar\/portal\/wp-json\/wp\/v2\/media?parent=28800"}],"wp:term":[{"taxonomy":"category","embeddable":true,"href":"https:\/\/www.lasrosas.com.ar\/portal\/wp-json\/wp\/v2\/categories?post=28800"},{"taxonomy":"post_tag","embeddable":true,"href":"https:\/\/www.lasrosas.com.ar\/portal\/wp-json\/wp\/v2\/tags?post=28800"}],"curies":[{"name":"wp","href":"https:\/\/api.w.org\/{rel}","templated":true}]}}