{"id":28729,"date":"2020-08-07T14:26:17","date_gmt":"2020-08-07T17:26:17","guid":{"rendered":"https:\/\/www.lasrosas.com.ar\/portal\/?p=28729"},"modified":"2020-08-07T14:26:17","modified_gmt":"2020-08-07T17:26:17","slug":"ya-salio-papas-de-mau-y-ricky","status":"publish","type":"post","link":"https:\/\/www.lasrosas.com.ar\/portal\/ya-salio-papas-de-mau-y-ricky\/","title":{"rendered":"YA SALI\u00d3 \u00abPAP\u00c1S\u00bb DE MAU Y RICKY"},"content":{"rendered":"<p><strong><em>La nueva canci\u00f3n de los hijos de Ricardo Montaner ya sali\u00f3 a la luz y tiene m\u00e1s de 300 mil reproducciones en su canal de YouTube.<\/em><\/strong><\/p>\n<p>El videoclip en menos de 24 horas alcanz\u00f3 el tercer puesto en tendencias. El tema cuenta la historia de un breve repaso por el mejor momento de la \u00e9poca punk rock combinada con la \u00e9poca de m\u00fasica pop. Es la segunda canci\u00f3n que estrenan en este \u00faltimo tiempo ya que la primera fue \u00abBigger Love\u00bb, remix con John Legend .<\/p>\n<p>Previamente al lanzamiento de \u00abpap\u00e1s\u00bb, los artistas bromearon con un embarazo de sus novias (Sara y Stefi), muchos de sus fans se ilusionaron con la noticia pero no era nada mas que una nueva canci\u00f3n.<em>\u201cFamilia, este posiblemente es el momento m\u00e1s importante de nuestras vidas. Hasta ahora yo creo que no hemos dado un anuncio m\u00e1s bonito y m\u00e1s hermoso, y que nos est\u00e9 sucediendo al mismo tiempo creo que es hist\u00f3rico y parte de la magia de la vida<\/em>\u201d.- postearon en su cuenta de Instagram.<\/p>\n<p><iframe data-src=\"https:\/\/www.youtube.com\/embed\/LolKH0T8PI4\" width=\"560\" height=\"315\" frameborder=\"0\" allowfullscreen=\"allowfullscreen\" src=\"data:image\/svg+xml;base64,PHN2ZyB3aWR0aD0iMSIgaGVpZ2h0PSIxIiB4bWxucz0iaHR0cDovL3d3dy53My5vcmcvMjAwMC9zdmciPjwvc3ZnPg==\" class=\"lazyload\" data-load-mode=\"1\"><\/iframe><\/p>\n<!-- AddThis Advanced Settings generic via filter on the_content --><!-- AddThis Share Buttons generic via filter on the_content -->","protected":false},"excerpt":{"rendered":"<p>La nueva canci\u00f3n de los hijos de Ricardo Montaner ya sali\u00f3 a la luz y tiene m\u00e1s de 300 mil reproducciones en su canal de YouTube. El videoclip en menos de 24 horas alcanz\u00f3 el tercer puesto en tendencias. El tema cuenta la historia de un breve repaso por el mejor momento de la \u00e9poca [&hellip;]<!-- AddThis Advanced Settings generic via filter on get_the_excerpt --><!-- AddThis Share Buttons generic via filter on get_the_excerpt --><\/p>\n","protected":false},"author":6,"featured_media":28730,"comment_status":"closed","ping_status":"open","sticky":false,"template":"","format":"standard","meta":{"_acf_changed":false,"om_disable_all_campaigns":false,"_monsterinsights_skip_tracking":false,"_monsterinsights_sitenote_active":false,"_monsterinsights_sitenote_note":"","_monsterinsights_sitenote_category":0,"_uf_show_specific_survey":0,"_uf_disable_surveys":false,"footnotes":""},"categories":[234,100],"tags":[],"class_list":["post-28729","post","type-post","status-publish","format-standard","has-post-thumbnail","hentry","category-trend","category-noticias"],"acf":[],"aioseo_notices":[],"_links":{"self":[{"href":"https:\/\/www.lasrosas.com.ar\/portal\/wp-json\/wp\/v2\/posts\/28729","targetHints":{"allow":["GET"]}}],"collection":[{"href":"https:\/\/www.lasrosas.com.ar\/portal\/wp-json\/wp\/v2\/posts"}],"about":[{"href":"https:\/\/www.lasrosas.com.ar\/portal\/wp-json\/wp\/v2\/types\/post"}],"author":[{"embeddable":true,"href":"https:\/\/www.lasrosas.com.ar\/portal\/wp-json\/wp\/v2\/users\/6"}],"replies":[{"embeddable":true,"href":"https:\/\/www.lasrosas.com.ar\/portal\/wp-json\/wp\/v2\/comments?post=28729"}],"version-history":[{"count":0,"href":"https:\/\/www.lasrosas.com.ar\/portal\/wp-json\/wp\/v2\/posts\/28729\/revisions"}],"wp:featuredmedia":[{"embeddable":true,"href":"https:\/\/www.lasrosas.com.ar\/portal\/wp-json\/wp\/v2\/media\/28730"}],"wp:attachment":[{"href":"https:\/\/www.lasrosas.com.ar\/portal\/wp-json\/wp\/v2\/media?parent=28729"}],"wp:term":[{"taxonomy":"category","embeddable":true,"href":"https:\/\/www.lasrosas.com.ar\/portal\/wp-json\/wp\/v2\/categories?post=28729"},{"taxonomy":"post_tag","embeddable":true,"href":"https:\/\/www.lasrosas.com.ar\/portal\/wp-json\/wp\/v2\/tags?post=28729"}],"curies":[{"name":"wp","href":"https:\/\/api.w.org\/{rel}","templated":true}]}}