{"id":28478,"date":"2020-07-24T12:14:02","date_gmt":"2020-07-24T15:14:02","guid":{"rendered":"https:\/\/www.lasrosas.com.ar\/portal\/?p=28478"},"modified":"2020-07-24T12:14:02","modified_gmt":"2020-07-24T15:14:02","slug":"el-baile-viral-de-vinicius-celebrando-el-titulo-del-real-madrid","status":"publish","type":"post","link":"https:\/\/www.lasrosas.com.ar\/portal\/el-baile-viral-de-vinicius-celebrando-el-titulo-del-real-madrid\/","title":{"rendered":"EL BAILE VIRAL DE VINICIUS CELEBRANDO EL T\u00cdTULO DEL REAL MADRID"},"content":{"rendered":"<p><strong><em>El jugador brasilero es muy amigo de la red social \u00abTik Tok\u00bb y por supuesto, no pod\u00eda faltar un video festejando la conquista del titulo.<\/em><\/strong><\/p>\n<p>Vinicius el pasado jueves sum\u00f3 su tercer t\u00edtulo con la camiseta del Real Madrid. \u00daltimamente, el futbolista viene demasiado activo en sus redes ya que en su cuenta de Twitter cant\u00f3 el himno \u00abLa Decima\u00bb , en Instagram dej\u00f3 otro mensaje y por supuesto, en Tik Tok deb\u00eda hacer algo a\u00fan mejor y as\u00ed lo fue. No es la primera vez que sube videos a esta plataforma, ya que es muy activo y participativo con videos de humor o bailes. No pod\u00eda faltar y fue el caso de este \u00faltimo corto en donde mueve sus pies con gran estilo y por supuesto, festejando la conquista.<\/p>\n<p><iframe data-src=\"https:\/\/www.youtube.com\/embed\/tkxbMxDhq40\" width=\"560\" height=\"315\" frameborder=\"0\" allowfullscreen=\"allowfullscreen\" src=\"data:image\/svg+xml;base64,PHN2ZyB3aWR0aD0iMSIgaGVpZ2h0PSIxIiB4bWxucz0iaHR0cDovL3d3dy53My5vcmcvMjAwMC9zdmciPjwvc3ZnPg==\" class=\"lazyload\" data-load-mode=\"1\"><\/iframe><\/p>\n<!-- AddThis Advanced Settings generic via filter on the_content --><!-- AddThis Share Buttons generic via filter on the_content -->","protected":false},"excerpt":{"rendered":"<p>El jugador brasilero es muy amigo de la red social \u00abTik Tok\u00bb y por supuesto, no pod\u00eda faltar un video festejando la conquista del titulo. Vinicius el pasado jueves sum\u00f3 su tercer t\u00edtulo con la camiseta del Real Madrid. \u00daltimamente, el futbolista viene demasiado activo en sus redes ya que en su cuenta de Twitter [&hellip;]<!-- AddThis Advanced Settings generic via filter on get_the_excerpt --><!-- AddThis Share Buttons generic via filter on get_the_excerpt --><\/p>\n","protected":false},"author":6,"featured_media":28479,"comment_status":"closed","ping_status":"open","sticky":false,"template":"","format":"standard","meta":{"_acf_changed":false,"om_disable_all_campaigns":false,"_monsterinsights_skip_tracking":false,"_monsterinsights_sitenote_active":false,"_monsterinsights_sitenote_note":"","_monsterinsights_sitenote_category":0,"_uf_show_specific_survey":0,"_uf_disable_surveys":false,"footnotes":""},"categories":[234,100],"tags":[],"class_list":["post-28478","post","type-post","status-publish","format-standard","has-post-thumbnail","hentry","category-trend","category-noticias"],"acf":[],"aioseo_notices":[],"_links":{"self":[{"href":"https:\/\/www.lasrosas.com.ar\/portal\/wp-json\/wp\/v2\/posts\/28478","targetHints":{"allow":["GET"]}}],"collection":[{"href":"https:\/\/www.lasrosas.com.ar\/portal\/wp-json\/wp\/v2\/posts"}],"about":[{"href":"https:\/\/www.lasrosas.com.ar\/portal\/wp-json\/wp\/v2\/types\/post"}],"author":[{"embeddable":true,"href":"https:\/\/www.lasrosas.com.ar\/portal\/wp-json\/wp\/v2\/users\/6"}],"replies":[{"embeddable":true,"href":"https:\/\/www.lasrosas.com.ar\/portal\/wp-json\/wp\/v2\/comments?post=28478"}],"version-history":[{"count":0,"href":"https:\/\/www.lasrosas.com.ar\/portal\/wp-json\/wp\/v2\/posts\/28478\/revisions"}],"wp:featuredmedia":[{"embeddable":true,"href":"https:\/\/www.lasrosas.com.ar\/portal\/wp-json\/wp\/v2\/media\/28479"}],"wp:attachment":[{"href":"https:\/\/www.lasrosas.com.ar\/portal\/wp-json\/wp\/v2\/media?parent=28478"}],"wp:term":[{"taxonomy":"category","embeddable":true,"href":"https:\/\/www.lasrosas.com.ar\/portal\/wp-json\/wp\/v2\/categories?post=28478"},{"taxonomy":"post_tag","embeddable":true,"href":"https:\/\/www.lasrosas.com.ar\/portal\/wp-json\/wp\/v2\/tags?post=28478"}],"curies":[{"name":"wp","href":"https:\/\/api.w.org\/{rel}","templated":true}]}}