{"id":28015,"date":"2020-07-04T16:11:59","date_gmt":"2020-07-04T19:11:59","guid":{"rendered":"https:\/\/www.lasrosas.com.ar\/portal\/?p=28015"},"modified":"2020-07-03T17:36:30","modified_gmt":"2020-07-03T20:36:30","slug":"las-mas-leidas-de-la-semana-5","status":"publish","type":"post","link":"https:\/\/www.lasrosas.com.ar\/portal\/las-mas-leidas-de-la-semana-5\/","title":{"rendered":"LAS M\u00c1S LE\u00cdDAS DE LA SEMANA!"},"content":{"rendered":"<p><strong>1-JARI JONES, ES LA ACTRIZ TRANS DE LA NUEVA CAMPA\u00d1A DE CALVIN KLEIN:\u00a0<\/strong>\u00abBody Positive\u00bb es la tendencia que se est\u00e1 viendo y Jari decidi\u00f3 reafirmar sus luchas a trav\u00e9s de esta campa\u00f1a de CK. En el marco del mes del orgullo 2020 y bajo el lema\u00a0#ProudInMyCalvins, Jones es la elegida para encabezar esta c\u00e1psula. La actriz adem\u00e1s de reconocerse ella misma queer y lesbiana, est\u00e1 involucrada en la lucha contra el racismo y es partidaria del movimiento #BlackLivesMatter.<\/p>\n<p><img decoding=\"async\" class=\"aligncenter size-thumbnail wp-image-27962 lazyload\" data-src=\"https:\/\/www.lasrosas.com.ar\/portal\/wp-content\/uploads\/maxresdefault-32-640x480.jpg\" alt=\"\" width=\"640\" height=\"480\" src=\"data:image\/svg+xml;base64,PHN2ZyB3aWR0aD0iMSIgaGVpZ2h0PSIxIiB4bWxucz0iaHR0cDovL3d3dy53My5vcmcvMjAwMC9zdmciPjwvc3ZnPg==\" style=\"--smush-placeholder-width: 640px; --smush-placeholder-aspect-ratio: 640\/480;\" \/><\/p>\n<p><strong>2-VARIOS ARTISTAS SE UNEN PARA LUCHAR POR UN TRATAMIENTO IGUALITARIO CONTRA EL COVID-19:\u00a0<\/strong>\u00abNo dejar a nadie atr\u00e1s\u00bb- es el lema que utilizaron varias celebridades para pedir una igualdad de condiciones en cuanto a los tratamientos que se reciben para luchar contra el coronavirus. El pasado s\u00e1bado, una decena de artistas se han sumado al pedido de la organizaci\u00f3n \u00abGlobal Citizen\u00bb de lograr un desarrollo y una distribuci\u00f3n equitativa de tratamientos y vacunas contra el covid-19.<\/p>\n<p><img decoding=\"async\" class=\"aligncenter size-thumbnail wp-image-27895 lazyload\" data-src=\"https:\/\/www.lasrosas.com.ar\/portal\/wp-content\/uploads\/dwayne-johnson-attends-the-jumanji-the-next-level-uk-film-news-photo-1575726701-640x480.jpg\" alt=\"\" width=\"640\" height=\"480\" src=\"data:image\/svg+xml;base64,PHN2ZyB3aWR0aD0iMSIgaGVpZ2h0PSIxIiB4bWxucz0iaHR0cDovL3d3dy53My5vcmcvMjAwMC9zdmciPjwvc3ZnPg==\" style=\"--smush-placeholder-width: 640px; --smush-placeholder-aspect-ratio: 640\/480;\" \/><\/p>\n<p><strong>3-REVIVIENDO BUENOS MOMENTOS DE FRIENDS! NO TE PIERDAS ESTE VIDEO:\u00a0<\/strong>Jennifer Aniston y Lisa Kudrow realizaron una charla en el programa \u00abVariety\u00bb y recordaron buenos momentos en Friends. \u00abVariety\u00bb tiene un nuevo espacio llamado \u00abActors On Actors\u00bb en donde los invitados interactuan y nos cuentan sobre sus proyectos personales a futuro. En este caso, las invitadas fueron Rachel Green y Phoebe Buffay de Friends.<\/p>\n<p><img decoding=\"async\" class=\"size-thumbnail wp-image-27916 lazyload\" data-src=\"https:\/\/www.lasrosas.com.ar\/portal\/wp-content\/uploads\/jennifer-aniston-lisa-kudrow-640x480.jpg\" alt=\"\" width=\"640\" height=\"480\" src=\"data:image\/svg+xml;base64,PHN2ZyB3aWR0aD0iMSIgaGVpZ2h0PSIxIiB4bWxucz0iaHR0cDovL3d3dy53My5vcmcvMjAwMC9zdmciPjwvc3ZnPg==\" style=\"--smush-placeholder-width: 640px; --smush-placeholder-aspect-ratio: 640\/480;\" \/><\/p>\n<p><strong>4-SE CASA PICO M\u00d3NACO!:\u00a0<\/strong>El tenista argentino le propuso casamiento a su joven novia, Diana Arnopoulos y lo compartieron con sus seguidores.\u00a0<em>\u00abQuiero pasar el resto de mi vida con vos\u00bb<\/em>\u2013 Public\u00f3 Pico M\u00f3naco en su cuenta de Instagram junto a una foto de ellos juntos y por su lado, Diana subi\u00f3 una imagen con su anillo de compromiso y con la frase:\u00a0<em>\u201cS\u00ed, quiero pasar el resto de mi vida con vos\u201d.\u00a0<\/em><\/p>\n<p><img decoding=\"async\" class=\"aligncenter size-thumbnail wp-image-27875 lazyload\" data-src=\"https:\/\/www.lasrosas.com.ar\/portal\/wp-content\/uploads\/81360036_530444440883656_6596393558471009915_n-640x480.jpg\" alt=\"\" width=\"640\" height=\"480\" src=\"data:image\/svg+xml;base64,PHN2ZyB3aWR0aD0iMSIgaGVpZ2h0PSIxIiB4bWxucz0iaHR0cDovL3d3dy53My5vcmcvMjAwMC9zdmciPjwvc3ZnPg==\" style=\"--smush-placeholder-width: 640px; --smush-placeholder-aspect-ratio: 640\/480;\" \/><\/p>\n<p><strong>5-LA PRIMER MODELO CON SINDROME DE DOWN DE GUCCI:<\/strong> Ellie Goldstein fue elegida para la nueva campa\u00f1a de la reconocida marca de ropa, Gucci.\u00a0Ellie tiene 18 a\u00f1os y es la primer modelo en participar de esta firma a trav\u00e9s de la campa\u00f1a nueva de la m\u00e1scara de pesta\u00f1as\u00a0\u2018L\u2019Obscur\u2019. Para el mundo de la moda y para la misma marca Gucci, es un nuevo paso en el camino de la inclusi\u00f3n y de romper con cualquier tipo de barrera estereotipada que antes nos marcaban.<\/p>\n<p><img decoding=\"async\" class=\"aligncenter size-thumbnail wp-image-28011 lazyload\" data-src=\"https:\/\/www.lasrosas.com.ar\/portal\/wp-content\/uploads\/08707c_c7da9177200d458fbff1dfdbb3bc2670_mv2-e1593802359751-640x480.jpg\" alt=\"\" width=\"640\" height=\"480\" src=\"data:image\/svg+xml;base64,PHN2ZyB3aWR0aD0iMSIgaGVpZ2h0PSIxIiB4bWxucz0iaHR0cDovL3d3dy53My5vcmcvMjAwMC9zdmciPjwvc3ZnPg==\" style=\"--smush-placeholder-width: 640px; --smush-placeholder-aspect-ratio: 640\/480;\" \/><\/p>\n<!-- AddThis Advanced Settings generic via filter on the_content --><!-- AddThis Share Buttons generic via filter on the_content -->","protected":false},"excerpt":{"rendered":"<p>1-JARI JONES, ES LA ACTRIZ TRANS DE LA NUEVA CAMPA\u00d1A DE CALVIN KLEIN:\u00a0\u00abBody Positive\u00bb es la tendencia que se est\u00e1 viendo y Jari decidi\u00f3 reafirmar sus luchas a trav\u00e9s de esta campa\u00f1a de CK. En el marco del mes del orgullo 2020 y bajo el lema\u00a0#ProudInMyCalvins, Jones es la elegida para encabezar esta c\u00e1psula. La [&hellip;]<!-- AddThis Advanced Settings generic via filter on get_the_excerpt --><!-- AddThis Share Buttons generic via filter on get_the_excerpt --><\/p>\n","protected":false},"author":6,"featured_media":28016,"comment_status":"closed","ping_status":"open","sticky":false,"template":"","format":"standard","meta":{"_acf_changed":false,"om_disable_all_campaigns":false,"_monsterinsights_skip_tracking":false,"_monsterinsights_sitenote_active":false,"_monsterinsights_sitenote_note":"","_monsterinsights_sitenote_category":0,"_uf_show_specific_survey":0,"_uf_disable_surveys":false,"footnotes":""},"categories":[234,100],"tags":[],"class_list":["post-28015","post","type-post","status-publish","format-standard","has-post-thumbnail","hentry","category-trend","category-noticias"],"acf":[],"aioseo_notices":[],"_links":{"self":[{"href":"https:\/\/www.lasrosas.com.ar\/portal\/wp-json\/wp\/v2\/posts\/28015","targetHints":{"allow":["GET"]}}],"collection":[{"href":"https:\/\/www.lasrosas.com.ar\/portal\/wp-json\/wp\/v2\/posts"}],"about":[{"href":"https:\/\/www.lasrosas.com.ar\/portal\/wp-json\/wp\/v2\/types\/post"}],"author":[{"embeddable":true,"href":"https:\/\/www.lasrosas.com.ar\/portal\/wp-json\/wp\/v2\/users\/6"}],"replies":[{"embeddable":true,"href":"https:\/\/www.lasrosas.com.ar\/portal\/wp-json\/wp\/v2\/comments?post=28015"}],"version-history":[{"count":0,"href":"https:\/\/www.lasrosas.com.ar\/portal\/wp-json\/wp\/v2\/posts\/28015\/revisions"}],"wp:featuredmedia":[{"embeddable":true,"href":"https:\/\/www.lasrosas.com.ar\/portal\/wp-json\/wp\/v2\/media\/28016"}],"wp:attachment":[{"href":"https:\/\/www.lasrosas.com.ar\/portal\/wp-json\/wp\/v2\/media?parent=28015"}],"wp:term":[{"taxonomy":"category","embeddable":true,"href":"https:\/\/www.lasrosas.com.ar\/portal\/wp-json\/wp\/v2\/categories?post=28015"},{"taxonomy":"post_tag","embeddable":true,"href":"https:\/\/www.lasrosas.com.ar\/portal\/wp-json\/wp\/v2\/tags?post=28015"}],"curies":[{"name":"wp","href":"https:\/\/api.w.org\/{rel}","templated":true}]}}