{"id":28000,"date":"2020-07-03T15:29:42","date_gmt":"2020-07-03T18:29:42","guid":{"rendered":"https:\/\/www.lasrosas.com.ar\/portal\/?p=28000"},"modified":"2020-07-03T15:29:42","modified_gmt":"2020-07-03T18:29:42","slug":"lo-que-tenes-que-saber-de-las-arrugas-del-sueno","status":"publish","type":"post","link":"https:\/\/www.lasrosas.com.ar\/portal\/lo-que-tenes-que-saber-de-las-arrugas-del-sueno\/","title":{"rendered":"LO QUE TENES QUE SABER DE LAS ARRUGAS DEL SUE\u00d1O"},"content":{"rendered":"<p><strong><em>El ser humano respira, come y bebe con un mismo prop\u00f3sito: brindarle ox\u00edgeno, agua y nutrientes a las c\u00e9lulas que constituyen los \u00f3rganos, para que puedan funcionar correctamente. \u201cLa piel est\u00e1 compuesta por 20 millones de c\u00e9lulas; de todas maneras, a pesar de ser el mayor \u00f3rgano vital, es el \u00faltimo en recibir oxigenaci\u00f3n y alimentaci\u00f3n. Por esta raz\u00f3n, es muy importante el rol de los tratamientos externos que se le puedan aportar\u201d cuenta Emanuel Lencina, trainer y makeup artist de Guerlain Argentina.<\/em><\/strong><\/p>\n<p>Una de las tem\u00e1ticas que trae preocupaci\u00f3n entre mujeres y hombres son las arrugas que, naturalmente, acompa\u00f1an el proceso de envejecimiento. Si bien la gen\u00e9tica determina la estructura y textura de la dermis, con el paso de los a\u00f1os, \u00e9sta se torna menos el\u00e1stica y, en consecuencia, m\u00e1s fr\u00e1gil.<\/p>\n<p>Es un hecho que una de cada dos mujeres no duerme lo suficiente y una de cada tres tiene problemas para conciliar el sue\u00f1o. La falta del mismo es un padecimiento que empeora la calidad de la piel, ya que el dormir es una fuente de regeneraci\u00f3n esencial. Esto junto a lo anterior, conforma una combinaci\u00f3n que atenta contra la piel y la hace vulnerable frente al paso del tiempo.<\/p>\n\r\n\t\t<style type='text\/css'>\r\n\t\t\t#gallery-1 {\r\n\t\t\t\tmargin: auto;\r\n\t\t\t}\r\n\t\t\t#gallery-1 .gallery-item {\r\n\t\t\t\tfloat: left;\r\n\t\t\t\tmargin-top: 10px;\r\n\t\t\t\ttext-align: center;\r\n\t\t\t\twidth: 50%;\r\n\t\t\t}\r\n\t\t\t#gallery-1 img {\r\n\t\t\t\tborder: 2px solid #cfcfcf;\r\n\t\t\t}\r\n\t\t\t#gallery-1 .gallery-caption {\r\n\t\t\t\tmargin-left: 0;\r\n\t\t\t}\r\n\t\t<\/style>\r\n\t\t<!-- see gallery_shortcode() in wp-includes\/media.php -->\n\t\t<div id='gallery-1' class='gallery galleryid-28000 gallery-columns-2 gallery-size-medium gallery1'><script type=\"text\/javascript\">\r\n\/\/ <![CDATA[\r\n\tjQuery(document).ready(function () {\r\n\t\tjQuery(\".gallery1 a\").attr(\"rel\",\"gallery1\");\t\r\n\t\tjQuery('a[rel=\"gallery1\"]').colorbox({maxWidth:\"95%\", maxHeight:\"95%\",title: function(){ return jQuery(this).children().attr(\"alt\"); }, });\r\n\t});\r\n\/\/ ]]>\r\n<\/script>\n<dl class=\"gallery-item\">\n<dt class=\"gallery-icon\">\r\n<a href=\"https:\/\/www.lasrosas.com.ar\/portal\/wp-content\/uploads\/Guerlain-2.jpg\" title=\"\" rel=\"gallery1\"><img decoding=\"async\" data-src=\"https:\/\/www.lasrosas.com.ar\/portal\/wp-content\/uploads\/Guerlain-2-757x960.jpg\" width=\"757\" height=\"960\" alt=\"\" src=\"data:image\/svg+xml;base64,PHN2ZyB3aWR0aD0iMSIgaGVpZ2h0PSIxIiB4bWxucz0iaHR0cDovL3d3dy53My5vcmcvMjAwMC9zdmciPjwvc3ZnPg==\" class=\"lazyload\" style=\"--smush-placeholder-width: 757px; --smush-placeholder-aspect-ratio: 757\/960;\" \/><\/a>\r\n<\/dt><\/dl><dl class=\"gallery-item\">\n<dt class=\"gallery-icon\">\r\n<a href=\"https:\/\/www.lasrosas.com.ar\/portal\/wp-content\/uploads\/guerlain_ORIM20-404_CMJN-1483x1920.jpg\" title=\"\" rel=\"gallery1\"><img decoding=\"async\" data-src=\"https:\/\/www.lasrosas.com.ar\/portal\/wp-content\/uploads\/guerlain_ORIM20-404_CMJN-741x960.jpg\" width=\"741\" height=\"960\" alt=\"\" src=\"data:image\/svg+xml;base64,PHN2ZyB3aWR0aD0iMSIgaGVpZ2h0PSIxIiB4bWxucz0iaHR0cDovL3d3dy53My5vcmcvMjAwMC9zdmciPjwvc3ZnPg==\" class=\"lazyload\" style=\"--smush-placeholder-width: 741px; --smush-placeholder-aspect-ratio: 741\/960;\" \/><\/a>\r\n<\/dt><\/dl><br style=\"clear: both\" \/>\r\n\t\t<\/div>\n\n<p>\u201cLa noche se convierte en un per\u00edodo de calma que no se debe descuidar. La escasez de sue\u00f1o acelera el envejecimiento cut\u00e1neo en mujeres y hombres sin importar edad porque afecta su reparaci\u00f3n, hecho que cobra m\u00e1s importancia al final del d\u00eda\u201d comenta Lencina.<\/p>\n<p>\u00bfLas consecuencias? Tez apagada, ojeras, arrugas y l\u00edneas de expresi\u00f3n y cansancio. A estas \u00faltimas, se les han sumado nuevas aliadas \u201carrugas del sue\u00f1o o verticales\u201d; las cuales son generadas por la hipoxia, es decir, la falta de ox\u00edgeno durante la noche.<\/p>\n<p>\u201cLa hipoxia, que tiene su momento \u00e1lgido a las 22:00hs, le impide a la dermis regenerarse de forma \u00f3ptima. Adem\u00e1s, este fen\u00f3meno se agrava por la fuerza de la presi\u00f3n ejercida sobre la cara a causa de la posici\u00f3n horizontal al dormir. La compresi\u00f3n del rostro contra la almohada permite que la microcirculaci\u00f3n cut\u00e1nea se vuelva peor y el aporte de ox\u00edgeno inferior. Adem\u00e1s, se genera el estancamiento de fluidos que provocan las hinchazones de la cara que se constatan al despertar\u201d explica el especialista de <em>Guerlain<\/em>.<\/p>\n<p>Un dato a tener en cuenta es que las c\u00e9lulas cut\u00e1neas no duermen nunca y no viven de igual forma durante el transcurso del d\u00eda. A la ma\u00f1ana y a la tarde, la piel sufre agresiones como son el polvo, rayos UV, estr\u00e9s y contaminaci\u00f3n; mientras que a la noche, la dermis precisa calma y descanso porque vuelve a sincronizarse y regenerarse para afrontar una pr\u00f3xima jornada. \u201cLa actividad de las c\u00e9lulas sigue un ritmo biol\u00f3gico de 24 horas que les es propio\u201d aporta Lencina.<\/p>\n<p>Para combatir los signos del envejecimiento \u00abnocturno\u00bb, <em>Guerlain<\/em> ha concebido un ritual de noche que se conoce bajo el nombre de <em>Orchid\u00e9e Imp\u00e9riale<\/em>: est\u00e1 compuesto por un <em>s\u00e9rum<\/em> de noche y el <em>L-Roller<\/em>, una herramienta de masaje. Al despertar, las arrugas del sue\u00f1o e hinchaz\u00f3n facial estar\u00e1n visiblemente atenuadas.<\/p>\n<!-- AddThis Advanced Settings generic via filter on the_content --><!-- AddThis Share Buttons generic via filter on the_content -->","protected":false},"excerpt":{"rendered":"<p>El ser humano respira, come y bebe con un mismo prop\u00f3sito: brindarle ox\u00edgeno, agua y nutrientes a las c\u00e9lulas que constituyen los \u00f3rganos, para que puedan funcionar correctamente. \u201cLa piel est\u00e1 compuesta por 20 millones de c\u00e9lulas; de todas maneras, a pesar de ser el mayor \u00f3rgano vital, es el \u00faltimo en recibir oxigenaci\u00f3n y [&hellip;]<!-- AddThis Advanced Settings generic via filter on get_the_excerpt --><!-- AddThis Share Buttons generic via filter on get_the_excerpt --><\/p>\n","protected":false},"author":6,"featured_media":28003,"comment_status":"closed","ping_status":"open","sticky":false,"template":"","format":"standard","meta":{"_acf_changed":false,"om_disable_all_campaigns":false,"_monsterinsights_skip_tracking":false,"_monsterinsights_sitenote_active":false,"_monsterinsights_sitenote_note":"","_monsterinsights_sitenote_category":0,"_uf_show_specific_survey":0,"_uf_disable_surveys":false,"footnotes":""},"categories":[376],"tags":[],"class_list":["post-28000","post","type-post","status-publish","format-standard","has-post-thumbnail","hentry","category-lifestyle"],"acf":[],"aioseo_notices":[],"_links":{"self":[{"href":"https:\/\/www.lasrosas.com.ar\/portal\/wp-json\/wp\/v2\/posts\/28000","targetHints":{"allow":["GET"]}}],"collection":[{"href":"https:\/\/www.lasrosas.com.ar\/portal\/wp-json\/wp\/v2\/posts"}],"about":[{"href":"https:\/\/www.lasrosas.com.ar\/portal\/wp-json\/wp\/v2\/types\/post"}],"author":[{"embeddable":true,"href":"https:\/\/www.lasrosas.com.ar\/portal\/wp-json\/wp\/v2\/users\/6"}],"replies":[{"embeddable":true,"href":"https:\/\/www.lasrosas.com.ar\/portal\/wp-json\/wp\/v2\/comments?post=28000"}],"version-history":[{"count":0,"href":"https:\/\/www.lasrosas.com.ar\/portal\/wp-json\/wp\/v2\/posts\/28000\/revisions"}],"wp:featuredmedia":[{"embeddable":true,"href":"https:\/\/www.lasrosas.com.ar\/portal\/wp-json\/wp\/v2\/media\/28003"}],"wp:attachment":[{"href":"https:\/\/www.lasrosas.com.ar\/portal\/wp-json\/wp\/v2\/media?parent=28000"}],"wp:term":[{"taxonomy":"category","embeddable":true,"href":"https:\/\/www.lasrosas.com.ar\/portal\/wp-json\/wp\/v2\/categories?post=28000"},{"taxonomy":"post_tag","embeddable":true,"href":"https:\/\/www.lasrosas.com.ar\/portal\/wp-json\/wp\/v2\/tags?post=28000"}],"curies":[{"name":"wp","href":"https:\/\/api.w.org\/{rel}","templated":true}]}}