{"id":27505,"date":"2020-06-11T17:54:55","date_gmt":"2020-06-11T20:54:55","guid":{"rendered":"https:\/\/www.lasrosas.com.ar\/portal\/?p=27505"},"modified":"2020-06-11T17:54:55","modified_gmt":"2020-06-11T20:54:55","slug":"las-celebridades-que-subastan-fotos-exclusivas","status":"publish","type":"post","link":"https:\/\/www.lasrosas.com.ar\/portal\/las-celebridades-que-subastan-fotos-exclusivas\/","title":{"rendered":"LAS CELEBRIDADES QUE SUBASTAN FOTOS EXCLUSIVAS!!!"},"content":{"rendered":"<p><em><strong>Desde Jennifer Aniston, Brad Pitt, Leonardo DiCaprio a Kurt Cobain. Todas las fotos emblematicas que se subastaran para juntar fondos para la lucha contra el covid-19.<\/strong><\/em><\/p>\n<p>La subasta se llevara a cabo a trav\u00e9s de la web de Christie&#8217;s (\u00a0www.christies.com) de los originales de algunas de las fotograf\u00edas m\u00e1s ic\u00f3nicas de Mark Seliger, un artista que ha fotografiado desde Barack Obama a Billie Eilish.\u00a0Mark y la asociaci\u00f3n\u00a0RAD (Red Carpet Advocacy)\u00a0han sido los encargados de organizar esta venta virtual para colaborar con las organizaciones que est\u00e1n en la constante lucha del coronavirus.<\/p>\n<p>La primera en subir a su cuenta de Instagram acerca de la subasta, fue Jennifer Aniston quien anunci\u00f3 el comienzo de esta puja. En los comentarios podemos ver que el propio Seliger, comenta y cuenta sobre su experiencia con la actriz.<em>\u00a0\u201cCuando fotografi\u00e9 por primera vez el elenco de\u00a0Friends, supe que esta persona llamada Jennifer Aniston iba a ser una gran, gran estrella y un nombre muy conocido. Ella ten\u00eda esta incre\u00edble belleza y energ\u00eda positiva sobre ella. Se quedaba en tus recuerdos, era como alguien a quien que conoc\u00edas o desear\u00edas conocer. Tengo que decir que esa persona que conoc\u00ed hace 25 a\u00f1os sigue siendo la persona que conozco hoy. A lo largo de los a\u00f1os trabajando con ella, la encuentro tan encantadora como la primera vez que la conoc\u00ed. El 100% de los ingresos de este retrato ir\u00e1 directamente a Naf Clinics\u201d<\/em><\/p>\n<p><strong>Jennifer Aniston<\/strong><\/p>\n<p><img decoding=\"async\" class=\"aligncenter size-thumbnail wp-image-27506 lazyload\" data-src=\"https:\/\/www.lasrosas.com.ar\/portal\/wp-content\/uploads\/JENNIFER-ANISTON-640x480.jpg\" alt=\"\" width=\"640\" height=\"480\" src=\"data:image\/svg+xml;base64,PHN2ZyB3aWR0aD0iMSIgaGVpZ2h0PSIxIiB4bWxucz0iaHR0cDovL3d3dy53My5vcmcvMjAwMC9zdmciPjwvc3ZnPg==\" style=\"--smush-placeholder-width: 640px; --smush-placeholder-aspect-ratio: 640\/480;\" \/><\/p>\n<p><strong>Barack Obama<\/strong><\/p>\n<p><img decoding=\"async\" class=\"aligncenter size-thumbnail wp-image-27507 lazyload\" data-src=\"https:\/\/www.lasrosas.com.ar\/portal\/wp-content\/uploads\/descarga-1-8-640x480.jpg\" alt=\"\" width=\"640\" height=\"480\" src=\"data:image\/svg+xml;base64,PHN2ZyB3aWR0aD0iMSIgaGVpZ2h0PSIxIiB4bWxucz0iaHR0cDovL3d3dy53My5vcmcvMjAwMC9zdmciPjwvc3ZnPg==\" style=\"--smush-placeholder-width: 640px; --smush-placeholder-aspect-ratio: 640\/480;\" \/><\/p>\n<p><strong>Brad Pitt<\/strong><\/p>\n<div id=\"attachment_27508\" style=\"width: 650px\" class=\"wp-caption aligncenter\"><img decoding=\"async\" aria-describedby=\"caption-attachment-27508\" class=\"size-thumbnail wp-image-27508 lazyload\" data-src=\"https:\/\/www.lasrosas.com.ar\/portal\/wp-content\/uploads\/BRAD_1591459734-640x480.jpg\" alt=\"\" width=\"640\" height=\"480\" src=\"data:image\/svg+xml;base64,PHN2ZyB3aWR0aD0iMSIgaGVpZ2h0PSIxIiB4bWxucz0iaHR0cDovL3d3dy53My5vcmcvMjAwMC9zdmciPjwvc3ZnPg==\" style=\"--smush-placeholder-width: 640px; --smush-placeholder-aspect-ratio: 640\/480;\" \/><p id=\"caption-attachment-27508\" class=\"wp-caption-text\">Mark Seliger images to benefit Cover charities&#8211;use with permission. do not crop or alter<br \/>Title: Brad Pitt, Humboldt, CA, 2014<br \/>Date image was Photographed: August 12, 2014<br \/>PROPERTY TO BENEFIT: Meals on Wheels<br \/>Charity Details: https:\/\/www.mealsonwheelsamerica.org\/ IG: @mealsonwheelsamerica Publication info: Details Magazine, November 2014 issue<\/p><\/div>\n<p><strong>Billie Eilish<\/strong><\/p>\n<p><img decoding=\"async\" class=\"aligncenter size-thumbnail wp-image-27509 lazyload\" data-src=\"https:\/\/www.lasrosas.com.ar\/portal\/wp-content\/uploads\/descarga-21-640x480.jpg\" alt=\"\" width=\"640\" height=\"480\" src=\"data:image\/svg+xml;base64,PHN2ZyB3aWR0aD0iMSIgaGVpZ2h0PSIxIiB4bWxucz0iaHR0cDovL3d3dy53My5vcmcvMjAwMC9zdmciPjwvc3ZnPg==\" style=\"--smush-placeholder-width: 640px; --smush-placeholder-aspect-ratio: 640\/480;\" \/><\/p>\n<p><strong>Jennifer Lopez<\/strong><\/p>\n<div id=\"attachment_27510\" style=\"width: 650px\" class=\"wp-caption aligncenter\"><img decoding=\"async\" aria-describedby=\"caption-attachment-27510\" class=\"size-thumbnail wp-image-27510 lazyload\" data-src=\"https:\/\/www.lasrosas.com.ar\/portal\/wp-content\/uploads\/jennifer_1591459734-640x480.jpg\" alt=\"\" width=\"640\" height=\"480\" src=\"data:image\/svg+xml;base64,PHN2ZyB3aWR0aD0iMSIgaGVpZ2h0PSIxIiB4bWxucz0iaHR0cDovL3d3dy53My5vcmcvMjAwMC9zdmciPjwvc3ZnPg==\" style=\"--smush-placeholder-width: 640px; --smush-placeholder-aspect-ratio: 640\/480;\" \/><p id=\"caption-attachment-27510\" class=\"wp-caption-text\">Mark Seliger images to benefit Cover charities&#8211;use with permission. do not crop or alter<br \/>Title: Jennifer Lopez, New York, NY, 2000<br \/>Date image was Photographed: September 25, 2000<br \/>PROPERTY TO BENEFIT: America\u2019s Food Fund<br \/>Charity Details: https:\/\/www.americasfoodfund.org\/ IG: @americasfoodfund<br \/>Publication info: Rolling Stone Feb 15, 2001 cover shoot, shot in Mark\u2019s studio in New York, NY<\/p><\/div>\n<p><strong>Leo DiCaprio<\/strong><\/p>\n<p><img decoding=\"async\" class=\"aligncenter wp-image-27511 size-thumbnail lazyload\" data-src=\"https:\/\/www.lasrosas.com.ar\/portal\/wp-content\/uploads\/feed_subasta3-1-640x480.png\" alt=\"\" width=\"640\" height=\"480\" src=\"data:image\/svg+xml;base64,PHN2ZyB3aWR0aD0iMSIgaGVpZ2h0PSIxIiB4bWxucz0iaHR0cDovL3d3dy53My5vcmcvMjAwMC9zdmciPjwvc3ZnPg==\" style=\"--smush-placeholder-width: 640px; --smush-placeholder-aspect-ratio: 640\/480;\" \/><\/p>\n<!-- AddThis Advanced Settings generic via filter on the_content --><!-- AddThis Share Buttons generic via filter on the_content -->","protected":false},"excerpt":{"rendered":"<p>Desde Jennifer Aniston, Brad Pitt, Leonardo DiCaprio a Kurt Cobain. Todas las fotos emblematicas que se subastaran para juntar fondos para la lucha contra el covid-19. La subasta se llevara a cabo a trav\u00e9s de la web de Christie&#8217;s (\u00a0www.christies.com) de los originales de algunas de las fotograf\u00edas m\u00e1s ic\u00f3nicas de Mark Seliger, un artista [&hellip;]<!-- AddThis Advanced Settings generic via filter on get_the_excerpt --><!-- AddThis Share Buttons generic via filter on get_the_excerpt --><\/p>\n","protected":false},"author":6,"featured_media":27512,"comment_status":"closed","ping_status":"open","sticky":false,"template":"","format":"standard","meta":{"_acf_changed":false,"om_disable_all_campaigns":false,"_monsterinsights_skip_tracking":false,"_monsterinsights_sitenote_active":false,"_monsterinsights_sitenote_note":"","_monsterinsights_sitenote_category":0,"_uf_show_specific_survey":0,"_uf_disable_surveys":false,"footnotes":""},"categories":[234,100],"tags":[],"class_list":["post-27505","post","type-post","status-publish","format-standard","has-post-thumbnail","hentry","category-trend","category-noticias"],"acf":[],"aioseo_notices":[],"_links":{"self":[{"href":"https:\/\/www.lasrosas.com.ar\/portal\/wp-json\/wp\/v2\/posts\/27505","targetHints":{"allow":["GET"]}}],"collection":[{"href":"https:\/\/www.lasrosas.com.ar\/portal\/wp-json\/wp\/v2\/posts"}],"about":[{"href":"https:\/\/www.lasrosas.com.ar\/portal\/wp-json\/wp\/v2\/types\/post"}],"author":[{"embeddable":true,"href":"https:\/\/www.lasrosas.com.ar\/portal\/wp-json\/wp\/v2\/users\/6"}],"replies":[{"embeddable":true,"href":"https:\/\/www.lasrosas.com.ar\/portal\/wp-json\/wp\/v2\/comments?post=27505"}],"version-history":[{"count":0,"href":"https:\/\/www.lasrosas.com.ar\/portal\/wp-json\/wp\/v2\/posts\/27505\/revisions"}],"wp:featuredmedia":[{"embeddable":true,"href":"https:\/\/www.lasrosas.com.ar\/portal\/wp-json\/wp\/v2\/media\/27512"}],"wp:attachment":[{"href":"https:\/\/www.lasrosas.com.ar\/portal\/wp-json\/wp\/v2\/media?parent=27505"}],"wp:term":[{"taxonomy":"category","embeddable":true,"href":"https:\/\/www.lasrosas.com.ar\/portal\/wp-json\/wp\/v2\/categories?post=27505"},{"taxonomy":"post_tag","embeddable":true,"href":"https:\/\/www.lasrosas.com.ar\/portal\/wp-json\/wp\/v2\/tags?post=27505"}],"curies":[{"name":"wp","href":"https:\/\/api.w.org\/{rel}","templated":true}]}}