{"id":27357,"date":"2020-06-04T16:34:14","date_gmt":"2020-06-04T19:34:14","guid":{"rendered":"https:\/\/www.lasrosas.com.ar\/portal\/?p=27357"},"modified":"2020-06-04T16:34:14","modified_gmt":"2020-06-04T19:34:14","slug":"una-nueva-polemica-tras-los-posteos-de-algunas-famosas-en-cuanto-al-racismo","status":"publish","type":"post","link":"https:\/\/www.lasrosas.com.ar\/portal\/una-nueva-polemica-tras-los-posteos-de-algunas-famosas-en-cuanto-al-racismo\/","title":{"rendered":"UNA NUEVA POL\u00c9MICA TRAS LOS POSTEOS DE ALGUNAS FAMOSAS EN CUANTO AL RACISMO"},"content":{"rendered":"<p><strong><em>Como comentamos en los pasados d\u00edas de la criticada imagen que subi\u00f3 Liz Solari, hoy los seguidores apuntaron fuertemente contra Calu Rivero.<\/em><\/strong><\/p>\n<p>Debido a los hechos ocurridos en Minnesota de racismo y la lucha que lleva d\u00edas para lograr una concientizacion mundial y defender los derechos de todas las personas, diferentes celebridades han posteado im\u00e1genes para llegar a sus seguidores. Tal es el caso ahora de Calu Rivero quien public\u00f3 en su cuenta de Instagram, una foto con uno de sus amigos afroamericanos con quien tambien comparti\u00f3 una campa\u00f1a pasada. Rapidamente, algunos de los seguidores no lo tomaron bien y comenzaron a realizar comentarios como:\u00a0\u201cCalu Rivero: \u2018Holis, miren tengo amigos afroamericanos. No soy racista\u2019. \u00bfCon qu\u00e9 necesidad?\u201d- v\u00eda twitter.\u00a0\u201cCalu Rivero colg\u00e1ndose del momento dram\u00e1tico que vive el mundo nos dice que ella est\u00e1 m\u00e1s all\u00e1 de toda discriminaci\u00f3n.\u00bb<\/p>\n<p>&nbsp;<\/p>\n<blockquote class=\"instagram-media\" style=\"background: #FFF; border: 0; border-radius: 3px; box-shadow: 0 0 1px 0 rgba(0,0,0,0.5),0 1px 10px 0 rgba(0,0,0,0.15); margin: 1px; max-width: 540px; min-width: 326px; padding: 0; width: calc(100% - 2px);\" data-instgrm-captioned=\"\" data-instgrm-permalink=\"https:\/\/www.instagram.com\/p\/CA8heL_DlYl\/?utm_source=ig_embed&amp;utm_campaign=loading\" data-instgrm-version=\"12\">\n<div style=\"padding: 16px;\">\n<p>&nbsp;<\/p>\n<div style=\"display: flex; flex-direction: row; align-items: center;\">\n<div style=\"background-color: #f4f4f4; border-radius: 50%; flex-grow: 0; height: 40px; margin-right: 14px; width: 40px;\"><\/div>\n<div style=\"display: flex; flex-direction: column; flex-grow: 1; justify-content: center;\">\n<div style=\"background-color: #f4f4f4; border-radius: 4px; flex-grow: 0; height: 14px; margin-bottom: 6px; width: 100px;\"><\/div>\n<div style=\"background-color: #f4f4f4; border-radius: 4px; flex-grow: 0; height: 14px; width: 60px;\"><\/div>\n<\/div>\n<\/div>\n<div style=\"padding: 19% 0;\"><\/div>\n<div style=\"display: block; height: 50px; margin: 0 auto 12px; width: 50px;\"><\/div>\n<div style=\"padding-top: 8px;\">\n<div style=\"color: #3897f0; font-family: Arial,sans-serif; font-size: 14px; font-style: normal; font-weight: 550; line-height: 18px;\">Ver esta publicaci\u00f3n en Instagram<\/div>\n<\/div>\n<div style=\"padding: 12.5% 0;\"><\/div>\n<div style=\"display: flex; flex-direction: row; margin-bottom: 14px; align-items: center;\">\n<div>\n<div style=\"background-color: #f4f4f4; border-radius: 50%; height: 12.5px; width: 12.5px; transform: translateX(0px) translateY(7px);\"><\/div>\n<div style=\"background-color: #f4f4f4; height: 12.5px; transform: rotate(-45deg) translateX(3px) translateY(1px); width: 12.5px; flex-grow: 0; margin-right: 14px; margin-left: 2px;\"><\/div>\n<div style=\"background-color: #f4f4f4; border-radius: 50%; height: 12.5px; width: 12.5px; transform: translateX(9px) translateY(-18px);\"><\/div>\n<\/div>\n<div style=\"margin-left: 8px;\">\n<div style=\"background-color: #f4f4f4; border-radius: 50%; flex-grow: 0; height: 20px; width: 20px;\"><\/div>\n<div style=\"width: 0; height: 0; border-top: 2px solid transparent; border-left: 6px solid #f4f4f4; border-bottom: 2px solid transparent; transform: translateX(16px) translateY(-4px) rotate(30deg);\"><\/div>\n<\/div>\n<div style=\"margin-left: auto;\">\n<div style=\"width: 0px; border-top: 8px solid #F4F4F4; border-right: 8px solid transparent; transform: translateY(16px);\"><\/div>\n<div style=\"background-color: #f4f4f4; flex-grow: 0; height: 12px; width: 16px; transform: translateY(-4px);\"><\/div>\n<div style=\"width: 0; height: 0; border-top: 8px solid #F4F4F4; border-left: 8px solid transparent; transform: translateY(-4px) translateX(8px);\"><\/div>\n<\/div>\n<\/div>\n<p>&nbsp;<\/p>\n<p style=\"margin: 8px 0 0 0; padding: 0 4px;\"><a style=\"color: #000; font-family: Arial,sans-serif; font-size: 14px; font-style: normal; font-weight: normal; line-height: 17px; text-decoration: none; word-wrap: break-word;\" href=\"https:\/\/www.instagram.com\/p\/CA8heL_DlYl\/?utm_source=ig_embed&amp;utm_campaign=loading\" target=\"_blank\" rel=\"noopener\">COMMUNICATE LOVE\/ COMUNICA AMOR \/ COMMUNIQUER L&#8217;AMOUR\/ COMMUNICATE LOVE\/ COMUNICA AMOR \/ COMMUNIQUER L&#8217;AMOUR\/ COMMUNICATE LOVE\/ COMUNICA AMOR \/ COMMUNIQUER L&#8217;AMOUR\/ COMMUNICATE LOVE\/ COMUNICA AMOR \/ COMMUNIQUER L&#8217;AMOUR\/ COMMUNICATE LOVE\/ COMUNICA AMOR \/ COMMUNIQUER L&#8217;AMOUR\/ COMMUNICATE LOVE\/ COMUNICA AMOR \/ COMMUNIQUER L&#8217;AMOUR\/ COMMUNICATE LOVE\/ COMUNICA AMOR \/ COMMUNIQUER L&#8217;AMOUR\/ COMMUNICATE LOVE\/ COMUNICA AMOR \/ COMMUNIQUER L&#8217;AMOUR\/ COMMUNICATE LOVE\/ COMUNICA AMOR \/ COMMUNIQUER L&#8217;AMOUR\/ COMMUNICATE LOVE\/ COMUNICA AMOR \/ COMMUNIQUER L&#8217;AMOUR\/<\/a><\/p>\n<p style=\"color: #c9c8cd; font-family: Arial,sans-serif; font-size: 14px; line-height: 17px; margin-bottom: 0; margin-top: 8px; overflow: hidden; padding: 8px 0 7px; text-align: center; text-overflow: ellipsis; white-space: nowrap;\">Una publicaci\u00f3n compartida de <a style=\"color: #c9c8cd; font-family: Arial,sans-serif; font-size: 14px; font-style: normal; font-weight: normal; line-height: 17px;\" href=\"https:\/\/www.instagram.com\/lacalurivero\/?utm_source=ig_embed&amp;utm_campaign=loading\" target=\"_blank\" rel=\"noopener\"> DIGNITY<\/a> (@lacalurivero) el <time style=\"font-family: Arial,sans-serif; font-size: 14px; line-height: 17px;\" datetime=\"2020-06-02T20:12:23+00:00\">2 Jun, 2020 a las 1:12 PDT<\/time><\/p>\n<\/div>\n<\/blockquote>\n<p><script async src=\"\/\/www.instagram.com\/embed.js\"><\/script><\/p>\n<!-- AddThis Advanced Settings generic via filter on the_content --><!-- AddThis Share Buttons generic via filter on the_content -->","protected":false},"excerpt":{"rendered":"<p>Como comentamos en los pasados d\u00edas de la criticada imagen que subi\u00f3 Liz Solari, hoy los seguidores apuntaron fuertemente contra Calu Rivero. Debido a los hechos ocurridos en Minnesota de racismo y la lucha que lleva d\u00edas para lograr una concientizacion mundial y defender los derechos de todas las personas, diferentes celebridades han posteado im\u00e1genes [&hellip;]<!-- AddThis Advanced Settings generic via filter on get_the_excerpt --><!-- AddThis Share Buttons generic via filter on get_the_excerpt --><\/p>\n","protected":false},"author":6,"featured_media":27358,"comment_status":"closed","ping_status":"open","sticky":false,"template":"","format":"standard","meta":{"_acf_changed":false,"om_disable_all_campaigns":false,"_monsterinsights_skip_tracking":false,"_monsterinsights_sitenote_active":false,"_monsterinsights_sitenote_note":"","_monsterinsights_sitenote_category":0,"_uf_show_specific_survey":0,"_uf_disable_surveys":false,"footnotes":""},"categories":[100],"tags":[],"class_list":["post-27357","post","type-post","status-publish","format-standard","has-post-thumbnail","hentry","category-noticias"],"acf":[],"aioseo_notices":[],"_links":{"self":[{"href":"https:\/\/www.lasrosas.com.ar\/portal\/wp-json\/wp\/v2\/posts\/27357","targetHints":{"allow":["GET"]}}],"collection":[{"href":"https:\/\/www.lasrosas.com.ar\/portal\/wp-json\/wp\/v2\/posts"}],"about":[{"href":"https:\/\/www.lasrosas.com.ar\/portal\/wp-json\/wp\/v2\/types\/post"}],"author":[{"embeddable":true,"href":"https:\/\/www.lasrosas.com.ar\/portal\/wp-json\/wp\/v2\/users\/6"}],"replies":[{"embeddable":true,"href":"https:\/\/www.lasrosas.com.ar\/portal\/wp-json\/wp\/v2\/comments?post=27357"}],"version-history":[{"count":0,"href":"https:\/\/www.lasrosas.com.ar\/portal\/wp-json\/wp\/v2\/posts\/27357\/revisions"}],"wp:featuredmedia":[{"embeddable":true,"href":"https:\/\/www.lasrosas.com.ar\/portal\/wp-json\/wp\/v2\/media\/27358"}],"wp:attachment":[{"href":"https:\/\/www.lasrosas.com.ar\/portal\/wp-json\/wp\/v2\/media?parent=27357"}],"wp:term":[{"taxonomy":"category","embeddable":true,"href":"https:\/\/www.lasrosas.com.ar\/portal\/wp-json\/wp\/v2\/categories?post=27357"},{"taxonomy":"post_tag","embeddable":true,"href":"https:\/\/www.lasrosas.com.ar\/portal\/wp-json\/wp\/v2\/tags?post=27357"}],"curies":[{"name":"wp","href":"https:\/\/api.w.org\/{rel}","templated":true}]}}