{"id":27297,"date":"2020-06-02T15:49:32","date_gmt":"2020-06-02T18:49:32","guid":{"rendered":"https:\/\/www.lasrosas.com.ar\/portal\/?p=27297"},"modified":"2020-06-02T15:49:32","modified_gmt":"2020-06-02T18:49:32","slug":"entrevista-con-el-dr-nicolas-lusicic-socio-fundador-de-hair-recovery","status":"publish","type":"post","link":"https:\/\/www.lasrosas.com.ar\/portal\/entrevista-con-el-dr-nicolas-lusicic-socio-fundador-de-hair-recovery\/","title":{"rendered":"ENTREVISTA CON EL DR. NICOLAS LUSICIC, SOCIO FUNDADOR DE HAIR RECOVERY"},"content":{"rendered":"<p><em><strong>En Radio Las Rosas, el Dr. Nicolas Lusicic, nos deja toda la informaci\u00f3n necesaria para que conozcas metodos, tratamientos y tips sobre la ca\u00edda del cabello.<\/strong><\/em><\/p>\n<p>Las causas que afectan tanto a los hombres como a las mujeres se diferencian bastante.Las mujeres pierden el pelo de manera difusa, cuando se les empieza a caer el pelo,\u00a0 se les cae en toda la cabeza sin respetar ning\u00fan lugar anat\u00f3mico. Aquellas que usan el pelo recojido, pueden tomar la medida para ver la cantidad de pelo que van perdiendo. Tambi\u00e9n tiene que ver con todos los disturbios hormonales, a diferencia de los hombres, las hormonas van cambiando mucho a lo largo del mes e impacta en el pelo tambi\u00e9n.\u00a0 En cuanto a los hombres, en algunos casos puede ser algo hereditario que puede venir del lado materno o paterno.<\/p>\n<p>Es muy com\u00fan en los hombres que cuidan el pelo de arriba y el de los costados no tanto pero crecen m\u00e1s r\u00e1pidos y fuertes. Cuando ese pelo crece mas lento, va anunciando que ese cabello va a tener problemas y deber\u00edan consultar con un medico especialista. Hay muchos tratamientos pero nombramos algunos como: finasteride es un comprimido que se toma via oral, se toma uno por d\u00eda y reduce mucho la ca\u00edda del pelo. Pueden usarlo los hombres o mujeres en edad post menopausia. Tambi\u00e9n est\u00e1 minoxidil, es una loci\u00f3n que se aplica por las noches\u00a0 con unos masajes de 10 segundos.<\/p>\n<p><strong>Transplantes capilares<\/strong><\/p>\n<p>Tenemos m\u00e1s de 60 mil pacientes trasplantados y consiste en retirar (bajo anestesia local y buena iluminaci\u00f3n, con lentes de aumento, pelo por pelo de la regi\u00f3n lateral y se coloca uno por uno en la regi\u00f3n superior de la cabeza donde encontremos una \u00e1rea calva o con menor densidad o despoblada. Se realiza un estudio en cuanto a la estetica, la fisonom\u00eda de cada paciente para poder colocarlo uno por uno y que quede absolutamente natural.<\/p>\n<p>&nbsp;<\/p>\n<!-- AddThis Advanced Settings generic via filter on the_content --><!-- AddThis Share Buttons generic via filter on the_content -->","protected":false},"excerpt":{"rendered":"<p>En Radio Las Rosas, el Dr. Nicolas Lusicic, nos deja toda la informaci\u00f3n necesaria para que conozcas metodos, tratamientos y tips sobre la ca\u00edda del cabello. Las causas que afectan tanto a los hombres como a las mujeres se diferencian bastante.Las mujeres pierden el pelo de manera difusa, cuando se les empieza a caer el [&hellip;]<!-- AddThis Advanced Settings generic via filter on get_the_excerpt --><!-- AddThis Share Buttons generic via filter on get_the_excerpt --><\/p>\n","protected":false},"author":6,"featured_media":27298,"comment_status":"closed","ping_status":"open","sticky":false,"template":"","format":"standard","meta":{"_acf_changed":false,"om_disable_all_campaigns":false,"_monsterinsights_skip_tracking":false,"_monsterinsights_sitenote_active":false,"_monsterinsights_sitenote_note":"","_monsterinsights_sitenote_category":0,"_uf_show_specific_survey":0,"_uf_disable_surveys":false,"footnotes":""},"categories":[100,38],"tags":[],"class_list":["post-27297","post","type-post","status-publish","format-standard","has-post-thumbnail","hentry","category-noticias","category-entrevistas"],"acf":[],"aioseo_notices":[],"_links":{"self":[{"href":"https:\/\/www.lasrosas.com.ar\/portal\/wp-json\/wp\/v2\/posts\/27297","targetHints":{"allow":["GET"]}}],"collection":[{"href":"https:\/\/www.lasrosas.com.ar\/portal\/wp-json\/wp\/v2\/posts"}],"about":[{"href":"https:\/\/www.lasrosas.com.ar\/portal\/wp-json\/wp\/v2\/types\/post"}],"author":[{"embeddable":true,"href":"https:\/\/www.lasrosas.com.ar\/portal\/wp-json\/wp\/v2\/users\/6"}],"replies":[{"embeddable":true,"href":"https:\/\/www.lasrosas.com.ar\/portal\/wp-json\/wp\/v2\/comments?post=27297"}],"version-history":[{"count":0,"href":"https:\/\/www.lasrosas.com.ar\/portal\/wp-json\/wp\/v2\/posts\/27297\/revisions"}],"wp:featuredmedia":[{"embeddable":true,"href":"https:\/\/www.lasrosas.com.ar\/portal\/wp-json\/wp\/v2\/media\/27298"}],"wp:attachment":[{"href":"https:\/\/www.lasrosas.com.ar\/portal\/wp-json\/wp\/v2\/media?parent=27297"}],"wp:term":[{"taxonomy":"category","embeddable":true,"href":"https:\/\/www.lasrosas.com.ar\/portal\/wp-json\/wp\/v2\/categories?post=27297"},{"taxonomy":"post_tag","embeddable":true,"href":"https:\/\/www.lasrosas.com.ar\/portal\/wp-json\/wp\/v2\/tags?post=27297"}],"curies":[{"name":"wp","href":"https:\/\/api.w.org\/{rel}","templated":true}]}}