{"id":27231,"date":"2020-06-01T16:16:53","date_gmt":"2020-06-01T19:16:53","guid":{"rendered":"https:\/\/www.lasrosas.com.ar\/portal\/?p=27231"},"modified":"2020-06-01T16:16:53","modified_gmt":"2020-06-01T19:16:53","slug":"reinventarse-o-ponerse-de-moda-las-home-sessions-marcan-tendencia","status":"publish","type":"post","link":"https:\/\/www.lasrosas.com.ar\/portal\/reinventarse-o-ponerse-de-moda-las-home-sessions-marcan-tendencia\/","title":{"rendered":"\u00bfREINVENTARSE O PONERSE DE MODA? LAS HOME SESSIONS MARCAN TENDENCIA"},"content":{"rendered":"<p><strong><i>Esta cuarentena vino acompa\u00f1ada de muchos desaf\u00edos, entre ellos reinventarse. Eso fue lo que hicimos \u00a1y hasta logramos ponerlo de moda!\u00a0<\/i><\/strong><\/p>\n<p><span style=\"font-weight: 400;\">Hacemos Books de moda y retrato profesionales pero el contexto nos llev\u00f3 al home office y para nosotras fue un desaf\u00edo. As\u00ed fue que creamos el concepto de <\/span><i><span style=\"font-weight: 400;\">Home Session<\/span><\/i><span style=\"font-weight: 400;\">.\u00a0<\/span><span style=\"font-weight: 400;\">Un formato que se adapta a cualquier persona que quiera hacer fotos profesionales de manera remota, ya sea para inmortalizar un recuerdo o una fecha importante o para hacer un regalo original.\u00a0<\/span><\/p>\n<p><span style=\"font-weight: 400;\">El proceso comienza con nuestra fot\u00f3grafa Yanina Dos; ella se pone en contacto con la persona para definir los espacios de la casa donde m\u00e1s le gusta estar. En esta b\u00fasqueda tenemos en cuenta la luz, la disposici\u00f3n de los elementos, y la comodidad de la o el modelo etc. De acuerdo a eso creamos un tablero de referencia que sirve de gu\u00eda a la hora del shooting.\u00a0<\/span><\/p>\n\r\n\t\t<style type='text\/css'>\r\n\t\t\t#gallery-1 {\r\n\t\t\t\tmargin: auto;\r\n\t\t\t}\r\n\t\t\t#gallery-1 .gallery-item {\r\n\t\t\t\tfloat: left;\r\n\t\t\t\tmargin-top: 10px;\r\n\t\t\t\ttext-align: center;\r\n\t\t\t\twidth: 50%;\r\n\t\t\t}\r\n\t\t\t#gallery-1 img {\r\n\t\t\t\tborder: 2px solid #cfcfcf;\r\n\t\t\t}\r\n\t\t\t#gallery-1 .gallery-caption {\r\n\t\t\t\tmargin-left: 0;\r\n\t\t\t}\r\n\t\t<\/style>\r\n\t\t<!-- see gallery_shortcode() in wp-includes\/media.php -->\n\t\t<div id='gallery-1' class='gallery galleryid-27231 gallery-columns-2 gallery-size-medium gallery1'><script type=\"text\/javascript\">\r\n\/\/ <![CDATA[\r\n\tjQuery(document).ready(function () {\r\n\t\tjQuery(\".gallery1 a\").attr(\"rel\",\"gallery1\");\t\r\n\t\tjQuery('a[rel=\"gallery1\"]').colorbox({maxWidth:\"95%\", maxHeight:\"95%\",title: function(){ return jQuery(this).children().attr(\"alt\"); }, });\r\n\t});\r\n\/\/ ]]>\r\n<\/script>\n<dl class=\"gallery-item\">\n<dt class=\"gallery-icon\">\r\n<a href=\"https:\/\/www.lasrosas.com.ar\/portal\/wp-content\/uploads\/lp_image-141.jpg\" title=\"\" rel=\"gallery1\"><img decoding=\"async\" data-src=\"https:\/\/www.lasrosas.com.ar\/portal\/wp-content\/uploads\/lp_image-141-639x960.jpg\" width=\"639\" height=\"960\" alt=\"\" src=\"data:image\/svg+xml;base64,PHN2ZyB3aWR0aD0iMSIgaGVpZ2h0PSIxIiB4bWxucz0iaHR0cDovL3d3dy53My5vcmcvMjAwMC9zdmciPjwvc3ZnPg==\" class=\"lazyload\" style=\"--smush-placeholder-width: 639px; --smush-placeholder-aspect-ratio: 639\/960;\" \/><\/a>\r\n<\/dt><\/dl><dl class=\"gallery-item\">\n<dt class=\"gallery-icon\">\r\n<a href=\"https:\/\/www.lasrosas.com.ar\/portal\/wp-content\/uploads\/lp_image-127.jpg\" title=\"\" rel=\"gallery1\"><img decoding=\"async\" data-src=\"https:\/\/www.lasrosas.com.ar\/portal\/wp-content\/uploads\/lp_image-127-639x960.jpg\" width=\"639\" height=\"960\" alt=\"\" src=\"data:image\/svg+xml;base64,PHN2ZyB3aWR0aD0iMSIgaGVpZ2h0PSIxIiB4bWxucz0iaHR0cDovL3d3dy53My5vcmcvMjAwMC9zdmciPjwvc3ZnPg==\" class=\"lazyload\" style=\"--smush-placeholder-width: 639px; --smush-placeholder-aspect-ratio: 639\/960;\" \/><\/a>\r\n<\/dt><\/dl><br style=\"clear: both\" \/>\r\n\t\t<\/div>\n\n<p><span style=\"font-weight: 400;\">Una vez concluida la primera etapa, la Asesora de Imagen Evelyn Tucci define junto al modelo los looks para cada espacio elegido. En este proceso, se tiene en cuenta la paleta de colores personal y las prendas que generen armon\u00eda corporal y el estilismo.<\/span><\/p>\n<p><span style=\"font-weight: 400;\">Una vez pasadas estas dos instancias se define fecha y \u00a1Flash! Comienza la magia.<\/span><\/p>\n<p><span style=\"font-weight: 400;\">\u00a1Los resultados son espectaculares! Ya hicimos shootings en Miami, y en diferentes lugares del mundo. Este formato nos permite trabajar desde casa y contactarnos con personas de cualquier lugar.\u00a0<\/span><\/p>\n<p><span style=\"font-weight: 400;\">\u00a1Esta cuarentena sin dudas ha sacado lo mejor de este equipo! Somos emprendedoras, apasionadas de la producci\u00f3n de fotos y la moda, y buscamos ante todo retratar de manera creativa y aut\u00e9ntica la esencia de las personas en cada foto.\u00a0<\/span><\/p>\n<p><span style=\"font-weight: 400;\">Team completo: Yanina Dos en fotograf\u00eda | Evelyn Tucci en Asesor\u00eda de Imagen &amp; Estilismo | Lupe G\u00f3mez Boschetti en Comunicaci\u00f3n &amp; Contenido Digital.<\/span><\/p>\n<p><span style=\"font-weight: 400;\">Conoc\u00e9 m\u00e1s de este proyecto entrando a <\/span><a href=\"http:\/\/www.yaninados.com\"><span style=\"font-weight: 400;\">www.yaninados.com<\/span><\/a><span style=\"font-weight: 400;\"> o en instagram <\/span><b>@yaninados.ph\u00a0<\/b><\/p>\n<p>&nbsp;<\/p>\n<!-- AddThis Advanced Settings generic via filter on the_content --><!-- AddThis Share Buttons generic via filter on the_content -->","protected":false},"excerpt":{"rendered":"<p>Esta cuarentena vino acompa\u00f1ada de muchos desaf\u00edos, entre ellos reinventarse. Eso fue lo que hicimos \u00a1y hasta logramos ponerlo de moda!\u00a0 Hacemos Books de moda y retrato profesionales pero el contexto nos llev\u00f3 al home office y para nosotras fue un desaf\u00edo. As\u00ed fue que creamos el concepto de Home Session.\u00a0Un formato que se adapta [&hellip;]<!-- AddThis Advanced Settings generic via filter on get_the_excerpt --><!-- AddThis Share Buttons generic via filter on get_the_excerpt --><\/p>\n","protected":false},"author":6,"featured_media":27234,"comment_status":"closed","ping_status":"open","sticky":false,"template":"","format":"standard","meta":{"_acf_changed":false,"om_disable_all_campaigns":false,"_monsterinsights_skip_tracking":false,"_monsterinsights_sitenote_active":false,"_monsterinsights_sitenote_note":"","_monsterinsights_sitenote_category":0,"_uf_show_specific_survey":0,"_uf_disable_surveys":false,"footnotes":""},"categories":[30],"tags":[],"class_list":["post-27231","post","type-post","status-publish","format-standard","has-post-thumbnail","hentry","category-moda"],"acf":[],"aioseo_notices":[],"_links":{"self":[{"href":"https:\/\/www.lasrosas.com.ar\/portal\/wp-json\/wp\/v2\/posts\/27231","targetHints":{"allow":["GET"]}}],"collection":[{"href":"https:\/\/www.lasrosas.com.ar\/portal\/wp-json\/wp\/v2\/posts"}],"about":[{"href":"https:\/\/www.lasrosas.com.ar\/portal\/wp-json\/wp\/v2\/types\/post"}],"author":[{"embeddable":true,"href":"https:\/\/www.lasrosas.com.ar\/portal\/wp-json\/wp\/v2\/users\/6"}],"replies":[{"embeddable":true,"href":"https:\/\/www.lasrosas.com.ar\/portal\/wp-json\/wp\/v2\/comments?post=27231"}],"version-history":[{"count":0,"href":"https:\/\/www.lasrosas.com.ar\/portal\/wp-json\/wp\/v2\/posts\/27231\/revisions"}],"wp:featuredmedia":[{"embeddable":true,"href":"https:\/\/www.lasrosas.com.ar\/portal\/wp-json\/wp\/v2\/media\/27234"}],"wp:attachment":[{"href":"https:\/\/www.lasrosas.com.ar\/portal\/wp-json\/wp\/v2\/media?parent=27231"}],"wp:term":[{"taxonomy":"category","embeddable":true,"href":"https:\/\/www.lasrosas.com.ar\/portal\/wp-json\/wp\/v2\/categories?post=27231"},{"taxonomy":"post_tag","embeddable":true,"href":"https:\/\/www.lasrosas.com.ar\/portal\/wp-json\/wp\/v2\/tags?post=27231"}],"curies":[{"name":"wp","href":"https:\/\/api.w.org\/{rel}","templated":true}]}}