{"id":27063,"date":"2020-05-23T14:40:33","date_gmt":"2020-05-23T17:40:33","guid":{"rendered":"https:\/\/www.lasrosas.com.ar\/portal\/?p=27063"},"modified":"2020-05-23T14:40:33","modified_gmt":"2020-05-23T17:40:33","slug":"top-five-de-las-noticias-mas-leidas-2","status":"publish","type":"post","link":"https:\/\/www.lasrosas.com.ar\/portal\/top-five-de-las-noticias-mas-leidas-2\/","title":{"rendered":"TOP FIVE DE LAS NOTICIAS M\u00c1S LE\u00cdDAS!"},"content":{"rendered":"<p><strong>1-EL DOCUMENTAL DE TINI STOESSEL:\u00a0<\/strong>\u00abQuiero Volver Tour\u00bb es el nombre que eligieron desde la producci\u00f3n de Tini para el nuevo documental bibliogr\u00e1fico de la cantante. Este viernes 21 de mayo, se lanz\u00f3al p\u00fablico este largo film que mostrar\u00e1 la vida de la artista y conoceremos detalles de cada uno de los grandes momentos de su gira.<\/p>\n<p><img decoding=\"async\" class=\"aligncenter size-thumbnail wp-image-27020 lazyload\" data-src=\"https:\/\/www.lasrosas.com.ar\/portal\/wp-content\/uploads\/105_20190413_FIAT100_Prensa__MEK6841-640x480.jpg\" alt=\"\" width=\"640\" height=\"480\" src=\"data:image\/svg+xml;base64,PHN2ZyB3aWR0aD0iMSIgaGVpZ2h0PSIxIiB4bWxucz0iaHR0cDovL3d3dy53My5vcmcvMjAwMC9zdmciPjwvc3ZnPg==\" style=\"--smush-placeholder-width: 640px; --smush-placeholder-aspect-ratio: 640\/480;\" \/><\/p>\n<p><strong>2-ZARA ARGENTINA ABRI\u00d3 SU TIENDA ONLINE:\u00a0<\/strong>Zara Argentina\u00a0finalmente habilit\u00f3 su\u00a0tienda online, ya que hasta el momento solo comercializaba en sus tiendas f\u00edsicas -ubicadas en Buenos Aires-. Indumentaria femenina, masculina y para ni\u00f1os copan esta tienda online tan esperada por muchos. (NOTA INFONEGOCIOS)<\/p>\n<p><img decoding=\"async\" class=\"aligncenter size-thumbnail wp-image-27029 lazyload\" data-src=\"https:\/\/www.lasrosas.com.ar\/portal\/wp-content\/uploads\/PODCAST-22-640x480.jpg\" alt=\"\" width=\"640\" height=\"480\" src=\"data:image\/svg+xml;base64,PHN2ZyB3aWR0aD0iMSIgaGVpZ2h0PSIxIiB4bWxucz0iaHR0cDovL3d3dy53My5vcmcvMjAwMC9zdmciPjwvc3ZnPg==\" style=\"--smush-placeholder-width: 640px; --smush-placeholder-aspect-ratio: 640\/480;\" \/><\/p>\n<p><strong>3-LA NUEVA VERSI\u00d3N DE \u00abTHE WEEKND\u00bb-IN YOUR EYES:\u00a0\u00a0<\/strong>Luego del gran \u00e9xito que est\u00e1 teniendo su \u00faltimo \u00e1lbum, \u00abAfter Hours\u00bb , el artista lanz\u00f3 una nueva versi\u00f3n en colaboraci\u00f3n con Doja Cat.\u00a0Doja Cat es una de las grandes cantantes que est\u00e1 teniendo much\u00edsima demanda de parte de otros reconocidos artistas que quieren hacer trabajos en conjunto con ella. Ariana Grande es una de las famosas que tendr\u00e1 colaboraci\u00f3n.<\/p>\n<p><img decoding=\"async\" class=\"aligncenter size-thumbnail wp-image-27037 lazyload\" data-src=\"https:\/\/www.lasrosas.com.ar\/portal\/wp-content\/uploads\/https___hypebeast.com_image_2020_05_the-weeknd-in-your-eyes-remix-feat-doja-cat-single-stream-1-640x480.jpg\" alt=\"\" width=\"640\" height=\"480\" src=\"data:image\/svg+xml;base64,PHN2ZyB3aWR0aD0iMSIgaGVpZ2h0PSIxIiB4bWxucz0iaHR0cDovL3d3dy53My5vcmcvMjAwMC9zdmciPjwvc3ZnPg==\" style=\"--smush-placeholder-width: 640px; --smush-placeholder-aspect-ratio: 640\/480;\" \/><\/p>\n<p><strong>4-JOAQUIN PHOENIX Y HOONEY MARA SER\u00c1N PADRES!:\u00a0<\/strong>La pareja de Hollywood espera su primer hijo seg\u00fan el sitio Page Six, quien declar\u00f3 tener informaci\u00f3n de una fuente cercana a ambos. Si bien ninguno de los dos reconocidos artistas sali\u00f3 a oficializar la noticia, los rumores son muy fuertes y dictar\u00edan que la pareja estar\u00eda esperando a su primer hijo con ya 6 meses de vida.<\/p>\n<p><img decoding=\"async\" class=\"aligncenter size-thumbnail wp-image-26942 lazyload\" data-src=\"https:\/\/www.lasrosas.com.ar\/portal\/wp-content\/uploads\/0c3d5322dcb166757f9f62b5bbd6ed62-1-640x480.jpg\" alt=\"\" width=\"640\" height=\"480\" src=\"data:image\/svg+xml;base64,PHN2ZyB3aWR0aD0iMSIgaGVpZ2h0PSIxIiB4bWxucz0iaHR0cDovL3d3dy53My5vcmcvMjAwMC9zdmciPjwvc3ZnPg==\" style=\"--smush-placeholder-width: 640px; --smush-placeholder-aspect-ratio: 640\/480;\" \/><\/p>\n<p><strong>5-BOMBA! SALI\u00d3 EL TEMA DE DANNA PAOLA Y ADIVINEN QUI\u00c9N APARECE:\u00a0<\/strong>As\u00ed es, est\u00e1n\u00a0en lo correcto! Sebastian Yatra aparece en el nuevo videoclip de Danna Paola, \u00abContigo\u00bb. En la producci\u00f3n podemos ver a Luciano Pereyra,Lali Esposito, Dvicio,Cali y El Dandee, Lasso y sus amigas de \u00c9lite, \u00c9ster Exposito, Georgina Amor\u00f3s y Sergio Momo.<\/p>\n<p><img decoding=\"async\" class=\"aligncenter size-thumbnail wp-image-27032 lazyload\" data-src=\"https:\/\/www.lasrosas.com.ar\/portal\/wp-content\/uploads\/f1280x720-119391_251066_4829-640x480.jpg\" alt=\"\" width=\"640\" height=\"480\" src=\"data:image\/svg+xml;base64,PHN2ZyB3aWR0aD0iMSIgaGVpZ2h0PSIxIiB4bWxucz0iaHR0cDovL3d3dy53My5vcmcvMjAwMC9zdmciPjwvc3ZnPg==\" style=\"--smush-placeholder-width: 640px; --smush-placeholder-aspect-ratio: 640\/480;\" \/><\/p>\n<!-- AddThis Advanced Settings generic via filter on the_content --><!-- AddThis Share Buttons generic via filter on the_content -->","protected":false},"excerpt":{"rendered":"<p>1-EL DOCUMENTAL DE TINI STOESSEL:\u00a0\u00abQuiero Volver Tour\u00bb es el nombre que eligieron desde la producci\u00f3n de Tini para el nuevo documental bibliogr\u00e1fico de la cantante. Este viernes 21 de mayo, se lanz\u00f3al p\u00fablico este largo film que mostrar\u00e1 la vida de la artista y conoceremos detalles de cada uno de los grandes momentos de su [&hellip;]<!-- AddThis Advanced Settings generic via filter on get_the_excerpt --><!-- AddThis Share Buttons generic via filter on get_the_excerpt --><\/p>\n","protected":false},"author":6,"featured_media":27065,"comment_status":"closed","ping_status":"open","sticky":false,"template":"","format":"standard","meta":{"_acf_changed":false,"om_disable_all_campaigns":false,"_monsterinsights_skip_tracking":false,"_monsterinsights_sitenote_active":false,"_monsterinsights_sitenote_note":"","_monsterinsights_sitenote_category":0,"_uf_show_specific_survey":0,"_uf_disable_surveys":false,"footnotes":""},"categories":[234,100],"tags":[],"class_list":["post-27063","post","type-post","status-publish","format-standard","has-post-thumbnail","hentry","category-trend","category-noticias"],"acf":[],"aioseo_notices":[],"_links":{"self":[{"href":"https:\/\/www.lasrosas.com.ar\/portal\/wp-json\/wp\/v2\/posts\/27063","targetHints":{"allow":["GET"]}}],"collection":[{"href":"https:\/\/www.lasrosas.com.ar\/portal\/wp-json\/wp\/v2\/posts"}],"about":[{"href":"https:\/\/www.lasrosas.com.ar\/portal\/wp-json\/wp\/v2\/types\/post"}],"author":[{"embeddable":true,"href":"https:\/\/www.lasrosas.com.ar\/portal\/wp-json\/wp\/v2\/users\/6"}],"replies":[{"embeddable":true,"href":"https:\/\/www.lasrosas.com.ar\/portal\/wp-json\/wp\/v2\/comments?post=27063"}],"version-history":[{"count":0,"href":"https:\/\/www.lasrosas.com.ar\/portal\/wp-json\/wp\/v2\/posts\/27063\/revisions"}],"wp:featuredmedia":[{"embeddable":true,"href":"https:\/\/www.lasrosas.com.ar\/portal\/wp-json\/wp\/v2\/media\/27065"}],"wp:attachment":[{"href":"https:\/\/www.lasrosas.com.ar\/portal\/wp-json\/wp\/v2\/media?parent=27063"}],"wp:term":[{"taxonomy":"category","embeddable":true,"href":"https:\/\/www.lasrosas.com.ar\/portal\/wp-json\/wp\/v2\/categories?post=27063"},{"taxonomy":"post_tag","embeddable":true,"href":"https:\/\/www.lasrosas.com.ar\/portal\/wp-json\/wp\/v2\/tags?post=27063"}],"curies":[{"name":"wp","href":"https:\/\/api.w.org\/{rel}","templated":true}]}}