{"id":27059,"date":"2020-05-22T18:12:25","date_gmt":"2020-05-22T21:12:25","guid":{"rendered":"https:\/\/www.lasrosas.com.ar\/portal\/?p=27059"},"modified":"2020-05-22T18:12:25","modified_gmt":"2020-05-22T21:12:25","slug":"las-nuevas-gafas-de-ar-apple","status":"publish","type":"post","link":"https:\/\/www.lasrosas.com.ar\/portal\/las-nuevas-gafas-de-ar-apple\/","title":{"rendered":"LAS NUEVAS GAFAS DE AR APPLE"},"content":{"rendered":"<p><em><strong>Las\u00a0gafas de realidad aumentada de Apple\u00a0podr\u00edan aparecer en escena este mismo a\u00f1o, aunque no estar\u00e1n disponibles hasta 2021.<\/strong><\/em><\/p>\n<p>Prosser afirma que las Apple Glass se vender\u00e1n por US$499, aunque el precio podr\u00eda cambiar. A\u00fan no se han detallado m\u00e1s datos acerca de los nuevos lanzamiento de Apple Glass.\u00a0Las Apple Glass se encuentran entre las \u00faltimas filtraciones que ha ido liberando a trav\u00e9s de su cuenta de Twitter y en un v\u00eddeo de YouTube. Pero adem\u00e1s de dar detalles t\u00e9cnicos de c\u00f3mo podr\u00edan ser estas nuevas gafas, tambi\u00e9n ha informaci\u00f3n de una edici\u00f3n limitada en honor a Steve Jobs.<\/p>\n<p>&nbsp;<\/p>\n<!-- AddThis Advanced Settings generic via filter on the_content --><!-- AddThis Share Buttons generic via filter on the_content -->","protected":false},"excerpt":{"rendered":"<p>Las\u00a0gafas de realidad aumentada de Apple\u00a0podr\u00edan aparecer en escena este mismo a\u00f1o, aunque no estar\u00e1n disponibles hasta 2021. Prosser afirma que las Apple Glass se vender\u00e1n por US$499, aunque el precio podr\u00eda cambiar. A\u00fan no se han detallado m\u00e1s datos acerca de los nuevos lanzamiento de Apple Glass.\u00a0Las Apple Glass se encuentran entre las \u00faltimas [&hellip;]<!-- AddThis Advanced Settings generic via filter on get_the_excerpt --><!-- AddThis Share Buttons generic via filter on get_the_excerpt --><\/p>\n","protected":false},"author":6,"featured_media":27060,"comment_status":"closed","ping_status":"open","sticky":false,"template":"","format":"standard","meta":{"_acf_changed":false,"om_disable_all_campaigns":false,"_monsterinsights_skip_tracking":false,"_monsterinsights_sitenote_active":false,"_monsterinsights_sitenote_note":"","_monsterinsights_sitenote_category":0,"_uf_show_specific_survey":0,"_uf_disable_surveys":false,"footnotes":""},"categories":[25],"tags":[],"class_list":["post-27059","post","type-post","status-publish","format-standard","has-post-thumbnail","hentry","category-radio"],"acf":[],"aioseo_notices":[],"_links":{"self":[{"href":"https:\/\/www.lasrosas.com.ar\/portal\/wp-json\/wp\/v2\/posts\/27059","targetHints":{"allow":["GET"]}}],"collection":[{"href":"https:\/\/www.lasrosas.com.ar\/portal\/wp-json\/wp\/v2\/posts"}],"about":[{"href":"https:\/\/www.lasrosas.com.ar\/portal\/wp-json\/wp\/v2\/types\/post"}],"author":[{"embeddable":true,"href":"https:\/\/www.lasrosas.com.ar\/portal\/wp-json\/wp\/v2\/users\/6"}],"replies":[{"embeddable":true,"href":"https:\/\/www.lasrosas.com.ar\/portal\/wp-json\/wp\/v2\/comments?post=27059"}],"version-history":[{"count":0,"href":"https:\/\/www.lasrosas.com.ar\/portal\/wp-json\/wp\/v2\/posts\/27059\/revisions"}],"wp:featuredmedia":[{"embeddable":true,"href":"https:\/\/www.lasrosas.com.ar\/portal\/wp-json\/wp\/v2\/media\/27060"}],"wp:attachment":[{"href":"https:\/\/www.lasrosas.com.ar\/portal\/wp-json\/wp\/v2\/media?parent=27059"}],"wp:term":[{"taxonomy":"category","embeddable":true,"href":"https:\/\/www.lasrosas.com.ar\/portal\/wp-json\/wp\/v2\/categories?post=27059"},{"taxonomy":"post_tag","embeddable":true,"href":"https:\/\/www.lasrosas.com.ar\/portal\/wp-json\/wp\/v2\/tags?post=27059"}],"curies":[{"name":"wp","href":"https:\/\/api.w.org\/{rel}","templated":true}]}}