{"id":27009,"date":"2020-05-20T18:12:06","date_gmt":"2020-05-20T21:12:06","guid":{"rendered":"https:\/\/www.lasrosas.com.ar\/portal\/?p=27009"},"modified":"2020-05-20T18:12:06","modified_gmt":"2020-05-20T21:12:06","slug":"loreal-lanza-programa-para-proteger-al-medio-ambiente","status":"publish","type":"post","link":"https:\/\/www.lasrosas.com.ar\/portal\/loreal-lanza-programa-para-proteger-al-medio-ambiente\/","title":{"rendered":"LOREAL LANZA PROGRAMA PARA PROTEGER AL MEDIO AMBIENTE"},"content":{"rendered":"<p><em><strong>\u00abL\u2019Or\u00e9al for the Future\u00bb , un programa social y ambiental que tiene como objetivo varios puntos importantes durante la supervivencia a la pandemia que nos toca.\u00a0<\/strong><\/em><\/p>\n<p>Desde la firma, Jean-Paul Agon, Presidente y Director General de L\u2019Or\u00e9al afirm\u00f3 que:<em> \u00abEn los pr\u00f3ximos meses, nuestras sociedades enfrentar\u00e1n crisis sociales que dar\u00e1n lugar a situaciones de gran sufrimiento humano, particularmente para los m\u00e1s vulnerables. Al mismo tiempo, somos plenamente conscientes de que los desaf\u00edos ambientales son cada vez m\u00e1s apremiantes. Es esencial no alejarse de la transformaci\u00f3n sustentable que el mundo necesita. Por lo tanto, deseamos reafirmar nuestro compromiso con el medio ambiente y la preservaci\u00f3n de la biodiversidad, y ayudar a mitigar la crisis social para las mujeres.\u00a0Estas dos causas reflejan los valores y el compromiso hist\u00f3rico de L&#8217;Or\u00e9al\u00bb.<\/em><\/p>\n<p>Una de las cuestiones en las que Loreal quiere contribuir es en la regeneraci\u00f3n de ecosistemas naturales da\u00f1ados y en la lucha contra el cambio clim\u00e1tico\u00a0a trav\u00e9s de\u00a0100 millones de euros\u00a0en inversi\u00f3n de impacto. Otra de las medidas es crear un fondo de 50 millones de euros para apoyar a\u00a0organizaciones que ayudan a las mujeres en mayor situaci\u00f3n de vulnerabilidad y en muchos casos son las\u00a0primeras v\u00edctimas de la crisis econ\u00f3mica generada por la pandemia.<\/p>\n<p>&nbsp;<\/p>\n<blockquote class=\"instagram-media\" style=\"background: #FFF; border: 0; border-radius: 3px; box-shadow: 0 0 1px 0 rgba(0,0,0,0.5),0 1px 10px 0 rgba(0,0,0,0.15); margin: 1px; max-width: 540px; min-width: 326px; padding: 0; width: calc(100% - 2px);\" data-instgrm-captioned=\"\" data-instgrm-permalink=\"https:\/\/www.instagram.com\/p\/CAQGl5IDFBh\/?utm_source=ig_embed&amp;utm_campaign=loading\" data-instgrm-version=\"12\">\n<div style=\"padding: 16px;\">\n<p>&nbsp;<\/p>\n<div style=\"display: flex; flex-direction: row; align-items: center;\">\n<div style=\"background-color: #f4f4f4; border-radius: 50%; flex-grow: 0; height: 40px; margin-right: 14px; width: 40px;\"><\/div>\n<div style=\"display: flex; flex-direction: column; flex-grow: 1; justify-content: center;\">\n<div style=\"background-color: #f4f4f4; border-radius: 4px; flex-grow: 0; height: 14px; margin-bottom: 6px; width: 100px;\"><\/div>\n<div style=\"background-color: #f4f4f4; border-radius: 4px; flex-grow: 0; height: 14px; width: 60px;\"><\/div>\n<\/div>\n<\/div>\n<div style=\"padding: 19% 0;\"><\/div>\n<div style=\"display: block; height: 50px; margin: 0 auto 12px; width: 50px;\"><\/div>\n<div style=\"padding-top: 8px;\">\n<div style=\"color: #3897f0; font-family: Arial,sans-serif; font-size: 14px; font-style: normal; font-weight: 550; line-height: 18px;\">Ver esta publicaci\u00f3n en Instagram<\/div>\n<\/div>\n<div style=\"padding: 12.5% 0;\"><\/div>\n<div style=\"display: flex; flex-direction: row; margin-bottom: 14px; align-items: center;\">\n<div>\n<div style=\"background-color: #f4f4f4; border-radius: 50%; height: 12.5px; width: 12.5px; transform: translateX(0px) translateY(7px);\"><\/div>\n<div style=\"background-color: #f4f4f4; height: 12.5px; transform: rotate(-45deg) translateX(3px) translateY(1px); width: 12.5px; flex-grow: 0; margin-right: 14px; margin-left: 2px;\"><\/div>\n<div style=\"background-color: #f4f4f4; border-radius: 50%; height: 12.5px; width: 12.5px; transform: translateX(9px) translateY(-18px);\"><\/div>\n<\/div>\n<div style=\"margin-left: 8px;\">\n<div style=\"background-color: #f4f4f4; border-radius: 50%; flex-grow: 0; height: 20px; width: 20px;\"><\/div>\n<div style=\"width: 0; height: 0; border-top: 2px solid transparent; border-left: 6px solid #f4f4f4; border-bottom: 2px solid transparent; transform: translateX(16px) translateY(-4px) rotate(30deg);\"><\/div>\n<\/div>\n<div style=\"margin-left: auto;\">\n<div style=\"width: 0px; border-top: 8px solid #F4F4F4; border-right: 8px solid transparent; transform: translateY(16px);\"><\/div>\n<div style=\"background-color: #f4f4f4; flex-grow: 0; height: 12px; width: 16px; transform: translateY(-4px);\"><\/div>\n<div style=\"width: 0; height: 0; border-top: 8px solid #F4F4F4; border-left: 8px solid transparent; transform: translateY(-4px) translateX(8px);\"><\/div>\n<\/div>\n<\/div>\n<p>&nbsp;<\/p>\n<p style=\"margin: 8px 0 0 0; padding: 0 4px;\"><a style=\"color: #000; font-family: Arial,sans-serif; font-size: 14px; font-style: normal; font-weight: normal; line-height: 17px; text-decoration: none; word-wrap: break-word;\" href=\"https:\/\/www.instagram.com\/p\/CAQGl5IDFBh\/?utm_source=ig_embed&amp;utm_campaign=loading\" target=\"_blank\" rel=\"noopener\">#lorealtakespart and commits for the greater good &#x1f64f; With \u201cL\u2019Or\u00e9al for the future\u201d, we commit to support vulnerable #women across the world and to contribute to the protection of the #environment with a 150 million programme &#x1f469;&#x1f331; Swipe left to discover this unprecedented initiative &#x1f448; #sharingbeautywithall #sustainability<\/a><\/p>\n<p style=\"color: #c9c8cd; font-family: Arial,sans-serif; font-size: 14px; line-height: 17px; margin-bottom: 0; margin-top: 8px; overflow: hidden; padding: 8px 0 7px; text-align: center; text-overflow: ellipsis; white-space: nowrap;\">Una publicaci\u00f3n compartida de <a style=\"color: #c9c8cd; font-family: Arial,sans-serif; font-size: 14px; font-style: normal; font-weight: normal; line-height: 17px;\" href=\"https:\/\/www.instagram.com\/loreal\/?utm_source=ig_embed&amp;utm_campaign=loading\" target=\"_blank\" rel=\"noopener\"> L&#8217;Ore\u0301al Group<\/a> (@loreal) el <time style=\"font-family: Arial,sans-serif; font-size: 14px; line-height: 17px;\" datetime=\"2020-05-16T14:10:55+00:00\">16 May, 2020 a las 7:10 PDT<\/time><\/p>\n<\/div>\n<\/blockquote>\n<p><script async src=\"\/\/www.instagram.com\/embed.js\"><\/script><\/p>\n<!-- AddThis Advanced Settings generic via filter on the_content --><!-- AddThis Share Buttons generic via filter on the_content -->","protected":false},"excerpt":{"rendered":"<p>\u00abL\u2019Or\u00e9al for the Future\u00bb , un programa social y ambiental que tiene como objetivo varios puntos importantes durante la supervivencia a la pandemia que nos toca.\u00a0 Desde la firma, Jean-Paul Agon, Presidente y Director General de L\u2019Or\u00e9al afirm\u00f3 que: \u00abEn los pr\u00f3ximos meses, nuestras sociedades enfrentar\u00e1n crisis sociales que dar\u00e1n lugar a situaciones de gran [&hellip;]<!-- AddThis Advanced Settings generic via filter on get_the_excerpt --><!-- AddThis Share Buttons generic via filter on get_the_excerpt --><\/p>\n","protected":false},"author":6,"featured_media":27010,"comment_status":"closed","ping_status":"open","sticky":false,"template":"","format":"standard","meta":{"_acf_changed":false,"om_disable_all_campaigns":false,"_monsterinsights_skip_tracking":false,"_monsterinsights_sitenote_active":false,"_monsterinsights_sitenote_note":"","_monsterinsights_sitenote_category":0,"_uf_show_specific_survey":0,"_uf_disable_surveys":false,"footnotes":""},"categories":[376,100],"tags":[],"class_list":["post-27009","post","type-post","status-publish","format-standard","has-post-thumbnail","hentry","category-lifestyle","category-noticias"],"acf":[],"aioseo_notices":[],"_links":{"self":[{"href":"https:\/\/www.lasrosas.com.ar\/portal\/wp-json\/wp\/v2\/posts\/27009","targetHints":{"allow":["GET"]}}],"collection":[{"href":"https:\/\/www.lasrosas.com.ar\/portal\/wp-json\/wp\/v2\/posts"}],"about":[{"href":"https:\/\/www.lasrosas.com.ar\/portal\/wp-json\/wp\/v2\/types\/post"}],"author":[{"embeddable":true,"href":"https:\/\/www.lasrosas.com.ar\/portal\/wp-json\/wp\/v2\/users\/6"}],"replies":[{"embeddable":true,"href":"https:\/\/www.lasrosas.com.ar\/portal\/wp-json\/wp\/v2\/comments?post=27009"}],"version-history":[{"count":0,"href":"https:\/\/www.lasrosas.com.ar\/portal\/wp-json\/wp\/v2\/posts\/27009\/revisions"}],"wp:featuredmedia":[{"embeddable":true,"href":"https:\/\/www.lasrosas.com.ar\/portal\/wp-json\/wp\/v2\/media\/27010"}],"wp:attachment":[{"href":"https:\/\/www.lasrosas.com.ar\/portal\/wp-json\/wp\/v2\/media?parent=27009"}],"wp:term":[{"taxonomy":"category","embeddable":true,"href":"https:\/\/www.lasrosas.com.ar\/portal\/wp-json\/wp\/v2\/categories?post=27009"},{"taxonomy":"post_tag","embeddable":true,"href":"https:\/\/www.lasrosas.com.ar\/portal\/wp-json\/wp\/v2\/tags?post=27009"}],"curies":[{"name":"wp","href":"https:\/\/api.w.org\/{rel}","templated":true}]}}