{"id":26932,"date":"2020-05-18T15:12:27","date_gmt":"2020-05-18T18:12:27","guid":{"rendered":"https:\/\/www.lasrosas.com.ar\/portal\/?p=26932"},"modified":"2020-05-18T15:12:27","modified_gmt":"2020-05-18T18:12:27","slug":"la-alimentacion-de-hoy-es-la-salud-del-manana-3","status":"publish","type":"post","link":"https:\/\/www.lasrosas.com.ar\/portal\/la-alimentacion-de-hoy-es-la-salud-del-manana-3\/","title":{"rendered":"LA ALIMENTACI\u00d3N DE HOY ES LA SALUD DEL MA\u00d1ANA"},"content":{"rendered":"<p><em><strong>Porqu\u00e9 necesitamos comer dulces? Es incre\u00edble como deseamos tanto comer algo dulce en varias oportunidades del d\u00eda. Generalmente las principales causas son la ansiedad, falta de descanso o desorden alimenticio.<\/strong><\/em><\/p>\n<p>Uno de los primeros sabores que experimentamos en nuestras vidas es la leche materna y es dulce. Es hermoso volver al primer recuerdo. Cuando vivimos momentos dif\u00edciles, emociones que nos hacen mal acudimos al placer moment\u00e1neo, un poco de felicidad! El hecho de sentirnos mal nos da la sensaci\u00f3n de falta de energ\u00eda y por esta raz\u00f3n buscamos una fuente con mucha energ\u00eda, para que nos levante el \u00e1nimo.<br \/>\nTambi\u00e9n cuando estamos tristes, deprimidos, un chocolate puede ser un abrazo. Y as\u00ed existen muchas razones m\u00e1s por la cuales acudimos a una fuente rica en energ\u00eda para pasar los malos momentos. La falta de descanso est\u00e1 tambi\u00e9n asociada a la falta de energ\u00eda. Si no descansamos bien necesitamos m\u00e1s energ\u00eda y acudimos a lo dulce.<br \/>\nLa desorganizaci\u00f3n en nuestra alimentaci\u00f3n diaria tambi\u00e9n influye much\u00edsimo, ya que pasamos periodos prolongados sin ingerir alimentos y en determinados momentos nuestro cuerpo nos exige la ingesta de energ\u00eda en cantidad para recuperarnos y seguir.<br \/>\nHoy en d\u00eda creo que de todas estas razones la que m\u00e1s debemos controlar y tener en cuenta es la ansiedad y el estr\u00e9s. El momento que estamos viviendo es muy dif\u00edcil de sobrellevar y por eso necesitamos m\u00e1s que nunca los dulces!<br \/>\nDebemos mejorar nuestros h\u00e1bitos !! Cuando tenemos ganas de comer algo dulce buscar alimentos saludables o una fruta puede ser nuestra mejor opci\u00f3n; descansar bien y realizar las 4 comidas principales, en lo posible agregar dos colaciones m\u00e1s en media ma\u00f1ana y media tarde para mantenernos saciados, con energ\u00eda y sin necesidad de acudir a una gran fuente de energ\u00eda. Todos los excesos de energ\u00eda quedan acumulados en nuestro cuerpo y as\u00ed subimos de peso.<br \/>\nTenemos para ofrecerles los Budines y PROTTORTAS para esos momentos de ansiedad. El bud\u00edn de chocolate que est\u00e1 hecho de claras de huevo y avena, sin harina, az\u00facar y grasas Trans, tiene un relleno de dulce de leche endulzado con stevia y pasta de man\u00ed. Es realmente exquisito y nos ayuda a pasar esos momentos de ansiedad sanamente.<br \/>\nVienen 7 sabores de PROTTORTA para disfrutar: coco, chocolate, ar\u00e1ndanos, marmolada, naranja\/lim\u00f3n, manzana y salada. 0% Harina 0% Az\u00facar 0% Grasas Trans.<\/p>\n<blockquote class=\"instagram-media\" style=\"background: #FFF; border: 0; border-radius: 3px; box-shadow: 0 0 1px 0 rgba(0,0,0,0.5),0 1px 10px 0 rgba(0,0,0,0.15); margin: 1px; max-width: 540px; min-width: 326px; padding: 0; width: calc(100% - 2px);\" data-instgrm-captioned=\"\" data-instgrm-permalink=\"https:\/\/www.instagram.com\/p\/CAJcrb3pCVy\/?utm_source=ig_embed&amp;utm_campaign=loading\" data-instgrm-version=\"12\">\n<div style=\"padding: 16px;\">\n<p>&nbsp;<\/p>\n<div style=\"display: flex; flex-direction: row; align-items: center;\">\n<div style=\"background-color: #f4f4f4; border-radius: 50%; flex-grow: 0; height: 40px; margin-right: 14px; width: 40px;\"><\/div>\n<div style=\"display: flex; flex-direction: column; flex-grow: 1; justify-content: center;\">\n<div style=\"background-color: #f4f4f4; border-radius: 4px; flex-grow: 0; height: 14px; margin-bottom: 6px; width: 100px;\"><\/div>\n<div style=\"background-color: #f4f4f4; border-radius: 4px; flex-grow: 0; height: 14px; width: 60px;\"><\/div>\n<\/div>\n<\/div>\n<div style=\"padding: 19% 0;\"><\/div>\n<div style=\"display: block; height: 50px; margin: 0 auto 12px; width: 50px;\"><\/div>\n<div style=\"padding-top: 8px;\">\n<div style=\"color: #3897f0; font-family: Arial,sans-serif; font-size: 14px; font-style: normal; font-weight: 550; line-height: 18px;\">Ver esta publicaci\u00f3n en Instagram<\/div>\n<\/div>\n<div style=\"padding: 12.5% 0;\"><\/div>\n<div style=\"display: flex; flex-direction: row; margin-bottom: 14px; align-items: center;\">\n<div>\n<div style=\"background-color: #f4f4f4; border-radius: 50%; height: 12.5px; width: 12.5px; transform: translateX(0px) translateY(7px);\"><\/div>\n<div style=\"background-color: #f4f4f4; height: 12.5px; transform: rotate(-45deg) translateX(3px) translateY(1px); width: 12.5px; flex-grow: 0; margin-right: 14px; margin-left: 2px;\"><\/div>\n<div style=\"background-color: #f4f4f4; border-radius: 50%; height: 12.5px; width: 12.5px; transform: translateX(9px) translateY(-18px);\"><\/div>\n<\/div>\n<div style=\"margin-left: 8px;\">\n<div style=\"background-color: #f4f4f4; border-radius: 50%; flex-grow: 0; height: 20px; width: 20px;\"><\/div>\n<div style=\"width: 0; height: 0; border-top: 2px solid transparent; border-left: 6px solid #f4f4f4; border-bottom: 2px solid transparent; transform: translateX(16px) translateY(-4px) rotate(30deg);\"><\/div>\n<\/div>\n<div style=\"margin-left: auto;\">\n<div style=\"width: 0px; border-top: 8px solid #F4F4F4; border-right: 8px solid transparent; transform: translateY(16px);\"><\/div>\n<div style=\"background-color: #f4f4f4; flex-grow: 0; height: 12px; width: 16px; transform: translateY(-4px);\"><\/div>\n<div style=\"width: 0; height: 0; border-top: 8px solid #F4F4F4; border-left: 8px solid transparent; transform: translateY(-4px) translateX(8px);\"><\/div>\n<\/div>\n<\/div>\n<p>&nbsp;<\/p>\n<p style=\"margin: 8px 0 0 0; padding: 0 4px;\"><a style=\"color: #000; font-family: Arial,sans-serif; font-size: 14px; font-style: normal; font-weight: normal; line-height: 17px; text-decoration: none; word-wrap: break-word;\" href=\"https:\/\/www.instagram.com\/p\/CAJcrb3pCVy\/?utm_source=ig_embed&amp;utm_campaign=loading\" target=\"_blank\" rel=\"noopener\">Consumir 1\/2 PROTTORTA en el desayuno y 1\/2 en la merienda mejora tu alimentacio\u0301n en un 50%&#x203c;&#xfe0f; Conoce sus Beneficios: Te ayuda a reducir el peso. Reduce el colesterol. Regula el sistema digestivo. Controla los niveles de azu\u0301car. Te mantiene saciado. Es favorable para la piel. Regenera los tejidos. .  Proba por 10 di\u0301as y senti\u0301 la diferencia&#x2757;&#xfe0f; . Elaborada a base de avena y claras de huevo. &#x2705;Sin conservantes. &#x2705;0% Azu\u0301car. &#x2705;0% Harinas. &#x2705;0% Grasas Trans. Con una exquisita variedad para todos los gustos: Chocolate. Ara\u0301ndanos. Manzana. &#x26aa;&#xfe0f;Coco. Marmolada. Naranja\/Limo\u0301n. Salada. . ENVI\u0301OS A DOMICILIO GRATIS 3516643929 . Villa Maria @prottortavm . Ri\u0301o Tercero @prottorta_provviandario3 . Villa Carlos Paz @prottortavcp . San Juan @prottorta_provviandasanjuan . . #ReLife #PROTTORTA #PROVVIANDA #ViandasSaludables #AlimentacionSaludable #vidasana #conciencia #bajardepeso #yomequedoencasa #quedateencasa<\/a><\/p>\n<p style=\"color: #c9c8cd; font-family: Arial,sans-serif; font-size: 14px; line-height: 17px; margin-bottom: 0; margin-top: 8px; overflow: hidden; padding: 8px 0 7px; text-align: center; text-overflow: ellipsis; white-space: nowrap;\">Una publicaci\u00f3n compartida de <a style=\"color: #c9c8cd; font-family: Arial,sans-serif; font-size: 14px; font-style: normal; font-weight: normal; line-height: 17px;\" href=\"https:\/\/www.instagram.com\/prottorta_provvianda\/?utm_source=ig_embed&amp;utm_campaign=loading\" target=\"_blank\" rel=\"noopener\"> Prottorta-Provvianda&lt;Relife&gt;<\/a> (@prottorta_provvianda) el <time style=\"font-family: Arial,sans-serif; font-size: 14px; line-height: 17px;\" datetime=\"2020-05-14T00:09:14+00:00\">13 May, 2020 a las 5:09 PDT<\/time><\/p>\n<\/div>\n<\/blockquote>\n<p><script async src=\"\/\/www.instagram.com\/embed.js\"><\/script><\/p>\n<!-- AddThis Advanced Settings generic via filter on the_content --><!-- AddThis Share Buttons generic via filter on the_content -->","protected":false},"excerpt":{"rendered":"<p>Porqu\u00e9 necesitamos comer dulces? Es incre\u00edble como deseamos tanto comer algo dulce en varias oportunidades del d\u00eda. Generalmente las principales causas son la ansiedad, falta de descanso o desorden alimenticio. Uno de los primeros sabores que experimentamos en nuestras vidas es la leche materna y es dulce. Es hermoso volver al primer recuerdo. Cuando vivimos [&hellip;]<!-- AddThis Advanced Settings generic via filter on get_the_excerpt --><!-- AddThis Share Buttons generic via filter on get_the_excerpt --><\/p>\n","protected":false},"author":6,"featured_media":26933,"comment_status":"closed","ping_status":"open","sticky":false,"template":"","format":"standard","meta":{"_acf_changed":false,"om_disable_all_campaigns":false,"_monsterinsights_skip_tracking":false,"_monsterinsights_sitenote_active":false,"_monsterinsights_sitenote_note":"","_monsterinsights_sitenote_category":0,"_uf_show_specific_survey":0,"_uf_disable_surveys":false,"footnotes":""},"categories":[376],"tags":[],"class_list":["post-26932","post","type-post","status-publish","format-standard","has-post-thumbnail","hentry","category-lifestyle"],"acf":[],"aioseo_notices":[],"_links":{"self":[{"href":"https:\/\/www.lasrosas.com.ar\/portal\/wp-json\/wp\/v2\/posts\/26932","targetHints":{"allow":["GET"]}}],"collection":[{"href":"https:\/\/www.lasrosas.com.ar\/portal\/wp-json\/wp\/v2\/posts"}],"about":[{"href":"https:\/\/www.lasrosas.com.ar\/portal\/wp-json\/wp\/v2\/types\/post"}],"author":[{"embeddable":true,"href":"https:\/\/www.lasrosas.com.ar\/portal\/wp-json\/wp\/v2\/users\/6"}],"replies":[{"embeddable":true,"href":"https:\/\/www.lasrosas.com.ar\/portal\/wp-json\/wp\/v2\/comments?post=26932"}],"version-history":[{"count":0,"href":"https:\/\/www.lasrosas.com.ar\/portal\/wp-json\/wp\/v2\/posts\/26932\/revisions"}],"wp:featuredmedia":[{"embeddable":true,"href":"https:\/\/www.lasrosas.com.ar\/portal\/wp-json\/wp\/v2\/media\/26933"}],"wp:attachment":[{"href":"https:\/\/www.lasrosas.com.ar\/portal\/wp-json\/wp\/v2\/media?parent=26932"}],"wp:term":[{"taxonomy":"category","embeddable":true,"href":"https:\/\/www.lasrosas.com.ar\/portal\/wp-json\/wp\/v2\/categories?post=26932"},{"taxonomy":"post_tag","embeddable":true,"href":"https:\/\/www.lasrosas.com.ar\/portal\/wp-json\/wp\/v2\/tags?post=26932"}],"curies":[{"name":"wp","href":"https:\/\/api.w.org\/{rel}","templated":true}]}}