{"id":26915,"date":"2020-05-16T14:43:32","date_gmt":"2020-05-16T17:43:32","guid":{"rendered":"https:\/\/www.lasrosas.com.ar\/portal\/?p=26915"},"modified":"2020-05-16T14:48:25","modified_gmt":"2020-05-16T17:48:25","slug":"26915-2","status":"publish","type":"post","link":"https:\/\/www.lasrosas.com.ar\/portal\/26915-2\/","title":{"rendered":"LAS 5 NOTICIAS M\u00c1S LE\u00cdDAS DE LA SEMANA!"},"content":{"rendered":"<p><strong>1- LA TIERNA FOTO DE LA CHINA SUAREZ QUE CONFIRMAR\u00cdA SU EMBARAZO:<\/strong> La actriz poste\u00f3 hace unos momentos, una dulce postal en donde se la v\u00e9 a ella recostada con una pancita de embarazada. La china confirmar\u00eda su tercer embarazo, el primero que fue frutos de la relaci\u00f3n que ten\u00eda con Nicolas Cabr\u00e9 y el segundo ya con su actual pareja, Benjamin Vicu\u00f1a con quien tambi\u00e9n estar\u00eda esperando el pr\u00f3ximo beb\u00e9 en camino.<\/p>\n<p><img decoding=\"async\" class=\"aligncenter size-thumbnail wp-image-26779 lazyload\" data-src=\"https:\/\/www.lasrosas.com.ar\/portal\/wp-content\/uploads\/china-9-640x480.jpg\" alt=\"\" width=\"640\" height=\"480\" src=\"data:image\/svg+xml;base64,PHN2ZyB3aWR0aD0iMSIgaGVpZ2h0PSIxIiB4bWxucz0iaHR0cDovL3d3dy53My5vcmcvMjAwMC9zdmciPjwvc3ZnPg==\" style=\"--smush-placeholder-width: 640px; --smush-placeholder-aspect-ratio: 640\/480;\" \/><\/p>\n<p><strong>2- MUY PRONTO SE ESTRENAR\u00c1 LA PEL\u00cdCULA INTERPRETADA POR LOPILATO Y FURRIEL:<\/strong> \u00abLa Corazonada\u00bb se estrenar\u00e1 el 28 de marzo a trav\u00e9s de la plataforma de Netflix. Una pel\u00edcula protagonizada por Joaquin Furriel junto a Luisana Lopilato. La pel\u00edcula est\u00e1 dirigida por\u00a0Alejandro Montiel y basada en la novela \u00abLa Virgen en tus Ojos\u00bb de Florencia Etcheves.<\/p>\n<p><img decoding=\"async\" class=\"aligncenter size-thumbnail wp-image-26787 lazyload\" data-src=\"https:\/\/www.lasrosas.com.ar\/portal\/wp-content\/uploads\/la-corazonada-joaquin-furriel-luisana-lopilato1-640x480.jpg\" alt=\"\" width=\"640\" height=\"480\" src=\"data:image\/svg+xml;base64,PHN2ZyB3aWR0aD0iMSIgaGVpZ2h0PSIxIiB4bWxucz0iaHR0cDovL3d3dy53My5vcmcvMjAwMC9zdmciPjwvc3ZnPg==\" style=\"--smush-placeholder-width: 640px; --smush-placeholder-aspect-ratio: 640\/480;\" \/><\/p>\n<p><strong>3-LAS CHICAS DEL CABLE YA TIENEN LA FECHA DE SU FINAL DE SERIE:\u00a0<\/strong>Hace tres a\u00f1os se estrenaba una de las series mas vistas en la actualidad y hoy estamos ya a un paso del gran final. La serie protagonizada por\u00a0Blanca Su\u00e1rez, Yon Gonz\u00e1lez, Maggie Civantos, Ana Fern\u00e1ndez, Nadia de Santiago, Marti\u00f1o Rivas y Ana Polvorosa, tiene como cierre a la temporada 5, a finales de julio del corriente a\u00f1o. \u00abNuestro destino ser\u00e1 no olvidarlas\u00bb<\/p>\n<p><img decoding=\"async\" class=\"aligncenter size-thumbnail wp-image-26857 lazyload\" data-src=\"https:\/\/www.lasrosas.com.ar\/portal\/wp-content\/uploads\/portada-chicas-t-640x480.jpg\" alt=\"\" width=\"640\" height=\"480\" src=\"data:image\/svg+xml;base64,PHN2ZyB3aWR0aD0iMSIgaGVpZ2h0PSIxIiB4bWxucz0iaHR0cDovL3d3dy53My5vcmcvMjAwMC9zdmciPjwvc3ZnPg==\" style=\"--smush-placeholder-width: 640px; --smush-placeholder-aspect-ratio: 640\/480;\" \/><\/p>\n<p><strong>4-DAVID BISBAL SER\u00c1 NUEVAMENTE PADRE!:<\/strong> Por tercera vez, el cantante anunci\u00f3\u00a0 a trav\u00e9s de su cuenta de Instagram, que junto con su mujer est\u00e1n en la dulce espera.\u00a0<em>\u201cSoy un enamorado de mi familia y estamos muy felices de que siga creciendo.\u00a0Hace cuatro meses recibimos la mejor noticia, \u00a1beb\u00e9 en camino!\u00a0Pronto seremos cinco @rosannazanetti\u201d<\/em>\u00a0\u2013 public\u00f3 David en su perfil de Instagram.<\/p>\n<p><img decoding=\"async\" class=\"aligncenter size-thumbnail wp-image-26791 lazyload\" data-src=\"https:\/\/www.lasrosas.com.ar\/portal\/wp-content\/uploads\/1589278234084david-bisbal-y-su-esposa-640x480.jpg\" alt=\"\" width=\"640\" height=\"480\" src=\"data:image\/svg+xml;base64,PHN2ZyB3aWR0aD0iMSIgaGVpZ2h0PSIxIiB4bWxucz0iaHR0cDovL3d3dy53My5vcmcvMjAwMC9zdmciPjwvc3ZnPg==\" style=\"--smush-placeholder-width: 640px; --smush-placeholder-aspect-ratio: 640\/480;\" \/><\/p>\n<p><strong>5-RESIDENTE ESTREN\u00d3 \u00abANTES QUE EL MUNDO SE ACABE\u00bb:\u00a0<\/strong>Ren\u00e9 Per\u00e9z lanz\u00f3 hace unas horas un nuevo tema en donde varias celebridades del mundo, forman parte del videoclip que ya podemos ver a trav\u00e9s de YouTube.\u00a0<em>\u00abAcaba de salir este video que se hizo para que nos hiciera compa\u00f1\u00eda .Compartimos el mismo miedo porque nunca nos hab\u00edamos enfrentado en estos tiempos a una pandemia como esta pero nunca una pandemia se hab\u00eda enfrentado a gente solidaria como nosotros\u00bb-\u00a0<\/em>Twitte\u00f3 el artista en su cuenta personal.<\/p>\n<p><img decoding=\"async\" class=\"aligncenter size-thumbnail wp-image-26889 lazyload\" data-src=\"https:\/\/www.lasrosas.com.ar\/portal\/wp-content\/uploads\/21541-640x480.jpg\" alt=\"\" width=\"640\" height=\"480\" src=\"data:image\/svg+xml;base64,PHN2ZyB3aWR0aD0iMSIgaGVpZ2h0PSIxIiB4bWxucz0iaHR0cDovL3d3dy53My5vcmcvMjAwMC9zdmciPjwvc3ZnPg==\" style=\"--smush-placeholder-width: 640px; --smush-placeholder-aspect-ratio: 640\/480;\" \/><\/p>\n<p>&nbsp;<\/p>\n<p>&nbsp;<\/p>\n<!-- AddThis Advanced Settings generic via filter on the_content --><!-- AddThis Share Buttons generic via filter on the_content -->","protected":false},"excerpt":{"rendered":"<p>1- LA TIERNA FOTO DE LA CHINA SUAREZ QUE CONFIRMAR\u00cdA SU EMBARAZO: La actriz poste\u00f3 hace unos momentos, una dulce postal en donde se la v\u00e9 a ella recostada con una pancita de embarazada. La china confirmar\u00eda su tercer embarazo, el primero que fue frutos de la relaci\u00f3n que ten\u00eda con Nicolas Cabr\u00e9 y el [&hellip;]<!-- AddThis Advanced Settings generic via filter on get_the_excerpt --><!-- AddThis Share Buttons generic via filter on get_the_excerpt --><\/p>\n","protected":false},"author":6,"featured_media":26916,"comment_status":"closed","ping_status":"open","sticky":false,"template":"","format":"standard","meta":{"_acf_changed":false,"om_disable_all_campaigns":false,"_monsterinsights_skip_tracking":false,"_monsterinsights_sitenote_active":false,"_monsterinsights_sitenote_note":"","_monsterinsights_sitenote_category":0,"_uf_show_specific_survey":0,"_uf_disable_surveys":false,"footnotes":""},"categories":[234,100],"tags":[],"class_list":["post-26915","post","type-post","status-publish","format-standard","has-post-thumbnail","hentry","category-trend","category-noticias"],"acf":[],"aioseo_notices":[],"_links":{"self":[{"href":"https:\/\/www.lasrosas.com.ar\/portal\/wp-json\/wp\/v2\/posts\/26915","targetHints":{"allow":["GET"]}}],"collection":[{"href":"https:\/\/www.lasrosas.com.ar\/portal\/wp-json\/wp\/v2\/posts"}],"about":[{"href":"https:\/\/www.lasrosas.com.ar\/portal\/wp-json\/wp\/v2\/types\/post"}],"author":[{"embeddable":true,"href":"https:\/\/www.lasrosas.com.ar\/portal\/wp-json\/wp\/v2\/users\/6"}],"replies":[{"embeddable":true,"href":"https:\/\/www.lasrosas.com.ar\/portal\/wp-json\/wp\/v2\/comments?post=26915"}],"version-history":[{"count":0,"href":"https:\/\/www.lasrosas.com.ar\/portal\/wp-json\/wp\/v2\/posts\/26915\/revisions"}],"wp:featuredmedia":[{"embeddable":true,"href":"https:\/\/www.lasrosas.com.ar\/portal\/wp-json\/wp\/v2\/media\/26916"}],"wp:attachment":[{"href":"https:\/\/www.lasrosas.com.ar\/portal\/wp-json\/wp\/v2\/media?parent=26915"}],"wp:term":[{"taxonomy":"category","embeddable":true,"href":"https:\/\/www.lasrosas.com.ar\/portal\/wp-json\/wp\/v2\/categories?post=26915"},{"taxonomy":"post_tag","embeddable":true,"href":"https:\/\/www.lasrosas.com.ar\/portal\/wp-json\/wp\/v2\/tags?post=26915"}],"curies":[{"name":"wp","href":"https:\/\/api.w.org\/{rel}","templated":true}]}}