{"id":26834,"date":"2020-05-13T17:01:57","date_gmt":"2020-05-13T20:01:57","guid":{"rendered":"https:\/\/www.lasrosas.com.ar\/portal\/?p=26834"},"modified":"2020-05-13T17:01:57","modified_gmt":"2020-05-13T20:01:57","slug":"habitos-que-cambiaron-en-la-cuarentena-mjnutricionn","status":"publish","type":"post","link":"https:\/\/www.lasrosas.com.ar\/portal\/habitos-que-cambiaron-en-la-cuarentena-mjnutricionn\/","title":{"rendered":"H\u00c1BITOS QUE CAMBIARON EN LA CUARENTENA @MJNUTRICIONN"},"content":{"rendered":"<div><em>POR: Rocio Sosa- @rososajuarez<\/em><\/div>\n<div><\/div>\n<div><em><strong>Se public\u00f3 un estudio que arroj\u00f3 resultados preliminares, al final de la cuarentena estar\u00e1n los resultados finales.\u00a0La muestra total fue de 1518 personas de una poblaci\u00f3n que consume carne y otra poblaaci\u00f3n vegetariana.\u00a0<\/strong><\/em><\/div>\n<div><\/div>\n<div>En el estudi\u00f3, se especific\u00f3 que mas de la mitad de ambas poblaciones aumentaron su consumo alimentario por estr\u00e9s y ansiedad. Comparando con los datos de @mjnutricionn, se vi\u00f3 que es similar.<em> \u00abComen mas de lo habitual, no se organizan con los horarios, es un tema que puede generar sostenido en el tiempo, modificaciones en la composici\u00f3n corporal y perjudicial para la salud.\u00bb<\/em> &#8211; Estableci\u00f3 Josefina Zalazar, licenciada en Nutrici\u00f3n.<\/div>\n<div><\/div>\n<blockquote class=\"instagram-media\" style=\"background: #FFF; border: 0; border-radius: 3px; box-shadow: 0 0 1px 0 rgba(0,0,0,0.5),0 1px 10px 0 rgba(0,0,0,0.15); margin: 1px; max-width: 540px; min-width: 326px; padding: 0; width: calc(100% - 2px);\" data-instgrm-captioned=\"\" data-instgrm-permalink=\"https:\/\/www.instagram.com\/tv\/B_z9O9_AJe0\/?utm_source=ig_embed&amp;utm_campaign=loading\" data-instgrm-version=\"12\">\n<div style=\"padding: 16px;\">\n<p>&nbsp;<\/p>\n<div style=\"display: flex; flex-direction: row; align-items: center;\">\n<div style=\"background-color: #f4f4f4; border-radius: 50%; flex-grow: 0; height: 40px; margin-right: 14px; width: 40px;\"><\/div>\n<div style=\"display: flex; flex-direction: column; flex-grow: 1; justify-content: center;\">\n<div style=\"background-color: #f4f4f4; border-radius: 4px; flex-grow: 0; height: 14px; margin-bottom: 6px; width: 100px;\"><\/div>\n<div style=\"background-color: #f4f4f4; border-radius: 4px; flex-grow: 0; height: 14px; width: 60px;\"><\/div>\n<\/div>\n<\/div>\n<div style=\"padding: 19% 0;\"><\/div>\n<div style=\"display: block; height: 50px; margin: 0 auto 12px; width: 50px;\"><\/div>\n<div style=\"padding-top: 8px;\">\n<div style=\"color: #3897f0; font-family: Arial,sans-serif; font-size: 14px; font-style: normal; font-weight: 550; line-height: 18px;\">Ver esta publicaci\u00f3n en Instagram<\/div>\n<\/div>\n<div style=\"padding: 12.5% 0;\"><\/div>\n<div style=\"display: flex; flex-direction: row; margin-bottom: 14px; align-items: center;\">\n<div>\n<div style=\"background-color: #f4f4f4; border-radius: 50%; height: 12.5px; width: 12.5px; transform: translateX(0px) translateY(7px);\"><\/div>\n<div style=\"background-color: #f4f4f4; height: 12.5px; transform: rotate(-45deg) translateX(3px) translateY(1px); width: 12.5px; flex-grow: 0; margin-right: 14px; margin-left: 2px;\"><\/div>\n<div style=\"background-color: #f4f4f4; border-radius: 50%; height: 12.5px; width: 12.5px; transform: translateX(9px) translateY(-18px);\"><\/div>\n<\/div>\n<div style=\"margin-left: 8px;\">\n<div style=\"background-color: #f4f4f4; border-radius: 50%; flex-grow: 0; height: 20px; width: 20px;\"><\/div>\n<div style=\"width: 0; height: 0; border-top: 2px solid transparent; border-left: 6px solid #f4f4f4; border-bottom: 2px solid transparent; transform: translateX(16px) translateY(-4px) rotate(30deg);\"><\/div>\n<\/div>\n<div style=\"margin-left: auto;\">\n<div style=\"width: 0px; border-top: 8px solid #F4F4F4; border-right: 8px solid transparent; transform: translateY(16px);\"><\/div>\n<div style=\"background-color: #f4f4f4; flex-grow: 0; height: 12px; width: 16px; transform: translateY(-4px);\"><\/div>\n<div style=\"width: 0; height: 0; border-top: 8px solid #F4F4F4; border-left: 8px solid transparent; transform: translateY(-4px) translateX(8px);\"><\/div>\n<\/div>\n<\/div>\n<p>&nbsp;<\/p>\n<p style=\"margin: 8px 0 0 0; padding: 0 4px;\"><a style=\"color: #000; font-family: Arial,sans-serif; font-size: 14px; font-style: normal; font-weight: normal; line-height: 17px; text-decoration: none; word-wrap: break-word;\" href=\"https:\/\/www.instagram.com\/tv\/B_z9O9_AJe0\/?utm_source=ig_embed&amp;utm_campaign=loading\" target=\"_blank\" rel=\"noopener\">&#x1f446;&#x1f3fb;Algo que me falt\u00f3 agregar en el video es que tambi\u00e9n, muchas personas omiten los productos integrales por prescripci\u00f3n m\u00e9dica, ante ciertas patolog\u00edas como: colon irritable o divert\u00edculos, y evidencia actual demuestra: . &#x1f4da;Que una incorporaci\u00f3n paulatina, controlada y supervisads de fibra , en estos pacientes, mejora la s\u00edntomatolog\u00eda y la salud intestinal. . &#x1f9e0;&#x1f446;&#x1f3fb;LA SOLUCI\u00d3N no es eliminar la fibra, si no aprender a consumirla. . &#x1f49c;&#x1f446;&#x1f3fb;Por otro lado, debemos ver a la alimentaci\u00f3n como un TODO y adaptarla a los objetivos y momentos nutricionales y dejar de analizar a los alimentos de manera AISLADA. Sobretodo, cuando de deportistas se trata. . &#x1f4da;&#x1f4d0;&#x1f64f;&#x1f3fb;Espero que sirva este valioso aporte.<\/a><\/p>\n<p style=\"color: #c9c8cd; font-family: Arial,sans-serif; font-size: 14px; line-height: 17px; margin-bottom: 0; margin-top: 8px; overflow: hidden; padding: 8px 0 7px; text-align: center; text-overflow: ellipsis; white-space: nowrap;\">Una publicaci\u00f3n compartida de <a style=\"color: #c9c8cd; font-family: Arial,sans-serif; font-size: 14px; font-style: normal; font-weight: normal; line-height: 17px;\" href=\"https:\/\/www.instagram.com\/mjnutricionn\/?utm_source=ig_embed&amp;utm_campaign=loading\" target=\"_blank\" rel=\"noopener\"> Lic. Josefina Zalazar<\/a> (@mjnutricionn) el <time style=\"font-family: Arial,sans-serif; font-size: 14px; line-height: 17px;\" datetime=\"2020-05-05T15:54:26+00:00\">5 May, 2020 a las 8:54 PDT<\/time><\/p>\n<\/div>\n<\/blockquote>\n<p><script async src=\"\/\/www.instagram.com\/embed.js\"><\/script><\/p>\n<p>Fueron muchos los factores que se evaluaron con este estudio en cuanto a h\u00e1bitos alimentarios. Los alimentos altos en harina, azucares, grasas y dem\u00e1s, tambi\u00e9n recibieron un aumento en el consumo y refirieron haber bajado el consumo de frutas y verduras. Nosotros sabemos que las frutas y las verduras son la principal fuente de vitamina y minerales y es bueno destacar que es super importante este punto de recomendaci\u00f3n. En los resultados del estudio, las personas vegetarianas si lograba, en su mayor\u00eda, llegar a esta recomendaci\u00f3n pero el resto de la poblaci\u00f3n no. Adem\u00e1s a tener en cuenta, que estos alimentos son los principales facilitadores de que nuestro sistema inmune funcione correctamente.<\/p>\n<p><strong>\u00bfEsta disminuci\u00f3n de estos productos, preocupa a la hora de la cuarentena con todos los cambios de tiempo que se vienen?<\/strong><\/p>\n<p>Exactamente, si bien el mecanismo de acci\u00f3n del covid-19 sigue en estudio, ya existe evidencia cient\u00edfica que cuando el virus se introduce en el organismo, produce una numerosa cantidad de sustancia proinflamatorias que act\u00faan contra el propio sistema inmune. Es fundamental la alimentaci\u00f3n , no solo para esta enfermedad, sino para cualquier micro organismo pat\u00f3geno que ingresa a nuestro organismo.<\/p>\n<p>Otra de las cosas en que se pusieron \u00e9nfasis es en que hay que prestar mayor atenci\u00f3n al grupo de riesgo, a los adultos mayores o que tienen alguna deficiencia en su sistema inmune y explicaron la necesidad de sumar productos como frutas, verduras, semillas, que son alimentos que proveen sustancia bioactivas anti inflamatorias.<\/p>\n<p><strong>\u00bfCu\u00e1l es el consumo correcto de agua a nivel general?<\/strong><\/p>\n<p>A nivel general, en Argentina, tenemos un peso nivel consumo de agua y encima esta desplazado el consumo de agua por gaseosas, jugos y demas. Y estos productos tienen principalmente en su composici\u00f3n azucares. El tema de la soda es agua y tiene gas, si te puede servir en una ingesta principal e incluso puede generarte mas saciedad temprana pero no es lo mismo. Vas a producir mucha distencion abdominal, en el caso de hacer actividad fisica te puede generar un malestar por eso siempre es importante el consumo del agua.<\/p>\n<p>&nbsp;<\/p>\n<!-- AddThis Advanced Settings generic via filter on the_content --><!-- AddThis Share Buttons generic via filter on the_content -->","protected":false},"excerpt":{"rendered":"<p>POR: Rocio Sosa- @rososajuarez Se public\u00f3 un estudio que arroj\u00f3 resultados preliminares, al final de la cuarentena estar\u00e1n los resultados finales.\u00a0La muestra total fue de 1518 personas de una poblaci\u00f3n que consume carne y otra poblaaci\u00f3n vegetariana.\u00a0 En el estudi\u00f3, se especific\u00f3 que mas de la mitad de ambas poblaciones aumentaron su consumo alimentario por [&hellip;]<!-- AddThis Advanced Settings generic via filter on get_the_excerpt --><!-- AddThis Share Buttons generic via filter on get_the_excerpt --><\/p>\n","protected":false},"author":6,"featured_media":26849,"comment_status":"closed","ping_status":"open","sticky":false,"template":"","format":"standard","meta":{"_acf_changed":false,"om_disable_all_campaigns":false,"_monsterinsights_skip_tracking":false,"_monsterinsights_sitenote_active":false,"_monsterinsights_sitenote_note":"","_monsterinsights_sitenote_category":0,"_uf_show_specific_survey":0,"_uf_disable_surveys":false,"footnotes":""},"categories":[376],"tags":[],"class_list":["post-26834","post","type-post","status-publish","format-standard","has-post-thumbnail","hentry","category-lifestyle"],"acf":[],"aioseo_notices":[],"_links":{"self":[{"href":"https:\/\/www.lasrosas.com.ar\/portal\/wp-json\/wp\/v2\/posts\/26834","targetHints":{"allow":["GET"]}}],"collection":[{"href":"https:\/\/www.lasrosas.com.ar\/portal\/wp-json\/wp\/v2\/posts"}],"about":[{"href":"https:\/\/www.lasrosas.com.ar\/portal\/wp-json\/wp\/v2\/types\/post"}],"author":[{"embeddable":true,"href":"https:\/\/www.lasrosas.com.ar\/portal\/wp-json\/wp\/v2\/users\/6"}],"replies":[{"embeddable":true,"href":"https:\/\/www.lasrosas.com.ar\/portal\/wp-json\/wp\/v2\/comments?post=26834"}],"version-history":[{"count":0,"href":"https:\/\/www.lasrosas.com.ar\/portal\/wp-json\/wp\/v2\/posts\/26834\/revisions"}],"wp:featuredmedia":[{"embeddable":true,"href":"https:\/\/www.lasrosas.com.ar\/portal\/wp-json\/wp\/v2\/media\/26849"}],"wp:attachment":[{"href":"https:\/\/www.lasrosas.com.ar\/portal\/wp-json\/wp\/v2\/media?parent=26834"}],"wp:term":[{"taxonomy":"category","embeddable":true,"href":"https:\/\/www.lasrosas.com.ar\/portal\/wp-json\/wp\/v2\/categories?post=26834"},{"taxonomy":"post_tag","embeddable":true,"href":"https:\/\/www.lasrosas.com.ar\/portal\/wp-json\/wp\/v2\/tags?post=26834"}],"curies":[{"name":"wp","href":"https:\/\/api.w.org\/{rel}","templated":true}]}}