{"id":26760,"date":"2020-05-11T15:12:23","date_gmt":"2020-05-11T18:12:23","guid":{"rendered":"https:\/\/www.lasrosas.com.ar\/portal\/?p=26760"},"modified":"2020-05-11T15:12:23","modified_gmt":"2020-05-11T18:12:23","slug":"los-balcones-los-nuevos-espacios-protagonistas-durante-la-cuarentena","status":"publish","type":"post","link":"https:\/\/www.lasrosas.com.ar\/portal\/los-balcones-los-nuevos-espacios-protagonistas-durante-la-cuarentena\/","title":{"rendered":"LOS BALCONES, LOS NUEVOS ESPACIOS PROTAGONISTAS DURANTE LA CUARENTENA"},"content":{"rendered":"<p><strong><em>Mar\u00eda del Mar Danuzzo, arquitecta del equipo de Familia Bercomat, aconseja c\u00f3mo equipar este lugar que se volvi\u00f3 clave para atravesar los d\u00edas en casa<\/em><\/strong><\/p>\n<p><strong>\u00bfDe qu\u00e9 forma podemos darle un nuevo aspecto al balc\u00f3n? \u00bfQu\u00e9 peque\u00f1os cambios se pueden implementar que sean aptos para la cuarentena?<\/strong><\/p>\n<p>Los balcones son extensiones de nuestro hogar y hoy este espacio que trae un poco de Sol y aire libre es tan esencial que vuelve a cobrar vida \u00a0en esta cuarentena. Para empezar a reorganizar el balc\u00f3n, tendr\u00edamos que preguntarnos qu\u00e9 actividad nos gustar\u00eda desarrollar ah\u00ed: sentarse a tomar algo, comer, tomar Sol, entre otros. A partir de este punto, sabremos qu\u00e9 mobiliario incluir teniendo en cuenta que suelen ser espacios peque\u00f1os. Definiendo los muebles, por ejemplo, dos sillas c\u00f3modas realizadas en hierro y madera aptas para exterior y una mesa chica de apoyo, tenemos un punto de partida. Luego pensamos en la iluminaci\u00f3n: en la mayor\u00eda de los casos basta con una general; las tiras de luces tipo kermesse est\u00e1n muy de moda y quedan s\u00faper divertidas.<\/p>\n<p>Si son balcones o terrazas m\u00e1s grandes, podemos delimitar sectores: un mini living, comedor con una mesa larga y banquetas, una parrilla o huerto; no nos olvidemos de agregar sombra a un determinado espacio a trav\u00e9s de cortinas de mimbre o telas livianas para aprovechar el lugar en horarios donde el Sol est\u00e1 m\u00e1s fuerte.<\/p>\n<p><img decoding=\"async\" class=\"aligncenter size-thumbnail wp-image-26762 lazyload\" data-src=\"https:\/\/www.lasrosas.com.ar\/portal\/wp-content\/uploads\/Balco\u0301n-III-640x480.jpg\" alt=\"\" width=\"640\" height=\"480\" src=\"data:image\/svg+xml;base64,PHN2ZyB3aWR0aD0iMSIgaGVpZ2h0PSIxIiB4bWxucz0iaHR0cDovL3d3dy53My5vcmcvMjAwMC9zdmciPjwvc3ZnPg==\" style=\"--smush-placeholder-width: 640px; --smush-placeholder-aspect-ratio: 640\/480;\" \/><\/p>\n<p><strong>\u00bfAlg\u00fan consejo para que este espacio se vuelva aprovechable para los chicos?<\/strong><\/p>\n<p>Hay actividades que podemos realizarlas en los balcones sin que sean peligrosas para los chicos: plantar flores o especias o agregar un pizarr\u00f3n en alguna pared para que se pueda dibujar con tizas. Otra opci\u00f3n es sumar un cantero con piedritas blancas para que puedan jugar a excavar y descubrir objetos chicos con palas de playa.<\/p>\n<p><strong>\u00bfC\u00f3mo podemos volverlo una oficina\/lugar de trabajo sin que el invierno afecte?<\/strong><\/p>\n<p>Previendo un cerramiento vidriado, con planchuelas y tubos estructurales podemos transformar este lugar en un nuevo espacio de home office; de esa manera estaremos protegidos de las inclemencias clim\u00e1ticas.<\/p>\n<p><img decoding=\"async\" class=\"aligncenter size-thumbnail wp-image-26763 lazyload\" data-src=\"https:\/\/www.lasrosas.com.ar\/portal\/wp-content\/uploads\/Balco\u0301n-II-640x480.jpg\" alt=\"\" width=\"640\" height=\"480\" src=\"data:image\/svg+xml;base64,PHN2ZyB3aWR0aD0iMSIgaGVpZ2h0PSIxIiB4bWxucz0iaHR0cDovL3d3dy53My5vcmcvMjAwMC9zdmciPjwvc3ZnPg==\" style=\"--smush-placeholder-width: 640px; --smush-placeholder-aspect-ratio: 640\/480;\" \/><\/p>\n<p><strong>\u00bfC\u00f3mo se lo puede decorar con lo que se tenga en la casa?<\/strong><\/p>\n<p>Es clave \u201chacer shopping\u201d dentro de la casa, as\u00ed, de esta manera, podemos ser reciclar y reutilizar objetos, para darles una nueva vida y renovar el espacio que queremos decorar. Debemos pensar qu\u00e9 elementos precisamos; por ejemplo, una bandeja y un florero para ubicar arriba de la mesa, que se pueden hacer con un viejo portarretratos o cuadro y un frasco de vidrio. Tambi\u00e9n est\u00e1 la alternativa de volver a pintar muebles cl\u00e1sicos que no est\u00e9n en buen estado en blanco o colores pasteles, as\u00ed les damos m\u00e1s calidez con mantas, almohadones y velas.<\/p>\n<p><strong>Por otro lado, los que quieran aprender a crear espacios verdes dentro del hogar, recomiendo escuchar el siguiente podcast:<\/strong><\/p>\n<p><iframe title=\"Spotify Embed: Espacios verdes: la naturaleza en casa\" style=\"border-radius: 12px\" width=\"100%\" height=\"152\" frameborder=\"0\" allowfullscreen allow=\"autoplay; clipboard-write; encrypted-media; fullscreen; picture-in-picture\" data-src=\"https:\/\/open.spotify.com\/embed\/episode\/09pbg65UYYtXtOaCgvzFX8?utm_source=oembed\" src=\"data:image\/svg+xml;base64,PHN2ZyB3aWR0aD0iMSIgaGVpZ2h0PSIxIiB4bWxucz0iaHR0cDovL3d3dy53My5vcmcvMjAwMC9zdmciPjwvc3ZnPg==\" class=\"lazyload\" data-load-mode=\"1\"><\/iframe><\/p>\n<!-- AddThis Advanced Settings generic via filter on the_content --><!-- AddThis Share Buttons generic via filter on the_content -->","protected":false},"excerpt":{"rendered":"<p>Mar\u00eda del Mar Danuzzo, arquitecta del equipo de Familia Bercomat, aconseja c\u00f3mo equipar este lugar que se volvi\u00f3 clave para atravesar los d\u00edas en casa \u00bfDe qu\u00e9 forma podemos darle un nuevo aspecto al balc\u00f3n? \u00bfQu\u00e9 peque\u00f1os cambios se pueden implementar que sean aptos para la cuarentena? Los balcones son extensiones de nuestro hogar y [&hellip;]<!-- AddThis Advanced Settings generic via filter on get_the_excerpt --><!-- AddThis Share Buttons generic via filter on get_the_excerpt --><\/p>\n","protected":false},"author":6,"featured_media":26761,"comment_status":"closed","ping_status":"open","sticky":false,"template":"","format":"standard","meta":{"_acf_changed":false,"om_disable_all_campaigns":false,"_monsterinsights_skip_tracking":false,"_monsterinsights_sitenote_active":false,"_monsterinsights_sitenote_note":"","_monsterinsights_sitenote_category":0,"_uf_show_specific_survey":0,"_uf_disable_surveys":false,"footnotes":""},"categories":[31],"tags":[],"class_list":["post-26760","post","type-post","status-publish","format-standard","has-post-thumbnail","hentry","category-arquitectura-decoracion"],"acf":[],"aioseo_notices":[],"_links":{"self":[{"href":"https:\/\/www.lasrosas.com.ar\/portal\/wp-json\/wp\/v2\/posts\/26760","targetHints":{"allow":["GET"]}}],"collection":[{"href":"https:\/\/www.lasrosas.com.ar\/portal\/wp-json\/wp\/v2\/posts"}],"about":[{"href":"https:\/\/www.lasrosas.com.ar\/portal\/wp-json\/wp\/v2\/types\/post"}],"author":[{"embeddable":true,"href":"https:\/\/www.lasrosas.com.ar\/portal\/wp-json\/wp\/v2\/users\/6"}],"replies":[{"embeddable":true,"href":"https:\/\/www.lasrosas.com.ar\/portal\/wp-json\/wp\/v2\/comments?post=26760"}],"version-history":[{"count":0,"href":"https:\/\/www.lasrosas.com.ar\/portal\/wp-json\/wp\/v2\/posts\/26760\/revisions"}],"wp:featuredmedia":[{"embeddable":true,"href":"https:\/\/www.lasrosas.com.ar\/portal\/wp-json\/wp\/v2\/media\/26761"}],"wp:attachment":[{"href":"https:\/\/www.lasrosas.com.ar\/portal\/wp-json\/wp\/v2\/media?parent=26760"}],"wp:term":[{"taxonomy":"category","embeddable":true,"href":"https:\/\/www.lasrosas.com.ar\/portal\/wp-json\/wp\/v2\/categories?post=26760"},{"taxonomy":"post_tag","embeddable":true,"href":"https:\/\/www.lasrosas.com.ar\/portal\/wp-json\/wp\/v2\/tags?post=26760"}],"curies":[{"name":"wp","href":"https:\/\/api.w.org\/{rel}","templated":true}]}}