{"id":26560,"date":"2020-05-01T17:36:39","date_gmt":"2020-05-01T20:36:39","guid":{"rendered":"https:\/\/www.lasrosas.com.ar\/portal\/?p=26560"},"modified":"2020-05-01T17:36:39","modified_gmt":"2020-05-01T20:36:39","slug":"recordamos-los-mejores-momentos-de-met-gala","status":"publish","type":"post","link":"https:\/\/www.lasrosas.com.ar\/portal\/recordamos-los-mejores-momentos-de-met-gala\/","title":{"rendered":"RECORDAMOS LOS MEJORES MOMENTOS DE MET GALA"},"content":{"rendered":"<p><em><strong>La gala m\u00e1s famosa de la industria de la moda, co-dirigida por la ic\u00f3nica Anna Wintour, ha sido recientemente suspendida debido a la propagaci\u00f3n del COVID-19. \u00a1Sin embargo, E! no dejar\u00e1 pasar por alto la fecha y para el gran d\u00eda realizar\u00e1 un gran homenaje a los momentos inolvidables del evento de moda m\u00e1s importante del mundo.<\/strong><\/em><\/p>\n<p>Para que el mundo no se quede sin el evento fashionista m\u00e1s esperado del a\u00f1o, E! ENTERTAINMENT lanza un especial que resumir\u00e1 los momentos mas comentados de la Gala que a\u00f1o tras a\u00f1o se roba la atenci\u00f3n del mundo. \u201cThe Met Gala: Ultimate Fashion Moments\u201d, especial de una hora de duraci\u00f3n, presentar\u00e1 una mirada retrospectiva a los protagonistas de las ediciones m\u00e1s recientes del Met Gala, sin dejar de lado algunas de las parejas que se han convertido en \u00edcono gracias a sus inigualables entradas triunfales en la Alfombra Roja: Jennifer L\u00f3pez y Alex Rodr\u00edguez, sincronizados de 2017 a 2019; George y Amal Clooney, quienes fueron la pareja m\u00e1s comentada en 2015 y 2018; y Miley Cyrus y Liam Hemsworth, quienes hicieron su primera \u00faltima aparici\u00f3n como pareja en 2019, son solo algunas de las celebridades que protagonizara este especial el pr\u00f3ximo domingo 10 de mayo a las 21:10hs ARG.<\/p>\n\r\n\t\t<style type='text\/css'>\r\n\t\t\t#gallery-1 {\r\n\t\t\t\tmargin: auto;\r\n\t\t\t}\r\n\t\t\t#gallery-1 .gallery-item {\r\n\t\t\t\tfloat: left;\r\n\t\t\t\tmargin-top: 10px;\r\n\t\t\t\ttext-align: center;\r\n\t\t\t\twidth: 33%;\r\n\t\t\t}\r\n\t\t\t#gallery-1 img {\r\n\t\t\t\tborder: 2px solid #cfcfcf;\r\n\t\t\t}\r\n\t\t\t#gallery-1 .gallery-caption {\r\n\t\t\t\tmargin-left: 0;\r\n\t\t\t}\r\n\t\t<\/style>\r\n\t\t<!-- see gallery_shortcode() in wp-includes\/media.php -->\n\t\t<div id='gallery-1' class='gallery galleryid-26560 gallery-columns-3 gallery-size-medium gallery1'><script type=\"text\/javascript\">\r\n\/\/ <![CDATA[\r\n\tjQuery(document).ready(function () {\r\n\t\tjQuery(\".gallery1 a\").attr(\"rel\",\"gallery1\");\t\r\n\t\tjQuery('a[rel=\"gallery1\"]').colorbox({maxWidth:\"95%\", maxHeight:\"95%\",title: function(){ return jQuery(this).children().attr(\"alt\"); }, });\r\n\t});\r\n\/\/ ]]>\r\n<\/script>\n<dl class=\"gallery-item\">\n<dt class=\"gallery-icon\">\r\n<a href=\"https:\/\/www.lasrosas.com.ar\/portal\/wp-content\/uploads\/rs_634x1024-190506151846-634-celine-dion-met-gala-2019.jpg\" title=\"\" rel=\"gallery1\"><img decoding=\"async\" data-src=\"https:\/\/www.lasrosas.com.ar\/portal\/wp-content\/uploads\/rs_634x1024-190506151846-634-celine-dion-met-gala-2019-594x960.jpg\" width=\"594\" height=\"960\" alt=\"\" src=\"data:image\/svg+xml;base64,PHN2ZyB3aWR0aD0iMSIgaGVpZ2h0PSIxIiB4bWxucz0iaHR0cDovL3d3dy53My5vcmcvMjAwMC9zdmciPjwvc3ZnPg==\" class=\"lazyload\" style=\"--smush-placeholder-width: 594px; --smush-placeholder-aspect-ratio: 594\/960;\" \/><\/a>\r\n<\/dt><\/dl><dl class=\"gallery-item\">\n<dt class=\"gallery-icon\">\r\n<a href=\"https:\/\/www.lasrosas.com.ar\/portal\/wp-content\/uploads\/rs_634x1024-190506150857-634.laverne-cox-2019-met-gala-red-carpet-fashions.ct_.050619.jpg\" title=\"\" rel=\"gallery1\"><img decoding=\"async\" data-src=\"https:\/\/www.lasrosas.com.ar\/portal\/wp-content\/uploads\/rs_634x1024-190506150857-634.laverne-cox-2019-met-gala-red-carpet-fashions.ct_.050619-594x960.jpg\" width=\"594\" height=\"960\" alt=\"\" src=\"data:image\/svg+xml;base64,PHN2ZyB3aWR0aD0iMSIgaGVpZ2h0PSIxIiB4bWxucz0iaHR0cDovL3d3dy53My5vcmcvMjAwMC9zdmciPjwvc3ZnPg==\" class=\"lazyload\" style=\"--smush-placeholder-width: 594px; --smush-placeholder-aspect-ratio: 594\/960;\" \/><\/a>\r\n<\/dt><\/dl><dl class=\"gallery-item\">\n<dt class=\"gallery-icon\">\r\n<a href=\"https:\/\/www.lasrosas.com.ar\/portal\/wp-content\/uploads\/rs_634x1024-190506150323-634-2019-met-gala-red-carpet-fashions-billy-porter.cm_.5619.jpg\" title=\"\" rel=\"gallery1\"><img decoding=\"async\" data-src=\"https:\/\/www.lasrosas.com.ar\/portal\/wp-content\/uploads\/rs_634x1024-190506150323-634-2019-met-gala-red-carpet-fashions-billy-porter.cm_.5619-594x960.jpg\" width=\"594\" height=\"960\" alt=\"\" src=\"data:image\/svg+xml;base64,PHN2ZyB3aWR0aD0iMSIgaGVpZ2h0PSIxIiB4bWxucz0iaHR0cDovL3d3dy53My5vcmcvMjAwMC9zdmciPjwvc3ZnPg==\" class=\"lazyload\" style=\"--smush-placeholder-width: 594px; --smush-placeholder-aspect-ratio: 594\/960;\" \/><\/a>\r\n<\/dt><\/dl><br style=\"clear: both\" \/><dl class=\"gallery-item\">\n<dt class=\"gallery-icon\">\r\n<a href=\"https:\/\/www.lasrosas.com.ar\/portal\/wp-content\/uploads\/rs_634x1024-190506143257-634-gaga-met-gala-2019.jpg\" title=\"\" rel=\"gallery1\"><img decoding=\"async\" data-src=\"https:\/\/www.lasrosas.com.ar\/portal\/wp-content\/uploads\/rs_634x1024-190506143257-634-gaga-met-gala-2019-594x960.jpg\" width=\"594\" height=\"960\" alt=\"\" src=\"data:image\/svg+xml;base64,PHN2ZyB3aWR0aD0iMSIgaGVpZ2h0PSIxIiB4bWxucz0iaHR0cDovL3d3dy53My5vcmcvMjAwMC9zdmciPjwvc3ZnPg==\" class=\"lazyload\" style=\"--smush-placeholder-width: 594px; --smush-placeholder-aspect-ratio: 594\/960;\" \/><\/a>\r\n<\/dt><\/dl><dl class=\"gallery-item\">\n<dt class=\"gallery-icon\">\r\n<a href=\"https:\/\/www.lasrosas.com.ar\/portal\/wp-content\/uploads\/rs_634x1024-190506135757-634-keltie-knight-2019-met-gala-red-carpet-fashions.jpg\" title=\"\" rel=\"gallery1\"><img decoding=\"async\" data-src=\"https:\/\/www.lasrosas.com.ar\/portal\/wp-content\/uploads\/rs_634x1024-190506135757-634-keltie-knight-2019-met-gala-red-carpet-fashions-594x960.jpg\" width=\"594\" height=\"960\" alt=\"\" src=\"data:image\/svg+xml;base64,PHN2ZyB3aWR0aD0iMSIgaGVpZ2h0PSIxIiB4bWxucz0iaHR0cDovL3d3dy53My5vcmcvMjAwMC9zdmciPjwvc3ZnPg==\" class=\"lazyload\" style=\"--smush-placeholder-width: 594px; --smush-placeholder-aspect-ratio: 594\/960;\" \/><\/a>\r\n<\/dt><\/dl><dl class=\"gallery-item\">\n<dt class=\"gallery-icon\">\r\n<a href=\"https:\/\/www.lasrosas.com.ar\/portal\/wp-content\/uploads\/MET-GALA-I.png\" title=\"\" rel=\"gallery1\"><img decoding=\"async\" data-src=\"https:\/\/www.lasrosas.com.ar\/portal\/wp-content\/uploads\/MET-GALA-I.png\" width=\"606\" height=\"908\" alt=\"\" src=\"data:image\/svg+xml;base64,PHN2ZyB3aWR0aD0iMSIgaGVpZ2h0PSIxIiB4bWxucz0iaHR0cDovL3d3dy53My5vcmcvMjAwMC9zdmciPjwvc3ZnPg==\" class=\"lazyload\" style=\"--smush-placeholder-width: 606px; --smush-placeholder-aspect-ratio: 606\/908;\" \/><\/a>\r\n<\/dt><\/dl><br style=\"clear: both\" \/>\r\n\t\t<\/div>\n\n<!-- AddThis Advanced Settings generic via filter on the_content --><!-- AddThis Share Buttons generic via filter on the_content -->","protected":false},"excerpt":{"rendered":"<p>La gala m\u00e1s famosa de la industria de la moda, co-dirigida por la ic\u00f3nica Anna Wintour, ha sido recientemente suspendida debido a la propagaci\u00f3n del COVID-19. \u00a1Sin embargo, E! no dejar\u00e1 pasar por alto la fecha y para el gran d\u00eda realizar\u00e1 un gran homenaje a los momentos inolvidables del evento de moda m\u00e1s importante [&hellip;]<!-- AddThis Advanced Settings generic via filter on get_the_excerpt --><!-- AddThis Share Buttons generic via filter on get_the_excerpt --><\/p>\n","protected":false},"author":6,"featured_media":26568,"comment_status":"closed","ping_status":"open","sticky":false,"template":"","format":"standard","meta":{"_acf_changed":false,"om_disable_all_campaigns":false,"_monsterinsights_skip_tracking":false,"_monsterinsights_sitenote_active":false,"_monsterinsights_sitenote_note":"","_monsterinsights_sitenote_category":0,"_uf_show_specific_survey":0,"_uf_disable_surveys":false,"footnotes":""},"categories":[234,100],"tags":[],"class_list":["post-26560","post","type-post","status-publish","format-standard","has-post-thumbnail","hentry","category-trend","category-noticias"],"acf":[],"aioseo_notices":[],"_links":{"self":[{"href":"https:\/\/www.lasrosas.com.ar\/portal\/wp-json\/wp\/v2\/posts\/26560","targetHints":{"allow":["GET"]}}],"collection":[{"href":"https:\/\/www.lasrosas.com.ar\/portal\/wp-json\/wp\/v2\/posts"}],"about":[{"href":"https:\/\/www.lasrosas.com.ar\/portal\/wp-json\/wp\/v2\/types\/post"}],"author":[{"embeddable":true,"href":"https:\/\/www.lasrosas.com.ar\/portal\/wp-json\/wp\/v2\/users\/6"}],"replies":[{"embeddable":true,"href":"https:\/\/www.lasrosas.com.ar\/portal\/wp-json\/wp\/v2\/comments?post=26560"}],"version-history":[{"count":0,"href":"https:\/\/www.lasrosas.com.ar\/portal\/wp-json\/wp\/v2\/posts\/26560\/revisions"}],"wp:featuredmedia":[{"embeddable":true,"href":"https:\/\/www.lasrosas.com.ar\/portal\/wp-json\/wp\/v2\/media\/26568"}],"wp:attachment":[{"href":"https:\/\/www.lasrosas.com.ar\/portal\/wp-json\/wp\/v2\/media?parent=26560"}],"wp:term":[{"taxonomy":"category","embeddable":true,"href":"https:\/\/www.lasrosas.com.ar\/portal\/wp-json\/wp\/v2\/categories?post=26560"},{"taxonomy":"post_tag","embeddable":true,"href":"https:\/\/www.lasrosas.com.ar\/portal\/wp-json\/wp\/v2\/tags?post=26560"}],"curies":[{"name":"wp","href":"https:\/\/api.w.org\/{rel}","templated":true}]}}