{"id":26347,"date":"2020-04-21T14:37:23","date_gmt":"2020-04-21T17:37:23","guid":{"rendered":"https:\/\/www.lasrosas.com.ar\/portal\/?p=26347"},"modified":"2020-04-21T14:37:37","modified_gmt":"2020-04-21T17:37:37","slug":"que-sucedio-con-la-transmision-en-vivo-de-paulina-rubio","status":"publish","type":"post","link":"https:\/\/www.lasrosas.com.ar\/portal\/que-sucedio-con-la-transmision-en-vivo-de-paulina-rubio\/","title":{"rendered":"\u00bfQUE SUCEDI\u00d3 CON LA TRANSMISI\u00d3N EN VIVO DE PAULINA RUBIO?"},"content":{"rendered":"<p><em><strong>La cantante mexicana, es noticia tras haber grabado un live de Instagram en un estado poco com\u00fan al que la sabemos ver.<\/strong><\/em><\/p>\n<p>Se la vi\u00f3 poco coherente con lo que iba relantando en su VIVO y realizando un di\u00e1logo poco l\u00edneal, en donde muchos se sorprend\u00edan y no entend\u00edan que le suced\u00eda. Adem\u00e1s cant\u00f3 algunas de sus canciones pero se olvidaba parte de sus propias letras, lo que logr\u00f3 mayor atenci\u00f3n a\u00fan en el p\u00fablico. El fin que ten\u00eda su Live era transmitir conciencia acerca de quedarse en casa y luchar todos juntos contra el virus covid-19.<\/p>\n<p>R\u00e1pidamente surgieron los memes posterior al vivo y muchos aludieron que ni siquiera recordaba el repertorio de sus canciones y que su voz se notaba distinta, al igual que su look. Paulina aprovech\u00f3 tambi\u00e9n para mandar un saludo a su amiga y contrincante de la m\u00fasica, Thalia.<\/p>\n<p><iframe data-src=\"https:\/\/www.youtube.com\/embed\/iA-ClCEWfFw\" width=\"560\" height=\"315\" frameborder=\"0\" allowfullscreen=\"allowfullscreen\" src=\"data:image\/svg+xml;base64,PHN2ZyB3aWR0aD0iMSIgaGVpZ2h0PSIxIiB4bWxucz0iaHR0cDovL3d3dy53My5vcmcvMjAwMC9zdmciPjwvc3ZnPg==\" class=\"lazyload\" data-load-mode=\"1\"><\/iframe><\/p>\n<!-- AddThis Advanced Settings generic via filter on the_content --><!-- AddThis Share Buttons generic via filter on the_content -->","protected":false},"excerpt":{"rendered":"<p>La cantante mexicana, es noticia tras haber grabado un live de Instagram en un estado poco com\u00fan al que la sabemos ver. Se la vi\u00f3 poco coherente con lo que iba relantando en su VIVO y realizando un di\u00e1logo poco l\u00edneal, en donde muchos se sorprend\u00edan y no entend\u00edan que le suced\u00eda. Adem\u00e1s cant\u00f3 algunas [&hellip;]<!-- AddThis Advanced Settings generic via filter on get_the_excerpt --><!-- AddThis Share Buttons generic via filter on get_the_excerpt --><\/p>\n","protected":false},"author":6,"featured_media":26348,"comment_status":"closed","ping_status":"open","sticky":false,"template":"","format":"standard","meta":{"_acf_changed":false,"om_disable_all_campaigns":false,"_monsterinsights_skip_tracking":false,"_monsterinsights_sitenote_active":false,"_monsterinsights_sitenote_note":"","_monsterinsights_sitenote_category":0,"_uf_show_specific_survey":0,"_uf_disable_surveys":false,"footnotes":""},"categories":[100],"tags":[],"class_list":["post-26347","post","type-post","status-publish","format-standard","has-post-thumbnail","hentry","category-noticias"],"acf":[],"aioseo_notices":[],"_links":{"self":[{"href":"https:\/\/www.lasrosas.com.ar\/portal\/wp-json\/wp\/v2\/posts\/26347","targetHints":{"allow":["GET"]}}],"collection":[{"href":"https:\/\/www.lasrosas.com.ar\/portal\/wp-json\/wp\/v2\/posts"}],"about":[{"href":"https:\/\/www.lasrosas.com.ar\/portal\/wp-json\/wp\/v2\/types\/post"}],"author":[{"embeddable":true,"href":"https:\/\/www.lasrosas.com.ar\/portal\/wp-json\/wp\/v2\/users\/6"}],"replies":[{"embeddable":true,"href":"https:\/\/www.lasrosas.com.ar\/portal\/wp-json\/wp\/v2\/comments?post=26347"}],"version-history":[{"count":0,"href":"https:\/\/www.lasrosas.com.ar\/portal\/wp-json\/wp\/v2\/posts\/26347\/revisions"}],"wp:featuredmedia":[{"embeddable":true,"href":"https:\/\/www.lasrosas.com.ar\/portal\/wp-json\/wp\/v2\/media\/26348"}],"wp:attachment":[{"href":"https:\/\/www.lasrosas.com.ar\/portal\/wp-json\/wp\/v2\/media?parent=26347"}],"wp:term":[{"taxonomy":"category","embeddable":true,"href":"https:\/\/www.lasrosas.com.ar\/portal\/wp-json\/wp\/v2\/categories?post=26347"},{"taxonomy":"post_tag","embeddable":true,"href":"https:\/\/www.lasrosas.com.ar\/portal\/wp-json\/wp\/v2\/tags?post=26347"}],"curies":[{"name":"wp","href":"https:\/\/api.w.org\/{rel}","templated":true}]}}