{"id":26255,"date":"2020-04-20T15:38:17","date_gmt":"2020-04-20T18:38:17","guid":{"rendered":"https:\/\/www.lasrosas.com.ar\/portal\/?p=26255"},"modified":"2020-05-04T16:29:35","modified_gmt":"2020-05-04T19:29:35","slug":"mel-lezcano-coverathome","status":"publish","type":"post","link":"https:\/\/www.lasrosas.com.ar\/portal\/mel-lezcano-coverathome\/","title":{"rendered":"MEL LEZCANO #COVERATHOME"},"content":{"rendered":"<p><em><strong>De talento indiscutido: su voz traspasa dimensiones. Nuestra COVER GIRL lo entendi\u00f3 todo: desde chica supo lo que quer\u00eda, persever\u00f3 y hoy, no tiene techo. Es activista por los derechos de los animales y una convencida de que si te lo propones, todo es posible. Aut\u00e9ntica, cautivadora, en\u00e9rgica y en mood aprendiz, as\u00ed vive la cuarentena Mel Lezcano \u00a1Mir\u00e1!<\/strong> <\/em><\/p>\n<p><strong>\u00bfC\u00f3mo comenz\u00f3 tu amor por cantar? <\/strong><\/p>\n<p>Empec\u00e9 a los 8 a\u00f1os en casa, en la ducha como algo normal. Despu\u00e9s empec\u00e9 a participar en las comedias musicales que hacia el colegio, y a los 13 me anote en \u201cgeneraci\u00f3n pop\u201d y ah\u00ed me di cuenta que ten\u00eda condiciones para estar arriba de un escenario y que quer\u00eda vivir de eso.<\/p>\n<p><img decoding=\"async\" class=\"aligncenter size-medium wp-image-26257 lazyload\" data-src=\"https:\/\/www.lasrosas.com.ar\/portal\/wp-content\/uploads\/IMG_8163-720x960.jpeg\" alt=\"\" width=\"720\" height=\"960\" data-srcset=\"https:\/\/www.lasrosas.com.ar\/portal\/wp-content\/uploads\/IMG_8163-720x960.jpeg 720w, https:\/\/www.lasrosas.com.ar\/portal\/wp-content\/uploads\/IMG_8163-1440x1920.jpeg 1440w, https:\/\/www.lasrosas.com.ar\/portal\/wp-content\/uploads\/IMG_8163.jpeg 1536w\" data-sizes=\"(max-width: 720px) 100vw, 720px\" src=\"data:image\/svg+xml;base64,PHN2ZyB3aWR0aD0iMSIgaGVpZ2h0PSIxIiB4bWxucz0iaHR0cDovL3d3dy53My5vcmcvMjAwMC9zdmciPjwvc3ZnPg==\" style=\"--smush-placeholder-width: 720px; --smush-placeholder-aspect-ratio: 720\/960;\" \/><\/p>\n<p><strong>\u00bfQu\u00e9 sent\u00eds al ver tu \u00e9xito personal? <\/strong><\/p>\n<p>La verdad es que siento que todo lo que me propongo es posible y eso es un lindo mensaje para que nunca bajen los brazos. Todo es posible y no pasa por la plata, yo vengo de una familia normal, trabajadores, nunca me sobr\u00f3 nada y llegue a donde llegue por mi perseverancia y mis ganas de alcanzar las cosas que siempre quise.<\/p>\n<p><strong>Cantas y rescatas animales \u00bfHay nuevos proyectos en mente? \u00a0<\/strong><\/p>\n<p>Animales, los amo desde que nac\u00ed. \u00a0Me dedico a eso hace tres a\u00f1os, a rescatar animales, pero siempre fui una fiel seguidora de ellos. Soy una activista por sus derechos; Soy vegetariana hace 7 a\u00f1os; Soy fan\u00e1tica del entrenamiento y algo que me gustar\u00eda hacer es terminar de hacer el curso de personal trainner y tener un aval para estudiar el cuerpo humano y poder dedicarme al entrenamiento.<\/p>\n<p><strong>Convivencia vs. Cuarentena \u00bfC\u00f3mo lo llevas? <\/strong><\/p>\n<p>Convivo con mis dos perros, nos llevamos b\u00e1rbaro.<\/p>\n<p><strong>\u00bfSegu\u00eds alguna rutina de cuarentena?\u00a0 <\/strong><\/p>\n<p>No, trato de no desfasar los horarios. No dormirme m\u00e1s de la 1 de la ma\u00f1ana, no despertarme m\u00e1s de las 11. Porque esto en alg\u00fan momento va a pasar.<\/p>\n<p><strong>\u00bfFormas\u00a0 de \u201csal\u00edr\u201d de la rutina? <\/strong><\/p>\n<p>Empec\u00e9 a estudiar astrolog\u00eda con mis hermanas, entreno todos los d\u00edas y ahora implement\u00e9 m\u00e1s la meditaci\u00f3n.<\/p>\n<p>&nbsp;<\/p>\n<p><img decoding=\"async\" class=\"aligncenter size-medium wp-image-26258 lazyload\" data-src=\"https:\/\/www.lasrosas.com.ar\/portal\/wp-content\/uploads\/IMG_7137-720x960.jpeg\" alt=\"\" width=\"720\" height=\"960\" data-srcset=\"https:\/\/www.lasrosas.com.ar\/portal\/wp-content\/uploads\/IMG_7137-720x960.jpeg 720w, https:\/\/www.lasrosas.com.ar\/portal\/wp-content\/uploads\/IMG_7137-1440x1920.jpeg 1440w, https:\/\/www.lasrosas.com.ar\/portal\/wp-content\/uploads\/IMG_7137.jpeg 1536w\" data-sizes=\"(max-width: 720px) 100vw, 720px\" src=\"data:image\/svg+xml;base64,PHN2ZyB3aWR0aD0iMSIgaGVpZ2h0PSIxIiB4bWxucz0iaHR0cDovL3d3dy53My5vcmcvMjAwMC9zdmciPjwvc3ZnPg==\" style=\"--smush-placeholder-width: 720px; --smush-placeholder-aspect-ratio: 720\/960;\" \/><\/p>\n<p><strong>En la vor\u00e1gine nos olvidamos de hacer cosas que nos gustan \u00bfRetomaste algo?<\/strong><\/p>\n<p>La cocina, cuando me mude sola me daba fiaca cocinar y ahora estoy probando nuevas recetas veganas.<\/p>\n<p><strong>\u00bfQu\u00e9 es lo que m\u00e1s te cuesta del aislamiento?<\/strong><\/p>\n<p>Estar lejos de mi familia, de mis sobrinos y amigas.<\/p>\n<p><strong>Los miedos se potencian en \u00e9poca de coronavirus \u00bfQu\u00e9 consejos dar\u00edas para sentirte mejor in house?\u00a0 <\/strong><\/p>\n<p>Todo tiene un porque y me tomo esto como un mensaje del universo. Tenemos que parar, escucharnos y encontrarnos, como te toque y con quien te toque pasar la cuarentena. Y hay que dejarse llevar por los sentimientos, vamos a pasar por alegr\u00eda, llanto, tristeza y hay que dejarlos fluir.<\/p>\n<p><strong>\u00bfEnse\u00f1anzas que te deja la pandemia? <\/strong><\/p>\n<p>Que podemos vivir con un poco, a veces vivimos obsesionamos con tener el \u00faltimo modelo de zapatillas, celular, etc y realmente ahora me encuentro ac\u00e1 en mi casa, vestida todos los d\u00edas igual, y estoy bien y feliz m\u00e1s all\u00e1 de la situaci\u00f3n.<\/p>\n<p><strong>Creatividad y nuevas facetas en tiempos de cuarentena \u00bfAlgo que hagas que nunca pensaste hacer? <\/strong><\/p>\n<p>Los quehaceres de la casa, soy bastante vaga para limpiar y lavar la ropa \u00a1No sab\u00eda como usar la lavarropa! Yo tengo a Teresa que me ayuda en la casa y me hace todo. Me encontr\u00e9 haciendo esas cosas que est\u00e1 buen\u00edsimo, porque el d\u00eda de ma\u00f1ana voy a tener a mi familia.<\/p>\n<p><strong>Todos esperamos el post pademia y pensamos en el futuro \u00bfQu\u00e9 no volver\u00edas a hacer despu\u00e9s de la cuarentena?<\/strong><\/p>\n<p>Forzarme a hacer cosas que no quiero. Hacer lo que siento y escuchar mi intuici\u00f3n.<\/p>\n<p><strong>Y si hablamos de pre-pandemia \u00bfQu\u00e9 extra\u00f1as de la vida \u201ccomo era antes\u201d? <\/strong><\/p>\n<p>Poder agarrar el auto e ir a la casa de mis padres, ir a comer afuera, algo tan simple!<\/p>\n<p><img decoding=\"async\" class=\"aligncenter size-medium wp-image-26259 lazyload\" data-src=\"https:\/\/www.lasrosas.com.ar\/portal\/wp-content\/uploads\/IMG_8227-720x960.jpeg\" alt=\"\" width=\"720\" height=\"960\" data-srcset=\"https:\/\/www.lasrosas.com.ar\/portal\/wp-content\/uploads\/IMG_8227-720x960.jpeg 720w, https:\/\/www.lasrosas.com.ar\/portal\/wp-content\/uploads\/IMG_8227-1440x1920.jpeg 1440w, https:\/\/www.lasrosas.com.ar\/portal\/wp-content\/uploads\/IMG_8227.jpeg 1536w\" data-sizes=\"(max-width: 720px) 100vw, 720px\" src=\"data:image\/svg+xml;base64,PHN2ZyB3aWR0aD0iMSIgaGVpZ2h0PSIxIiB4bWxucz0iaHR0cDovL3d3dy53My5vcmcvMjAwMC9zdmciPjwvc3ZnPg==\" style=\"--smush-placeholder-width: 720px; --smush-placeholder-aspect-ratio: 720\/960;\" \/><\/p>\n<p><strong>Tareas in home: \u00bfQu\u00e9 te gusta y qu\u00e9 no? <\/strong><\/p>\n<p>Me gusta sacar a los perros, nos lavamos las manos y patitas, limpio todo y prendo sahumerios: de la felicidad, palo santo, me gusta tener mi casa con buen aroma. No me gusta tener que limpiar las cosas cuando vuelvo del supermercado.<\/p>\n<p><strong>\u00bfUn lugar o un momento en el que, exactamente ahora, quisieras estar o quisieras volver a vivir? <\/strong><\/p>\n<p>Con mi familia. Quisiera estar con ellos todos juntos, tomando mates.<\/p>\n<!-- AddThis Advanced Settings generic via filter on the_content --><!-- AddThis Share Buttons generic via filter on the_content -->","protected":false},"excerpt":{"rendered":"<p>De talento indiscutido: su voz traspasa dimensiones. Nuestra COVER GIRL lo entendi\u00f3 todo: desde chica supo lo que quer\u00eda, persever\u00f3 y hoy, no tiene techo. Es activista por los derechos de los animales y una convencida de que si te lo propones, todo es posible. Aut\u00e9ntica, cautivadora, en\u00e9rgica y en mood aprendiz, as\u00ed vive la [&hellip;]<!-- AddThis Advanced Settings generic via filter on get_the_excerpt --><!-- AddThis Share Buttons generic via filter on get_the_excerpt --><\/p>\n","protected":false},"author":6,"featured_media":26256,"comment_status":"closed","ping_status":"open","sticky":false,"template":"","format":"standard","meta":{"_acf_changed":false,"om_disable_all_campaigns":false,"_monsterinsights_skip_tracking":false,"_monsterinsights_sitenote_active":false,"_monsterinsights_sitenote_note":"","_monsterinsights_sitenote_category":0,"_uf_show_specific_survey":0,"_uf_disable_surveys":false,"footnotes":""},"categories":[100,38],"tags":[],"class_list":["post-26255","post","type-post","status-publish","format-standard","has-post-thumbnail","hentry","category-noticias","category-entrevistas"],"acf":[],"aioseo_notices":[],"_links":{"self":[{"href":"https:\/\/www.lasrosas.com.ar\/portal\/wp-json\/wp\/v2\/posts\/26255","targetHints":{"allow":["GET"]}}],"collection":[{"href":"https:\/\/www.lasrosas.com.ar\/portal\/wp-json\/wp\/v2\/posts"}],"about":[{"href":"https:\/\/www.lasrosas.com.ar\/portal\/wp-json\/wp\/v2\/types\/post"}],"author":[{"embeddable":true,"href":"https:\/\/www.lasrosas.com.ar\/portal\/wp-json\/wp\/v2\/users\/6"}],"replies":[{"embeddable":true,"href":"https:\/\/www.lasrosas.com.ar\/portal\/wp-json\/wp\/v2\/comments?post=26255"}],"version-history":[{"count":0,"href":"https:\/\/www.lasrosas.com.ar\/portal\/wp-json\/wp\/v2\/posts\/26255\/revisions"}],"wp:featuredmedia":[{"embeddable":true,"href":"https:\/\/www.lasrosas.com.ar\/portal\/wp-json\/wp\/v2\/media\/26256"}],"wp:attachment":[{"href":"https:\/\/www.lasrosas.com.ar\/portal\/wp-json\/wp\/v2\/media?parent=26255"}],"wp:term":[{"taxonomy":"category","embeddable":true,"href":"https:\/\/www.lasrosas.com.ar\/portal\/wp-json\/wp\/v2\/categories?post=26255"},{"taxonomy":"post_tag","embeddable":true,"href":"https:\/\/www.lasrosas.com.ar\/portal\/wp-json\/wp\/v2\/tags?post=26255"}],"curies":[{"name":"wp","href":"https:\/\/api.w.org\/{rel}","templated":true}]}}