{"id":26195,"date":"2020-04-20T14:56:39","date_gmt":"2020-04-20T17:56:39","guid":{"rendered":"https:\/\/www.lasrosas.com.ar\/portal\/?p=26195"},"modified":"2020-04-20T14:56:39","modified_gmt":"2020-04-20T17:56:39","slug":"la-alimentacion-de-hoy-es-la-salud-del-manana-2","status":"publish","type":"post","link":"https:\/\/www.lasrosas.com.ar\/portal\/la-alimentacion-de-hoy-es-la-salud-del-manana-2\/","title":{"rendered":"LA ALIMENTACI\u00d3N DE HOY ES LA SALUD DEL MA\u00d1ANA."},"content":{"rendered":"<p><em><strong>Nuestro ritmo de vida actual nos lleva a incrementar la ansiedad y una inmensa necesidad de satisfacerla de alguna manera<\/strong><\/em><\/p>\n<p>Esta tremenda ansiedad, es provocada por la incertidumbre de no saber que va a pasar, la incomodidad de estar encerrados, sin tener la libertad de salir a ning\u00fan lado, ni la posibilidad de compartir con nuestros seres queridos. Todos estas emociones nos afectan y es muy dif\u00edcil no recurrir a la comida chatarra para satisfacer la necesidad de sentir placer, un poco de felicidad, aunque sea moment\u00e1nea.<br \/>\nDebemos comprender que este sedentarismo sumado a toda la energ\u00eda que le damos a nuestro cuerpo provoca que quede almacenada en nuestro organismo como grasas. Produciendo de esta manera un aumento de peso. Osea, nosotros necesitamos una cierta cantidad de energ\u00eda para vivir, para que funcione nuestro cuerpo y para todo lo que hacemos en el d\u00eda. Si nos excedemos con la energ\u00eda y no la utilizamos, queda almacenada para ser utilizada despu\u00e9s o al d\u00eda siguiente. Pero como al d\u00eda siguiente vuelve a suceder lo mismo, seguimos incrementando nuestro peso. Por eso es aconsejable movernos m\u00e1s en casa, quiz\u00e1s buscar algunos videos en internet para hacer actividad f\u00edsica, consumir menos alimentos procesados y comer m\u00e1s verduras, frutas, legumbres, carnes sin grasas.<br \/>\nNosotros trabajamos para que puedan adquirir alimentos m\u00e1s saludables de los que se consumen habitualmente.<br \/>\nUnos de los que recomendamos a la hora de elegir qu\u00e9 almorzar o cenar en reemplazo de unas milanesas o hamburguesas son:<\/p>\n<p>NUESTRA L\u00cdNEA DE CONGELADOS<br \/>\n<strong>REBOZADITOS y BURGERLIFE<\/strong><br \/>\nREBOZADITOS: Trozos de pechuga macerada y rebozada en salvado de avena, viene precocido.<br \/>\nBURGUERLIFE: Es una trilog\u00eda de carne molida de cerdo magra, carne molida de vaca magra y soja texturizada hidrolizada y saborizada con aceite de man\u00ed. Una saludable combinaci\u00f3n de sabor y prote\u00edna.<\/p>\n<blockquote class=\"instagram-media\" style=\"background: #FFF; border: 0; border-radius: 3px; box-shadow: 0 0 1px 0 rgba(0,0,0,0.5),0 1px 10px 0 rgba(0,0,0,0.15); margin: 1px; max-width: 540px; min-width: 326px; padding: 0; width: calc(100% - 2px);\" data-instgrm-captioned=\"\" data-instgrm-permalink=\"https:\/\/www.instagram.com\/p\/B-qLTjipO_7\/?utm_source=ig_embed&amp;utm_campaign=loading\" data-instgrm-version=\"12\">\n<div style=\"padding: 16px;\">\n<p>&nbsp;<\/p>\n<div style=\"display: flex; flex-direction: row; align-items: center;\">\n<div style=\"background-color: #f4f4f4; border-radius: 50%; flex-grow: 0; height: 40px; margin-right: 14px; width: 40px;\"><\/div>\n<div style=\"display: flex; flex-direction: column; flex-grow: 1; justify-content: center;\">\n<div style=\"background-color: #f4f4f4; border-radius: 4px; flex-grow: 0; height: 14px; margin-bottom: 6px; width: 100px;\"><\/div>\n<div style=\"background-color: #f4f4f4; border-radius: 4px; flex-grow: 0; height: 14px; width: 60px;\"><\/div>\n<\/div>\n<\/div>\n<div style=\"padding: 19% 0;\"><\/div>\n<div style=\"display: block; height: 50px; margin: 0 auto 12px; width: 50px;\"><\/div>\n<div style=\"padding-top: 8px;\">\n<div style=\"color: #3897f0; font-family: Arial,sans-serif; font-size: 14px; font-style: normal; font-weight: 550; line-height: 18px;\">Ver esta publicaci\u00f3n en Instagram<\/div>\n<\/div>\n<div style=\"padding: 12.5% 0;\"><\/div>\n<div style=\"display: flex; flex-direction: row; margin-bottom: 14px; align-items: center;\">\n<div>\n<div style=\"background-color: #f4f4f4; border-radius: 50%; height: 12.5px; width: 12.5px; transform: translateX(0px) translateY(7px);\"><\/div>\n<div style=\"background-color: #f4f4f4; height: 12.5px; transform: rotate(-45deg) translateX(3px) translateY(1px); width: 12.5px; flex-grow: 0; margin-right: 14px; margin-left: 2px;\"><\/div>\n<div style=\"background-color: #f4f4f4; border-radius: 50%; height: 12.5px; width: 12.5px; transform: translateX(9px) translateY(-18px);\"><\/div>\n<\/div>\n<div style=\"margin-left: 8px;\">\n<div style=\"background-color: #f4f4f4; border-radius: 50%; flex-grow: 0; height: 20px; width: 20px;\"><\/div>\n<div style=\"width: 0; height: 0; border-top: 2px solid transparent; border-left: 6px solid #f4f4f4; border-bottom: 2px solid transparent; transform: translateX(16px) translateY(-4px) rotate(30deg);\"><\/div>\n<\/div>\n<div style=\"margin-left: auto;\">\n<div style=\"width: 0px; border-top: 8px solid #F4F4F4; border-right: 8px solid transparent; transform: translateY(16px);\"><\/div>\n<div style=\"background-color: #f4f4f4; flex-grow: 0; height: 12px; width: 16px; transform: translateY(-4px);\"><\/div>\n<div style=\"width: 0; height: 0; border-top: 8px solid #F4F4F4; border-left: 8px solid transparent; transform: translateY(-4px) translateX(8px);\"><\/div>\n<\/div>\n<\/div>\n<p>&nbsp;<\/p>\n<p style=\"margin: 8px 0 0 0; padding: 0 4px;\"><a style=\"color: #000; font-family: Arial,sans-serif; font-size: 14px; font-style: normal; font-weight: normal; line-height: 17px; text-decoration: none; word-wrap: break-word;\" href=\"https:\/\/www.instagram.com\/p\/B-qLTjipO_7\/?utm_source=ig_embed&amp;utm_campaign=loading\" target=\"_blank\" rel=\"noopener\">Nuevo sabor, m\u00e1s esponjosa! Una exquisita combinaci\u00f3n de Vainilla y Ar\u00e1ndanos para que disfrutes en tus desayunos, meriendas y\/o colaciones! 0% Harinas 0% Az\u00facares 0% Grasas Trans &#x1f447;&#x1f3fd; Consumiendo 1\/2 PROTTORTA en el desayuno y 1\/2 PROTTORTA en la merienda te ayuda a bajar de peso y mejorar tu calidad de vida! Pedidos al 3516643929 ENV\u00cdOS A DOMICILIO GRATIS &#x1f44c;&#x1f3fd; . . . #RELIFE #PROTTORTA #alimentacionsaludable #alimentacionconsciente<\/a><\/p>\n<p style=\"color: #c9c8cd; font-family: Arial,sans-serif; font-size: 14px; line-height: 17px; margin-bottom: 0; margin-top: 8px; overflow: hidden; padding: 8px 0 7px; text-align: center; text-overflow: ellipsis; white-space: nowrap;\">Una publicaci\u00f3n compartida de <a style=\"color: #c9c8cd; font-family: Arial,sans-serif; font-size: 14px; font-style: normal; font-weight: normal; line-height: 17px;\" href=\"https:\/\/www.instagram.com\/prottorta_provvianda\/?utm_source=ig_embed&amp;utm_campaign=loading\" target=\"_blank\" rel=\"noopener\"> Prottorta-Provvianda&lt;Relife&gt;<\/a> (@prottorta_provvianda) el <time style=\"font-family: Arial,sans-serif; font-size: 14px; line-height: 17px;\" datetime=\"2020-04-07T00:09:34+00:00\">6 Abr, 2020 a las 5:09 PDT<\/time><\/p>\n<\/div>\n<\/blockquote>\n<p><script async src=\"\/\/www.instagram.com\/embed.js\"><\/script><\/p>\n<!-- AddThis Advanced Settings generic via filter on the_content --><!-- AddThis Share Buttons generic via filter on the_content -->","protected":false},"excerpt":{"rendered":"<p>Nuestro ritmo de vida actual nos lleva a incrementar la ansiedad y una inmensa necesidad de satisfacerla de alguna manera Esta tremenda ansiedad, es provocada por la incertidumbre de no saber que va a pasar, la incomodidad de estar encerrados, sin tener la libertad de salir a ning\u00fan lado, ni la posibilidad de compartir con [&hellip;]<!-- AddThis Advanced Settings generic via filter on get_the_excerpt --><!-- AddThis Share Buttons generic via filter on get_the_excerpt --><\/p>\n","protected":false},"author":6,"featured_media":26197,"comment_status":"closed","ping_status":"open","sticky":false,"template":"","format":"standard","meta":{"_acf_changed":false,"om_disable_all_campaigns":false,"_monsterinsights_skip_tracking":false,"_monsterinsights_sitenote_active":false,"_monsterinsights_sitenote_note":"","_monsterinsights_sitenote_category":0,"_uf_show_specific_survey":0,"_uf_disable_surveys":false,"footnotes":""},"categories":[376],"tags":[],"class_list":["post-26195","post","type-post","status-publish","format-standard","has-post-thumbnail","hentry","category-lifestyle"],"acf":[],"aioseo_notices":[],"_links":{"self":[{"href":"https:\/\/www.lasrosas.com.ar\/portal\/wp-json\/wp\/v2\/posts\/26195","targetHints":{"allow":["GET"]}}],"collection":[{"href":"https:\/\/www.lasrosas.com.ar\/portal\/wp-json\/wp\/v2\/posts"}],"about":[{"href":"https:\/\/www.lasrosas.com.ar\/portal\/wp-json\/wp\/v2\/types\/post"}],"author":[{"embeddable":true,"href":"https:\/\/www.lasrosas.com.ar\/portal\/wp-json\/wp\/v2\/users\/6"}],"replies":[{"embeddable":true,"href":"https:\/\/www.lasrosas.com.ar\/portal\/wp-json\/wp\/v2\/comments?post=26195"}],"version-history":[{"count":0,"href":"https:\/\/www.lasrosas.com.ar\/portal\/wp-json\/wp\/v2\/posts\/26195\/revisions"}],"wp:featuredmedia":[{"embeddable":true,"href":"https:\/\/www.lasrosas.com.ar\/portal\/wp-json\/wp\/v2\/media\/26197"}],"wp:attachment":[{"href":"https:\/\/www.lasrosas.com.ar\/portal\/wp-json\/wp\/v2\/media?parent=26195"}],"wp:term":[{"taxonomy":"category","embeddable":true,"href":"https:\/\/www.lasrosas.com.ar\/portal\/wp-json\/wp\/v2\/categories?post=26195"},{"taxonomy":"post_tag","embeddable":true,"href":"https:\/\/www.lasrosas.com.ar\/portal\/wp-json\/wp\/v2\/tags?post=26195"}],"curies":[{"name":"wp","href":"https:\/\/api.w.org\/{rel}","templated":true}]}}