{"id":26043,"date":"2020-04-13T16:23:59","date_gmt":"2020-04-13T19:23:59","guid":{"rendered":"https:\/\/www.lasrosas.com.ar\/portal\/?p=26043"},"modified":"2020-04-13T16:23:59","modified_gmt":"2020-04-13T19:23:59","slug":"sofia-sanchez-de-betak-lanza-una-subasta-para-medicos-sin-frontera","status":"publish","type":"post","link":"https:\/\/www.lasrosas.com.ar\/portal\/sofia-sanchez-de-betak-lanza-una-subasta-para-medicos-sin-frontera\/","title":{"rendered":"SOFIA SANCHEZ DE BETAK LANZA UNA SUBASTA PARA MEDICOS SIN FRONTERA"},"content":{"rendered":"<div><em><strong>La modelo est\u00e1 organizando una subasta a beneficio de la organizaci\u00f3n ben\u00e9fica\u00a0M\u00e9dicos Sin Fronteras,\u00a0tanto en su lucha contra la pandemia mundial COVID-19, como en las misiones humanitarias a largo plazo que el virus ha exacerbado.<\/strong><\/em><\/div>\n<div><\/div>\n<div>La subasta silenciosa comenzar\u00e1 el\u00a0mi\u00e9rcoles 15 de abril y tendr\u00e1 lugar en la plataforma\u00a0<a href=\"http:\/\/www.32auctions.com\/ALITTLESOMETHING\" target=\"_blank\" rel=\"noopener\" data-saferedirecturl=\"https:\/\/www.google.com\/url?q=http:\/\/www.32auctions.com\/ALITTLESOMETHING&amp;source=gmail&amp;ust=1586891611832000&amp;usg=AFQjCNHnrgbn2pmhzxfJma03ROhEnmtw_w\">www.32auctions.comALITTLESOMETHING<\/a>\u00a0y cerrar\u00e1 el domingo 19 de abril. Todos los interesados podr\u00e1n pujar por obras de arte \u00fanicas, experiencias y productos de lujo de edici\u00f3n limitada, cortes\u00eda de los amigos y socios m\u00e1s cercanos de Sof\u00eda del mundo de la moda y el arte.<\/div>\n<div><\/div>\n<div>\n<p>Los art\u00edculos a subastar incluyen desde un bolso Supervee Valentino Garavani de Maison Valentino, un doble anillo Repossi de oro rosa, un malet\u00edn Rimowa x Dior, un boceto \u00fanico firmado por Alber Elbaz hasta experiencias sorprendentes durante y despu\u00e9s del per\u00edodo de cuarentena, como una visita privada a los establos del jugador de polo Nacho Figueras y una clase con \u00e9l, una obra de arte a medida de Andr\u00e9 Saraiva hecha en vivo en tu casa, una cena \u00edntima para 8 invitados por el renombrado chef Yann Nury, una entrada en primera fila para el pr\u00f3ximo Desfile de Jacquemus SS21, entre otras experiencias y objetos.<\/p>\n<div>\n<div><\/div>\n<\/div>\n<\/div>\n<div><\/div>\n<blockquote class=\"instagram-media\" style=\"background: #FFF; border: 0; border-radius: 3px; box-shadow: 0 0 1px 0 rgba(0,0,0,0.5),0 1px 10px 0 rgba(0,0,0,0.15); margin: 1px; max-width: 540px; min-width: 326px; padding: 0; width: calc(100% - 2px);\" data-instgrm-captioned=\"\" data-instgrm-permalink=\"https:\/\/www.instagram.com\/p\/B-b9VIRF_TV\/?utm_source=ig_embed&amp;utm_campaign=loading\" data-instgrm-version=\"12\">\n<div style=\"padding: 16px;\">\n<p>&nbsp;<\/p>\n<div style=\"display: flex; flex-direction: row; align-items: center;\">\n<div style=\"background-color: #f4f4f4; border-radius: 50%; flex-grow: 0; height: 40px; margin-right: 14px; width: 40px;\"><\/div>\n<div style=\"display: flex; flex-direction: column; flex-grow: 1; justify-content: center;\">\n<div style=\"background-color: #f4f4f4; border-radius: 4px; flex-grow: 0; height: 14px; margin-bottom: 6px; width: 100px;\"><\/div>\n<div style=\"background-color: #f4f4f4; border-radius: 4px; flex-grow: 0; height: 14px; width: 60px;\"><\/div>\n<\/div>\n<\/div>\n<div style=\"padding: 19% 0;\"><\/div>\n<div style=\"display: block; height: 50px; margin: 0 auto 12px; width: 50px;\"><\/div>\n<div style=\"padding-top: 8px;\">\n<div style=\"color: #3897f0; font-family: Arial,sans-serif; font-size: 14px; font-style: normal; font-weight: 550; line-height: 18px;\">Ver esta publicaci\u00f3n en Instagram<\/div>\n<\/div>\n<div style=\"padding: 12.5% 0;\"><\/div>\n<div style=\"display: flex; flex-direction: row; margin-bottom: 14px; align-items: center;\">\n<div>\n<div style=\"background-color: #f4f4f4; border-radius: 50%; height: 12.5px; width: 12.5px; transform: translateX(0px) translateY(7px);\"><\/div>\n<div style=\"background-color: #f4f4f4; height: 12.5px; transform: rotate(-45deg) translateX(3px) translateY(1px); width: 12.5px; flex-grow: 0; margin-right: 14px; margin-left: 2px;\"><\/div>\n<div style=\"background-color: #f4f4f4; border-radius: 50%; height: 12.5px; width: 12.5px; transform: translateX(9px) translateY(-18px);\"><\/div>\n<\/div>\n<div style=\"margin-left: 8px;\">\n<div style=\"background-color: #f4f4f4; border-radius: 50%; flex-grow: 0; height: 20px; width: 20px;\"><\/div>\n<div style=\"width: 0; height: 0; border-top: 2px solid transparent; border-left: 6px solid #f4f4f4; border-bottom: 2px solid transparent; transform: translateX(16px) translateY(-4px) rotate(30deg);\"><\/div>\n<\/div>\n<div style=\"margin-left: auto;\">\n<div style=\"width: 0px; border-top: 8px solid #F4F4F4; border-right: 8px solid transparent; transform: translateY(16px);\"><\/div>\n<div style=\"background-color: #f4f4f4; flex-grow: 0; height: 12px; width: 16px; transform: translateY(-4px);\"><\/div>\n<div style=\"width: 0; height: 0; border-top: 8px solid #F4F4F4; border-left: 8px solid transparent; transform: translateY(-4px) translateX(8px);\"><\/div>\n<\/div>\n<\/div>\n<p>&nbsp;<\/p>\n<p style=\"margin: 8px 0 0 0; padding: 0 4px;\"><a style=\"color: #000; font-family: Arial,sans-serif; font-size: 14px; font-style: normal; font-weight: normal; line-height: 17px; text-decoration: none; word-wrap: break-word;\" href=\"https:\/\/www.instagram.com\/p\/B-b9VIRF_TV\/?utm_source=ig_embed&amp;utm_campaign=loading\" target=\"_blank\" rel=\"noopener\">When I finally convinced my sisters to pose for me &#x1f970; #Gracias @lucia_leclercq x @chufy.com<\/a><\/p>\n<p style=\"color: #c9c8cd; font-family: Arial,sans-serif; font-size: 14px; line-height: 17px; margin-bottom: 0; margin-top: 8px; overflow: hidden; padding: 8px 0 7px; text-align: center; text-overflow: ellipsis; white-space: nowrap;\">Una publicaci\u00f3n compartida de <a style=\"color: #c9c8cd; font-family: Arial,sans-serif; font-size: 14px; font-style: normal; font-weight: normal; line-height: 17px;\" href=\"https:\/\/www.instagram.com\/chufy\/?utm_source=ig_embed&amp;utm_campaign=loading\" target=\"_blank\" rel=\"noopener\"> Sofia Sanchez de Betak<\/a> (@chufy) el <time style=\"font-family: Arial,sans-serif; font-size: 14px; line-height: 17px;\" datetime=\"2020-04-01T11:38:05+00:00\">1 Abr, 2020 a las 4:38 PDT<\/time><\/p>\n<\/div>\n<\/blockquote>\n<p><script async src=\"\/\/www.instagram.com\/embed.js\"><\/script><\/p>\n<!-- AddThis Advanced Settings generic via filter on the_content --><!-- AddThis Share Buttons generic via filter on the_content -->","protected":false},"excerpt":{"rendered":"<p>La modelo est\u00e1 organizando una subasta a beneficio de la organizaci\u00f3n ben\u00e9fica\u00a0M\u00e9dicos Sin Fronteras,\u00a0tanto en su lucha contra la pandemia mundial COVID-19, como en las misiones humanitarias a largo plazo que el virus ha exacerbado. La subasta silenciosa comenzar\u00e1 el\u00a0mi\u00e9rcoles 15 de abril y tendr\u00e1 lugar en la plataforma\u00a0www.32auctions.comALITTLESOMETHING\u00a0y cerrar\u00e1 el domingo 19 de abril. [&hellip;]<!-- AddThis Advanced Settings generic via filter on get_the_excerpt --><!-- AddThis Share Buttons generic via filter on get_the_excerpt --><\/p>\n","protected":false},"author":6,"featured_media":26044,"comment_status":"closed","ping_status":"open","sticky":false,"template":"","format":"standard","meta":{"_acf_changed":false,"om_disable_all_campaigns":false,"_monsterinsights_skip_tracking":false,"_monsterinsights_sitenote_active":false,"_monsterinsights_sitenote_note":"","_monsterinsights_sitenote_category":0,"_uf_show_specific_survey":0,"_uf_disable_surveys":false,"footnotes":""},"categories":[30],"tags":[],"class_list":["post-26043","post","type-post","status-publish","format-standard","has-post-thumbnail","hentry","category-moda"],"acf":[],"aioseo_notices":[],"_links":{"self":[{"href":"https:\/\/www.lasrosas.com.ar\/portal\/wp-json\/wp\/v2\/posts\/26043","targetHints":{"allow":["GET"]}}],"collection":[{"href":"https:\/\/www.lasrosas.com.ar\/portal\/wp-json\/wp\/v2\/posts"}],"about":[{"href":"https:\/\/www.lasrosas.com.ar\/portal\/wp-json\/wp\/v2\/types\/post"}],"author":[{"embeddable":true,"href":"https:\/\/www.lasrosas.com.ar\/portal\/wp-json\/wp\/v2\/users\/6"}],"replies":[{"embeddable":true,"href":"https:\/\/www.lasrosas.com.ar\/portal\/wp-json\/wp\/v2\/comments?post=26043"}],"version-history":[{"count":0,"href":"https:\/\/www.lasrosas.com.ar\/portal\/wp-json\/wp\/v2\/posts\/26043\/revisions"}],"wp:featuredmedia":[{"embeddable":true,"href":"https:\/\/www.lasrosas.com.ar\/portal\/wp-json\/wp\/v2\/media\/26044"}],"wp:attachment":[{"href":"https:\/\/www.lasrosas.com.ar\/portal\/wp-json\/wp\/v2\/media?parent=26043"}],"wp:term":[{"taxonomy":"category","embeddable":true,"href":"https:\/\/www.lasrosas.com.ar\/portal\/wp-json\/wp\/v2\/categories?post=26043"},{"taxonomy":"post_tag","embeddable":true,"href":"https:\/\/www.lasrosas.com.ar\/portal\/wp-json\/wp\/v2\/tags?post=26043"}],"curies":[{"name":"wp","href":"https:\/\/api.w.org\/{rel}","templated":true}]}}