{"id":25936,"date":"2020-04-08T16:34:58","date_gmt":"2020-04-08T19:34:58","guid":{"rendered":"https:\/\/www.lasrosas.com.ar\/portal\/?p=25936"},"modified":"2020-04-08T16:34:58","modified_gmt":"2020-04-08T19:34:58","slug":"louis-vuitton-vuelve-a-abrir-sus-talleres-para-fabricar-barbijos-no-quirurgicos","status":"publish","type":"post","link":"https:\/\/www.lasrosas.com.ar\/portal\/louis-vuitton-vuelve-a-abrir-sus-talleres-para-fabricar-barbijos-no-quirurgicos\/","title":{"rendered":"LOUIS VUITTON VUELVE A ABRIR SUS TALLERES PARA FABRICAR BARBIJOS NO QUIR\u00daRGICOS"},"content":{"rendered":"<p><em><strong>Desde la marca francesa,\u00a0\u00a0ha nacido una nueva iniciativa para continuar combatiendo el Covid-19.<\/strong><\/em><\/p>\n<div dir=\"ltr\">Louis Vuitton ha comenzado la producci\u00f3n de cientos de miles de m\u00e1scaras protectoras no quir\u00fargicas, transformando sus talleres franceses en Marsaz y Saint-Donat, Saint-Pour\u00e7ain, Ducey y Sainte-Florence, donde se movilizan trescientos artesanos voluntarios en respuesta a la petici\u00f3n del gobierno franc\u00e9s de aumentar la producci\u00f3n de m\u00e1scaras no quir\u00fargicas alternativas para ayudar en la batalla contra Covid-19.\u00a0Estas m\u00e1scaras no quir\u00fargicas han sido aprobadas por los diferentes instituciones autorizadas y se crean en colaboraci\u00f3n con Mode Grand Ouest, una red regional de la industria textil que suministra uno de los principales materiales.<\/div>\n<div dir=\"ltr\">\n\r\n\t\t<style type='text\/css'>\r\n\t\t\t#gallery-1 {\r\n\t\t\t\tmargin: auto;\r\n\t\t\t}\r\n\t\t\t#gallery-1 .gallery-item {\r\n\t\t\t\tfloat: left;\r\n\t\t\t\tmargin-top: 10px;\r\n\t\t\t\ttext-align: center;\r\n\t\t\t\twidth: 33%;\r\n\t\t\t}\r\n\t\t\t#gallery-1 img {\r\n\t\t\t\tborder: 2px solid #cfcfcf;\r\n\t\t\t}\r\n\t\t\t#gallery-1 .gallery-caption {\r\n\t\t\t\tmargin-left: 0;\r\n\t\t\t}\r\n\t\t<\/style>\r\n\t\t<!-- see gallery_shortcode() in wp-includes\/media.php -->\n\t\t<div id='gallery-1' class='gallery galleryid-25936 gallery-columns-3 gallery-size-medium gallery1'><script type=\"text\/javascript\">\r\n\/\/ <![CDATA[\r\n\tjQuery(document).ready(function () {\r\n\t\tjQuery(\".gallery1 a\").attr(\"rel\",\"gallery1\");\t\r\n\t\tjQuery('a[rel=\"gallery1\"]').colorbox({maxWidth:\"95%\", maxHeight:\"95%\",title: function(){ return jQuery(this).children().attr(\"alt\"); }, });\r\n\t});\r\n\/\/ ]]>\r\n<\/script>\n<dl class=\"gallery-item\">\n<dt class=\"gallery-icon\">\r\n<a href=\"https:\/\/www.lasrosas.com.ar\/portal\/wp-content\/uploads\/Louis_Vuitton_Masques\u00a9David_Gallard-5-1920x1280.jpg\" title=\"\" rel=\"gallery1\"><img decoding=\"async\" data-src=\"https:\/\/www.lasrosas.com.ar\/portal\/wp-content\/uploads\/Louis_Vuitton_Masques\u00a9David_Gallard-5-960x640.jpg\" width=\"960\" height=\"640\" alt=\"\" src=\"data:image\/svg+xml;base64,PHN2ZyB3aWR0aD0iMSIgaGVpZ2h0PSIxIiB4bWxucz0iaHR0cDovL3d3dy53My5vcmcvMjAwMC9zdmciPjwvc3ZnPg==\" class=\"lazyload\" style=\"--smush-placeholder-width: 960px; --smush-placeholder-aspect-ratio: 960\/640;\" \/><\/a>\r\n<\/dt><\/dl><dl class=\"gallery-item\">\n<dt class=\"gallery-icon\">\r\n<a href=\"https:\/\/www.lasrosas.com.ar\/portal\/wp-content\/uploads\/Louis_Vuitton_Masques\u00a9David_Gallard-1-1920x1280.jpg\" title=\"\" rel=\"gallery1\"><img decoding=\"async\" data-src=\"https:\/\/www.lasrosas.com.ar\/portal\/wp-content\/uploads\/Louis_Vuitton_Masques\u00a9David_Gallard-1-960x640.jpg\" width=\"960\" height=\"640\" alt=\"\" src=\"data:image\/svg+xml;base64,PHN2ZyB3aWR0aD0iMSIgaGVpZ2h0PSIxIiB4bWxucz0iaHR0cDovL3d3dy53My5vcmcvMjAwMC9zdmciPjwvc3ZnPg==\" class=\"lazyload\" style=\"--smush-placeholder-width: 960px; --smush-placeholder-aspect-ratio: 960\/640;\" \/><\/a>\r\n<\/dt><\/dl><dl class=\"gallery-item\">\n<dt class=\"gallery-icon\">\r\n<a href=\"https:\/\/www.lasrosas.com.ar\/portal\/wp-content\/uploads\/Louis_Vuitton_Masques\u00a9David_Gallard-2-1920x1280.jpg\" title=\"\" rel=\"gallery1\"><img decoding=\"async\" data-src=\"https:\/\/www.lasrosas.com.ar\/portal\/wp-content\/uploads\/Louis_Vuitton_Masques\u00a9David_Gallard-2-960x640.jpg\" width=\"960\" height=\"640\" alt=\"\" src=\"data:image\/svg+xml;base64,PHN2ZyB3aWR0aD0iMSIgaGVpZ2h0PSIxIiB4bWxucz0iaHR0cDovL3d3dy53My5vcmcvMjAwMC9zdmciPjwvc3ZnPg==\" class=\"lazyload\" style=\"--smush-placeholder-width: 960px; --smush-placeholder-aspect-ratio: 960\/640;\" \/><\/a>\r\n<\/dt><\/dl><br style=\"clear: both\" \/>\r\n\t\t<\/div>\n\n<p>Michael Burke, presidente y CEO de Louis Vuitton, formaliz\u00f3 el inicio de la producci\u00f3n al visitar el taller de Sainte-Florence, donde veintid\u00f3s artesanos est\u00e1n trabajando voluntariamente y ya est\u00e1n produciendo m\u00e1scaras que se proporcionar\u00e1n para proteger a los trabajadores de atenci\u00f3n m\u00e9dica de primera l\u00ednea.<\/p>\n<\/div>\n<div dir=\"ltr\"><\/div>\n<!-- AddThis Advanced Settings generic via filter on the_content --><!-- AddThis Share Buttons generic via filter on the_content -->","protected":false},"excerpt":{"rendered":"<p>Desde la marca francesa,\u00a0\u00a0ha nacido una nueva iniciativa para continuar combatiendo el Covid-19. Louis Vuitton ha comenzado la producci\u00f3n de cientos de miles de m\u00e1scaras protectoras no quir\u00fargicas, transformando sus talleres franceses en Marsaz y Saint-Donat, Saint-Pour\u00e7ain, Ducey y Sainte-Florence, donde se movilizan trescientos artesanos voluntarios en respuesta a la petici\u00f3n del gobierno franc\u00e9s de [&hellip;]<!-- AddThis Advanced Settings generic via filter on get_the_excerpt --><!-- AddThis Share Buttons generic via filter on get_the_excerpt --><\/p>\n","protected":false},"author":6,"featured_media":25938,"comment_status":"closed","ping_status":"open","sticky":false,"template":"","format":"standard","meta":{"_acf_changed":false,"om_disable_all_campaigns":false,"_monsterinsights_skip_tracking":false,"_monsterinsights_sitenote_active":false,"_monsterinsights_sitenote_note":"","_monsterinsights_sitenote_category":0,"_uf_show_specific_survey":0,"_uf_disable_surveys":false,"footnotes":""},"categories":[30],"tags":[],"class_list":["post-25936","post","type-post","status-publish","format-standard","has-post-thumbnail","hentry","category-moda"],"acf":[],"aioseo_notices":[],"_links":{"self":[{"href":"https:\/\/www.lasrosas.com.ar\/portal\/wp-json\/wp\/v2\/posts\/25936","targetHints":{"allow":["GET"]}}],"collection":[{"href":"https:\/\/www.lasrosas.com.ar\/portal\/wp-json\/wp\/v2\/posts"}],"about":[{"href":"https:\/\/www.lasrosas.com.ar\/portal\/wp-json\/wp\/v2\/types\/post"}],"author":[{"embeddable":true,"href":"https:\/\/www.lasrosas.com.ar\/portal\/wp-json\/wp\/v2\/users\/6"}],"replies":[{"embeddable":true,"href":"https:\/\/www.lasrosas.com.ar\/portal\/wp-json\/wp\/v2\/comments?post=25936"}],"version-history":[{"count":0,"href":"https:\/\/www.lasrosas.com.ar\/portal\/wp-json\/wp\/v2\/posts\/25936\/revisions"}],"wp:featuredmedia":[{"embeddable":true,"href":"https:\/\/www.lasrosas.com.ar\/portal\/wp-json\/wp\/v2\/media\/25938"}],"wp:attachment":[{"href":"https:\/\/www.lasrosas.com.ar\/portal\/wp-json\/wp\/v2\/media?parent=25936"}],"wp:term":[{"taxonomy":"category","embeddable":true,"href":"https:\/\/www.lasrosas.com.ar\/portal\/wp-json\/wp\/v2\/categories?post=25936"},{"taxonomy":"post_tag","embeddable":true,"href":"https:\/\/www.lasrosas.com.ar\/portal\/wp-json\/wp\/v2\/tags?post=25936"}],"curies":[{"name":"wp","href":"https:\/\/api.w.org\/{rel}","templated":true}]}}