{"id":25805,"date":"2020-03-31T16:13:43","date_gmt":"2020-03-31T19:13:43","guid":{"rendered":"https:\/\/www.lasrosas.com.ar\/portal\/?p=25805"},"modified":"2020-03-31T16:13:43","modified_gmt":"2020-03-31T19:13:43","slug":"estrenos-en-la-tv-para-pasar-la-cuarentena","status":"publish","type":"post","link":"https:\/\/www.lasrosas.com.ar\/portal\/estrenos-en-la-tv-para-pasar-la-cuarentena\/","title":{"rendered":"ESTRENOS EN LA TV PARA PASAR LA CUARENTENA"},"content":{"rendered":"<p><em><strong>NBC Universal International Network\u00a0prepar\u00f3 para toda la audiencia argentina un especial de programaci\u00f3n y estrenos que ayudar\u00e1n a aliviar con entretenimiento los pr\u00f3ximos d\u00edas a trav\u00e9s de cada una de sus se\u00f1ales:\u00a0Telemundo Internacional, E! Entertainment, SYFY, Studio Universal y Universal TV.<\/strong><\/em><\/p>\n<div dir=\"ltr\"><b>E! ENTERTAINMENT<\/b><\/div>\n<div dir=\"ltr\">\n<ul>\n<li>13 de abril 6ta temporada de<b>\u00a0\u201cYounger\u201d<\/b>\u00a0creada por Darren Star (creador de Sex And The City), con grandes actrices: Sutton Foster, Debi Mazar, Miriam Shor y Hilary Duff.<\/li>\n<li>La mega serie exitosa de E!,\u00a0<b>\u00a8Keeping Up With The Kardashians\u00a8<\/b>, traer\u00e1 cap\u00edtulos de estreno con su imperdible temporada 17 todos los martes.<\/li>\n<li>La verdadera realidad de las cirug\u00edas pl\u00e1sticas:<b>\u00a0\u00a8Botched\u00a8<\/b>, el programa insignia que devela los secretos de los pacientes m\u00e1s exuberantes con los pedidos de cirug\u00edas m\u00e1s desafiantes, traer\u00e1 cap\u00edtulos de estreno de su 6ta temporada todos los lunes.\r\n\t\t<style type='text\/css'>\r\n\t\t\t#gallery-1 {\r\n\t\t\t\tmargin: auto;\r\n\t\t\t}\r\n\t\t\t#gallery-1 .gallery-item {\r\n\t\t\t\tfloat: left;\r\n\t\t\t\tmargin-top: 10px;\r\n\t\t\t\ttext-align: center;\r\n\t\t\t\twidth: 20%;\r\n\t\t\t}\r\n\t\t\t#gallery-1 img {\r\n\t\t\t\tborder: 2px solid #cfcfcf;\r\n\t\t\t}\r\n\t\t\t#gallery-1 .gallery-caption {\r\n\t\t\t\tmargin-left: 0;\r\n\t\t\t}\r\n\t\t<\/style>\r\n\t\t<!-- see gallery_shortcode() in wp-includes\/media.php -->\n\t\t<div id='gallery-1' class='gallery galleryid-25805 gallery-columns-5 gallery-size-medium gallery1'><script type=\"text\/javascript\">\r\n\/\/ <![CDATA[\r\n\tjQuery(document).ready(function () {\r\n\t\tjQuery(\".gallery1 a\").attr(\"rel\",\"gallery1\");\t\r\n\t\tjQuery('a[rel=\"gallery1\"]').colorbox({maxWidth:\"95%\", maxHeight:\"95%\",title: function(){ return jQuery(this).children().attr(\"alt\"); }, });\r\n\t});\r\n\/\/ ]]>\r\n<\/script>\n<dl class=\"gallery-item\">\n<dt class=\"gallery-icon\">\r\n<a href=\"https:\/\/www.lasrosas.com.ar\/portal\/wp-content\/uploads\/KUWTK_S17_8x10_PR_Khloe.jpg-1536x1920.png\" title=\"\" rel=\"gallery1\"><img decoding=\"async\" data-src=\"https:\/\/www.lasrosas.com.ar\/portal\/wp-content\/uploads\/KUWTK_S17_8x10_PR_Khloe.jpg-768x960.png\" width=\"768\" height=\"960\" alt=\"\" src=\"data:image\/svg+xml;base64,PHN2ZyB3aWR0aD0iMSIgaGVpZ2h0PSIxIiB4bWxucz0iaHR0cDovL3d3dy53My5vcmcvMjAwMC9zdmciPjwvc3ZnPg==\" class=\"lazyload\" style=\"--smush-placeholder-width: 768px; --smush-placeholder-aspect-ratio: 768\/960;\" \/><\/a>\r\n<\/dt><\/dl><dl class=\"gallery-item\">\n<dt class=\"gallery-icon\">\r\n<a href=\"https:\/\/www.lasrosas.com.ar\/portal\/wp-content\/uploads\/KUWTK_S17_8x10_PR_Kim-2.jpg-1536x1920.png\" title=\"\" rel=\"gallery1\"><img decoding=\"async\" data-src=\"https:\/\/www.lasrosas.com.ar\/portal\/wp-content\/uploads\/KUWTK_S17_8x10_PR_Kim-2.jpg-768x960.png\" width=\"768\" height=\"960\" alt=\"\" src=\"data:image\/svg+xml;base64,PHN2ZyB3aWR0aD0iMSIgaGVpZ2h0PSIxIiB4bWxucz0iaHR0cDovL3d3dy53My5vcmcvMjAwMC9zdmciPjwvc3ZnPg==\" class=\"lazyload\" style=\"--smush-placeholder-width: 768px; --smush-placeholder-aspect-ratio: 768\/960;\" \/><\/a>\r\n<\/dt><\/dl><dl class=\"gallery-item\">\n<dt class=\"gallery-icon\">\r\n<a href=\"https:\/\/www.lasrosas.com.ar\/portal\/wp-content\/uploads\/KUWTK_S17_8x10_PR_Kourtney.jpg-1536x1920.png\" title=\"\" rel=\"gallery1\"><img decoding=\"async\" data-src=\"https:\/\/www.lasrosas.com.ar\/portal\/wp-content\/uploads\/KUWTK_S17_8x10_PR_Kourtney.jpg-768x960.png\" width=\"768\" height=\"960\" alt=\"\" src=\"data:image\/svg+xml;base64,PHN2ZyB3aWR0aD0iMSIgaGVpZ2h0PSIxIiB4bWxucz0iaHR0cDovL3d3dy53My5vcmcvMjAwMC9zdmciPjwvc3ZnPg==\" class=\"lazyload\" style=\"--smush-placeholder-width: 768px; --smush-placeholder-aspect-ratio: 768\/960;\" \/><\/a>\r\n<\/dt><\/dl><dl class=\"gallery-item\">\n<dt class=\"gallery-icon\">\r\n<a href=\"https:\/\/www.lasrosas.com.ar\/portal\/wp-content\/uploads\/KUWTK_S17_8x10_PR_Kris.jpg-1536x1920.png\" title=\"\" rel=\"gallery1\"><img decoding=\"async\" data-src=\"https:\/\/www.lasrosas.com.ar\/portal\/wp-content\/uploads\/KUWTK_S17_8x10_PR_Kris.jpg-768x960.png\" width=\"768\" height=\"960\" alt=\"\" src=\"data:image\/svg+xml;base64,PHN2ZyB3aWR0aD0iMSIgaGVpZ2h0PSIxIiB4bWxucz0iaHR0cDovL3d3dy53My5vcmcvMjAwMC9zdmciPjwvc3ZnPg==\" class=\"lazyload\" style=\"--smush-placeholder-width: 768px; --smush-placeholder-aspect-ratio: 768\/960;\" \/><\/a>\r\n<\/dt><\/dl><dl class=\"gallery-item\">\n<dt class=\"gallery-icon\">\r\n<a href=\"https:\/\/www.lasrosas.com.ar\/portal\/wp-content\/uploads\/KUWTK_S17_8x10_PR_Kendall.jpg-1536x1920.png\" title=\"\" rel=\"gallery1\"><img decoding=\"async\" data-src=\"https:\/\/www.lasrosas.com.ar\/portal\/wp-content\/uploads\/KUWTK_S17_8x10_PR_Kendall.jpg-768x960.png\" width=\"768\" height=\"960\" alt=\"\" src=\"data:image\/svg+xml;base64,PHN2ZyB3aWR0aD0iMSIgaGVpZ2h0PSIxIiB4bWxucz0iaHR0cDovL3d3dy53My5vcmcvMjAwMC9zdmciPjwvc3ZnPg==\" class=\"lazyload\" style=\"--smush-placeholder-width: 768px; --smush-placeholder-aspect-ratio: 768\/960;\" \/><\/a>\r\n<\/dt><\/dl><br style=\"clear: both\" \/>\r\n\t\t<\/div>\n<\/li>\n<\/ul>\n<p><b>UNIVERSAL TV<\/b><\/div>\n<ul>\n<li>13 de abril la exitosa franquicia \u00a8One Chicago\u00a8 del prestigioso creador de series dram\u00e1ticas, ganador de un Premio Emmy, Dick Wolf, presenta el estreno de un nuevo cruce de historias entre las series\u00a0<b>\u00a8Chicago Fire\u00a8\u00a0<\/b>y\u00a0<b>\u00a8Chicago P.D.\u00a8<\/b>, con el gran regreso de uno de los personajes m\u00e1s esperado por todos los fans.<\/li>\n<li>28 de abril, suceder\u00e1 tambi\u00e9n un hecho \u00fanico cuando la serie\u00a0<b>\u00a8FBI\u00a8<\/b>\u00a0se encuentre en un episodio cruzado con su spin-off\u00a0<b>\u00a8FBI: Most Wanted\u00a8<\/b>, en donde las tramas polic\u00edacas de ambas producciones se enfrentar\u00e1n para lograr encontrar a un autob\u00fas perdido con 26 estudiantes a bordo.\r\n\t\t<style type='text\/css'>\r\n\t\t\t#gallery-2 {\r\n\t\t\t\tmargin: auto;\r\n\t\t\t}\r\n\t\t\t#gallery-2 .gallery-item {\r\n\t\t\t\tfloat: left;\r\n\t\t\t\tmargin-top: 10px;\r\n\t\t\t\ttext-align: center;\r\n\t\t\t\twidth: 33%;\r\n\t\t\t}\r\n\t\t\t#gallery-2 img {\r\n\t\t\t\tborder: 2px solid #cfcfcf;\r\n\t\t\t}\r\n\t\t\t#gallery-2 .gallery-caption {\r\n\t\t\t\tmargin-left: 0;\r\n\t\t\t}\r\n\t\t<\/style>\r\n\t\t<!-- see gallery_shortcode() in wp-includes\/media.php -->\n\t\t<div id='gallery-2' class='gallery galleryid-25805 gallery-columns-3 gallery-size-medium gallery1'><script type=\"text\/javascript\">\r\n\/\/ <![CDATA[\r\n\tjQuery(document).ready(function () {\r\n\t\tjQuery(\".gallery1 a\").attr(\"rel\",\"gallery1\");\t\r\n\t\tjQuery('a[rel=\"gallery1\"]').colorbox({maxWidth:\"95%\", maxHeight:\"95%\",title: function(){ return jQuery(this).children().attr(\"alt\"); }, });\r\n\t});\r\n\/\/ ]]>\r\n<\/script>\n<dl class=\"gallery-item\">\n<dt class=\"gallery-icon\">\r\n<a href=\"https:\/\/www.lasrosas.com.ar\/portal\/wp-content\/uploads\/TV_CIF08_M2315_0165-1-1920x1280.jpg\" title=\"\" rel=\"gallery1\"><img decoding=\"async\" data-src=\"https:\/\/www.lasrosas.com.ar\/portal\/wp-content\/uploads\/TV_CIF08_M2315_0165-1-960x640.jpg\" width=\"960\" height=\"640\" alt=\"\" src=\"data:image\/svg+xml;base64,PHN2ZyB3aWR0aD0iMSIgaGVpZ2h0PSIxIiB4bWxucz0iaHR0cDovL3d3dy53My5vcmcvMjAwMC9zdmciPjwvc3ZnPg==\" class=\"lazyload\" style=\"--smush-placeholder-width: 960px; --smush-placeholder-aspect-ratio: 960\/640;\" \/><\/a>\r\n<\/dt><\/dl><dl class=\"gallery-item\">\n<dt class=\"gallery-icon\">\r\n<a href=\"https:\/\/www.lasrosas.com.ar\/portal\/wp-content\/uploads\/TV_CIF08_M2315_0178-1-1920x1280.jpg\" title=\"\" rel=\"gallery1\"><img decoding=\"async\" data-src=\"https:\/\/www.lasrosas.com.ar\/portal\/wp-content\/uploads\/TV_CIF08_M2315_0178-1-960x640.jpg\" width=\"960\" height=\"640\" alt=\"\" src=\"data:image\/svg+xml;base64,PHN2ZyB3aWR0aD0iMSIgaGVpZ2h0PSIxIiB4bWxucz0iaHR0cDovL3d3dy53My5vcmcvMjAwMC9zdmciPjwvc3ZnPg==\" class=\"lazyload\" style=\"--smush-placeholder-width: 960px; --smush-placeholder-aspect-ratio: 960\/640;\" \/><\/a>\r\n<\/dt><\/dl><dl class=\"gallery-item\">\n<dt class=\"gallery-icon\">\r\n<a href=\"https:\/\/www.lasrosas.com.ar\/portal\/wp-content\/uploads\/TV_CIF08_M2315_0469-1920x1280.jpg\" title=\"\" rel=\"gallery1\"><img decoding=\"async\" data-src=\"https:\/\/www.lasrosas.com.ar\/portal\/wp-content\/uploads\/TV_CIF08_M2315_0469-960x640.jpg\" width=\"960\" height=\"640\" alt=\"\" src=\"data:image\/svg+xml;base64,PHN2ZyB3aWR0aD0iMSIgaGVpZ2h0PSIxIiB4bWxucz0iaHR0cDovL3d3dy53My5vcmcvMjAwMC9zdmciPjwvc3ZnPg==\" class=\"lazyload\" style=\"--smush-placeholder-width: 960px; --smush-placeholder-aspect-ratio: 960\/640;\" \/><\/a>\r\n<\/dt><\/dl><br style=\"clear: both\" \/>\r\n\t\t<\/div>\n<\/li>\n<\/ul>\n<p><b>TELEMUNDO INTERNACIONAL<\/b><\/p>\n<div dir=\"ltr\">\n<ul>\n<li>08 de abril cap\u00edtulo final del \u00e9xito\u00a0<b>\u00a8La Bandida\u00a8\u00a0<\/b>la teleserie inspirada en la leyenda de \u00a8Graciela Olmos\u00a8 una de las mujeres m\u00e1s poderosas de M\u00e9xico protagonizada por Sandra Echeverr\u00eda, Julieta Grajales, Albi de Abreu.<\/li>\n<li>13 de abril tras haber obtenido m\u00faltiples nominaciones y grandes reconocimientos llega la exitosa producci\u00f3n\u00a0<b>\u201cMarido en Alquiler\u201d<\/b>\u00a0con un elenco de lujo, con estrellas como Sonya Smith, Juan Soler, Maritza Rodr\u00edguez, Miguel Varoni.<\/li>\n<li>13 de abril \u00a0llega tambi\u00e9n el \u00e9xito de producci\u00f3n colombiana\u00a0<b>\u00a8Victoria\u00a8\u00a0<\/b>protagonizada la aclamada actriz mexicana considerada como \u00a8La Reina de las Telenovelas\u00a8 Victoria Ruffo y Mauricio Ochmann (El Clon, El Chema, El Se\u00f1or de los Cielos, Capadocia).<\/li>\n<\/ul>\n<div><b>SYFY<\/b><\/div>\n<ul>\n<li><b>\u201cThe Magicians\u201d<\/b>\u00a0llega este 05 de abril a la pantalla de Latinoam\u00e9rica con su 5ta Y \u00faltima temporada. Para esta \u00faltima entrega, Alice (Olivia Taylor Dudley), Eliot (Hale Appleman), y el resto de sus amigos, a\u00fan siguen en duelo por la muerte de Quentin Coldwater (Jason Ralph) y no saben c\u00f3mo seguir adelante sin \u00e9l.<\/li>\n<\/ul>\n<div><b>STUDIO UNIVERSAL<\/b><\/div>\n<ul>\n<li>Studio Universal invita a la audiencia de Latinoam\u00e9rica a fomentar entre todos la preservaci\u00f3n de toda la naturaleza que nos rodea, trae a su pantalla dos grandes estrenos que nos recordar\u00e1n la importancia de su preservaci\u00f3n:\u00a0<b>\u00a8Everest\u00a8\u00a0<\/b>y<b>\u00a0\u00a8The Core\u00a8\u00a0<\/b>el 22 de abril.<\/li>\n<\/ul>\n<\/div>\n<!-- AddThis Advanced Settings generic via filter on the_content --><!-- AddThis Share Buttons generic via filter on the_content -->","protected":false},"excerpt":{"rendered":"<p>NBC Universal International Network\u00a0prepar\u00f3 para toda la audiencia argentina un especial de programaci\u00f3n y estrenos que ayudar\u00e1n a aliviar con entretenimiento los pr\u00f3ximos d\u00edas a trav\u00e9s de cada una de sus se\u00f1ales:\u00a0Telemundo Internacional, E! Entertainment, SYFY, Studio Universal y Universal TV. E! ENTERTAINMENT 13 de abril 6ta temporada de\u00a0\u201cYounger\u201d\u00a0creada por Darren Star (creador de Sex [&hellip;]<!-- AddThis Advanced Settings generic via filter on get_the_excerpt --><!-- AddThis Share Buttons generic via filter on get_the_excerpt --><\/p>\n","protected":false},"author":6,"featured_media":25814,"comment_status":"closed","ping_status":"open","sticky":false,"template":"","format":"standard","meta":{"_acf_changed":false,"om_disable_all_campaigns":false,"_monsterinsights_skip_tracking":false,"_monsterinsights_sitenote_active":false,"_monsterinsights_sitenote_note":"","_monsterinsights_sitenote_category":0,"_uf_show_specific_survey":0,"_uf_disable_surveys":false,"footnotes":""},"categories":[100],"tags":[],"class_list":["post-25805","post","type-post","status-publish","format-standard","has-post-thumbnail","hentry","category-noticias"],"acf":[],"aioseo_notices":[],"_links":{"self":[{"href":"https:\/\/www.lasrosas.com.ar\/portal\/wp-json\/wp\/v2\/posts\/25805","targetHints":{"allow":["GET"]}}],"collection":[{"href":"https:\/\/www.lasrosas.com.ar\/portal\/wp-json\/wp\/v2\/posts"}],"about":[{"href":"https:\/\/www.lasrosas.com.ar\/portal\/wp-json\/wp\/v2\/types\/post"}],"author":[{"embeddable":true,"href":"https:\/\/www.lasrosas.com.ar\/portal\/wp-json\/wp\/v2\/users\/6"}],"replies":[{"embeddable":true,"href":"https:\/\/www.lasrosas.com.ar\/portal\/wp-json\/wp\/v2\/comments?post=25805"}],"version-history":[{"count":0,"href":"https:\/\/www.lasrosas.com.ar\/portal\/wp-json\/wp\/v2\/posts\/25805\/revisions"}],"wp:featuredmedia":[{"embeddable":true,"href":"https:\/\/www.lasrosas.com.ar\/portal\/wp-json\/wp\/v2\/media\/25814"}],"wp:attachment":[{"href":"https:\/\/www.lasrosas.com.ar\/portal\/wp-json\/wp\/v2\/media?parent=25805"}],"wp:term":[{"taxonomy":"category","embeddable":true,"href":"https:\/\/www.lasrosas.com.ar\/portal\/wp-json\/wp\/v2\/categories?post=25805"},{"taxonomy":"post_tag","embeddable":true,"href":"https:\/\/www.lasrosas.com.ar\/portal\/wp-json\/wp\/v2\/tags?post=25805"}],"curies":[{"name":"wp","href":"https:\/\/api.w.org\/{rel}","templated":true}]}}