{"id":24995,"date":"2020-03-01T15:51:53","date_gmt":"2020-03-01T18:51:53","guid":{"rendered":"https:\/\/www.lasrosas.com.ar\/portal\/?p=24995"},"modified":"2020-03-01T15:51:53","modified_gmt":"2020-03-01T18:51:53","slug":"arranco-la-gira-internacional-de-soda-stereo-gracias-totales","status":"publish","type":"post","link":"https:\/\/www.lasrosas.com.ar\/portal\/arranco-la-gira-internacional-de-soda-stereo-gracias-totales\/","title":{"rendered":"ARRANC\u00d3 LA GIRA INTERNACIONAL DE SODA STEREO: \u00abGRACIAS TOTALES\u00bb"},"content":{"rendered":"<p><em><strong>Charly Alberti y Zeta Bosio comenzar\u00f3n la gira de la hist\u00f3rica banda argentina, \u00abGracias totales\u00bb brill\u00f3 en Bogota, con su primer destino.\u00a0<\/strong><\/em><\/p>\n<p>Presentaron un formato de quinteto al sumar al guitarrista\u00a0Roly Ureta\u00a0en todos los solos, al r\u00edtmico y voz l\u00edder\u00a0Richard Coleman\u00a0y al tecladista\u00a0Zorrito Von Quintiero.\u00a0\u00a0<em>\u00abMe reun\u00ed con Charly, Zeta y Adri\u00e1n Taverna en abril del a\u00f1o pasado, me presentaron la propuesta y lo que sent\u00ed fue lo genuino de la idea, de la necesidad. Zeta me dec\u00eda\u00a0&#8216;Loco, queremos tocar nuestros temas y estamos tratando de imaginarnos una manera de hacerlo&#8217;.\u00a0Eso me movi\u00f3 la aguja, habl\u00e1ndolo ah\u00ed, cara a cara\u00bb<\/em>&#8211; comentaba.<\/p>\n<p>En el show hubo invitados y ellos fueron: Mon Laferte en \u2018No vuelvas\u2019; Adrian Dargelos, en una nueva versi\u00f3n de \u2018Tr\u00e1tame suavemente\u2019; Andrea Echeverri, con \u2018Pasos\u2019; Ruven Albarr\u00e1n interpret\u00f3 \u2018La c\u00fapula\u2019; Draco Rosa, con \u2018En remolinos\u2019; Le\u00f3n Larregui, con \u2018Disco eterno\u2019. Sim\u00f3n Bosio, hijo de Zeta, en la guitarra sonando \u2018No vuelvas\u2019.<\/p>\n<p>Recordemos que la gira reci\u00e9n arranca y las paradas en el Campo Argentino de Polo en Buenos Aires, ser\u00e1n el 21 y el 22 de marzo.<\/p>\n\r\n\t\t<style type='text\/css'>\r\n\t\t\t#gallery-1 {\r\n\t\t\t\tmargin: auto;\r\n\t\t\t}\r\n\t\t\t#gallery-1 .gallery-item {\r\n\t\t\t\tfloat: left;\r\n\t\t\t\tmargin-top: 10px;\r\n\t\t\t\ttext-align: center;\r\n\t\t\t\twidth: 33%;\r\n\t\t\t}\r\n\t\t\t#gallery-1 img {\r\n\t\t\t\tborder: 2px solid #cfcfcf;\r\n\t\t\t}\r\n\t\t\t#gallery-1 .gallery-caption {\r\n\t\t\t\tmargin-left: 0;\r\n\t\t\t}\r\n\t\t<\/style>\r\n\t\t<!-- see gallery_shortcode() in wp-includes\/media.php -->\n\t\t<div id='gallery-1' class='gallery galleryid-24995 gallery-columns-3 gallery-size-medium gallery1'><script type=\"text\/javascript\">\r\n\/\/ <![CDATA[\r\n\tjQuery(document).ready(function () {\r\n\t\tjQuery(\".gallery1 a\").attr(\"rel\",\"gallery1\");\t\r\n\t\tjQuery('a[rel=\"gallery1\"]').colorbox({maxWidth:\"95%\", maxHeight:\"95%\",title: function(){ return jQuery(this).children().attr(\"alt\"); }, });\r\n\t});\r\n\/\/ ]]>\r\n<\/script>\n<dl class=\"gallery-item\">\n<dt class=\"gallery-icon\">\r\n<a href=\"https:\/\/www.lasrosas.com.ar\/portal\/wp-content\/uploads\/maxresdefault-22.jpg\" title=\"\" rel=\"gallery1\"><img decoding=\"async\" data-src=\"https:\/\/www.lasrosas.com.ar\/portal\/wp-content\/uploads\/maxresdefault-22-960x540.jpg\" width=\"960\" height=\"540\" alt=\"\" src=\"data:image\/svg+xml;base64,PHN2ZyB3aWR0aD0iMSIgaGVpZ2h0PSIxIiB4bWxucz0iaHR0cDovL3d3dy53My5vcmcvMjAwMC9zdmciPjwvc3ZnPg==\" class=\"lazyload\" style=\"--smush-placeholder-width: 960px; --smush-placeholder-aspect-ratio: 960\/540;\" \/><\/a>\r\n<\/dt><\/dl><dl class=\"gallery-item\">\n<dt class=\"gallery-icon\">\r\n<a href=\"https:\/\/www.lasrosas.com.ar\/portal\/wp-content\/uploads\/capturadepantall-5d8f2ac697fdc470ec2162c3c2d61f59-1200x800.jpg\" title=\"\" rel=\"gallery1\"><img decoding=\"async\" data-src=\"https:\/\/www.lasrosas.com.ar\/portal\/wp-content\/uploads\/capturadepantall-5d8f2ac697fdc470ec2162c3c2d61f59-1200x800-960x640.jpg\" width=\"960\" height=\"640\" alt=\"\" src=\"data:image\/svg+xml;base64,PHN2ZyB3aWR0aD0iMSIgaGVpZ2h0PSIxIiB4bWxucz0iaHR0cDovL3d3dy53My5vcmcvMjAwMC9zdmciPjwvc3ZnPg==\" class=\"lazyload\" style=\"--smush-placeholder-width: 960px; --smush-placeholder-aspect-ratio: 960\/640;\" \/><\/a>\r\n<\/dt><\/dl><dl class=\"gallery-item\">\n<dt class=\"gallery-icon\">\r\n<a href=\"https:\/\/www.lasrosas.com.ar\/portal\/wp-content\/uploads\/descarga-1-6.jpg\" title=\"\" rel=\"gallery1\"><img decoding=\"async\" data-src=\"https:\/\/www.lasrosas.com.ar\/portal\/wp-content\/uploads\/descarga-1-6-960x605.jpg\" width=\"960\" height=\"605\" alt=\"\" src=\"data:image\/svg+xml;base64,PHN2ZyB3aWR0aD0iMSIgaGVpZ2h0PSIxIiB4bWxucz0iaHR0cDovL3d3dy53My5vcmcvMjAwMC9zdmciPjwvc3ZnPg==\" class=\"lazyload\" style=\"--smush-placeholder-width: 960px; --smush-placeholder-aspect-ratio: 960\/605;\" \/><\/a>\r\n<\/dt><\/dl><br style=\"clear: both\" \/><dl class=\"gallery-item\">\n<dt class=\"gallery-icon\">\r\n<a href=\"https:\/\/www.lasrosas.com.ar\/portal\/wp-content\/uploads\/Benito-Cerati-participa-en-la-gira-Gracias-Totales-de-Soda-Stereo.jpg\" title=\"\" rel=\"gallery1\"><img decoding=\"async\" data-src=\"https:\/\/www.lasrosas.com.ar\/portal\/wp-content\/uploads\/Benito-Cerati-participa-en-la-gira-Gracias-Totales-de-Soda-Stereo-960x580.jpg\" width=\"960\" height=\"580\" alt=\"\" src=\"data:image\/svg+xml;base64,PHN2ZyB3aWR0aD0iMSIgaGVpZ2h0PSIxIiB4bWxucz0iaHR0cDovL3d3dy53My5vcmcvMjAwMC9zdmciPjwvc3ZnPg==\" class=\"lazyload\" style=\"--smush-placeholder-width: 960px; --smush-placeholder-aspect-ratio: 960\/580;\" \/><\/a>\r\n<\/dt><\/dl><dl class=\"gallery-item\">\n<dt class=\"gallery-icon\">\r\n<a href=\"https:\/\/www.lasrosas.com.ar\/portal\/wp-content\/uploads\/654425_1.jpg\" title=\"\" rel=\"gallery1\"><img decoding=\"async\" data-src=\"https:\/\/www.lasrosas.com.ar\/portal\/wp-content\/uploads\/654425_1-960x530.jpg\" width=\"960\" height=\"530\" alt=\"\" src=\"data:image\/svg+xml;base64,PHN2ZyB3aWR0aD0iMSIgaGVpZ2h0PSIxIiB4bWxucz0iaHR0cDovL3d3dy53My5vcmcvMjAwMC9zdmciPjwvc3ZnPg==\" class=\"lazyload\" style=\"--smush-placeholder-width: 960px; --smush-placeholder-aspect-ratio: 960\/530;\" \/><\/a>\r\n<\/dt><\/dl>\r\n\t\t\t<br style='clear: both' \/>\r\n\t\t<\/div>\n\n<p>&nbsp;<\/p>\n<!-- AddThis Advanced Settings generic via filter on the_content --><!-- AddThis Share Buttons generic via filter on the_content -->","protected":false},"excerpt":{"rendered":"<p>Charly Alberti y Zeta Bosio comenzar\u00f3n la gira de la hist\u00f3rica banda argentina, \u00abGracias totales\u00bb brill\u00f3 en Bogota, con su primer destino.\u00a0 Presentaron un formato de quinteto al sumar al guitarrista\u00a0Roly Ureta\u00a0en todos los solos, al r\u00edtmico y voz l\u00edder\u00a0Richard Coleman\u00a0y al tecladista\u00a0Zorrito Von Quintiero.\u00a0\u00a0\u00abMe reun\u00ed con Charly, Zeta y Adri\u00e1n Taverna en abril del [&hellip;]<!-- AddThis Advanced Settings generic via filter on get_the_excerpt --><!-- AddThis Share Buttons generic via filter on get_the_excerpt --><\/p>\n","protected":false},"author":6,"featured_media":24996,"comment_status":"closed","ping_status":"open","sticky":false,"template":"","format":"standard","meta":{"_acf_changed":false,"om_disable_all_campaigns":false,"_monsterinsights_skip_tracking":false,"_monsterinsights_sitenote_active":false,"_monsterinsights_sitenote_note":"","_monsterinsights_sitenote_category":0,"_uf_show_specific_survey":0,"_uf_disable_surveys":false,"footnotes":""},"categories":[100],"tags":[],"class_list":["post-24995","post","type-post","status-publish","format-standard","has-post-thumbnail","hentry","category-noticias"],"acf":[],"aioseo_notices":[],"_links":{"self":[{"href":"https:\/\/www.lasrosas.com.ar\/portal\/wp-json\/wp\/v2\/posts\/24995","targetHints":{"allow":["GET"]}}],"collection":[{"href":"https:\/\/www.lasrosas.com.ar\/portal\/wp-json\/wp\/v2\/posts"}],"about":[{"href":"https:\/\/www.lasrosas.com.ar\/portal\/wp-json\/wp\/v2\/types\/post"}],"author":[{"embeddable":true,"href":"https:\/\/www.lasrosas.com.ar\/portal\/wp-json\/wp\/v2\/users\/6"}],"replies":[{"embeddable":true,"href":"https:\/\/www.lasrosas.com.ar\/portal\/wp-json\/wp\/v2\/comments?post=24995"}],"version-history":[{"count":0,"href":"https:\/\/www.lasrosas.com.ar\/portal\/wp-json\/wp\/v2\/posts\/24995\/revisions"}],"wp:featuredmedia":[{"embeddable":true,"href":"https:\/\/www.lasrosas.com.ar\/portal\/wp-json\/wp\/v2\/media\/24996"}],"wp:attachment":[{"href":"https:\/\/www.lasrosas.com.ar\/portal\/wp-json\/wp\/v2\/media?parent=24995"}],"wp:term":[{"taxonomy":"category","embeddable":true,"href":"https:\/\/www.lasrosas.com.ar\/portal\/wp-json\/wp\/v2\/categories?post=24995"},{"taxonomy":"post_tag","embeddable":true,"href":"https:\/\/www.lasrosas.com.ar\/portal\/wp-json\/wp\/v2\/tags?post=24995"}],"curies":[{"name":"wp","href":"https:\/\/api.w.org\/{rel}","templated":true}]}}