{"id":24934,"date":"2020-02-28T17:44:26","date_gmt":"2020-02-28T20:44:26","guid":{"rendered":"https:\/\/www.lasrosas.com.ar\/portal\/?p=24934"},"modified":"2020-02-28T17:44:26","modified_gmt":"2020-02-28T20:44:26","slug":"benja-amadeo-sera-el-telonero-de-los-backstreet-boys","status":"publish","type":"post","link":"https:\/\/www.lasrosas.com.ar\/portal\/benja-amadeo-sera-el-telonero-de-los-backstreet-boys\/","title":{"rendered":"BENJA AMADEO SER\u00c1 EL TELONERO DE LOS BACKSTREET BOYS"},"content":{"rendered":"<p class=\"td-post-sub-title\"><em><strong>El artista ser\u00e1 parte del espect\u00e1culo que brindar\u00e1 la banda estadounidense en el Campo Argentino de Polo.<\/strong><\/em><\/p>\n<div class=\"td-module-meta-info\">Los Backstreet Boys, se presentar\u00e1n el pr\u00f3ximo 7 de marzo y el encargado de darle inicio al incre\u00edble show, es el cantante argentino, Benjamin Amadeo. El actor tendr\u00e1 la oportunidad de compartir su m\u00fasica con el p\u00fablico en el mismo escenario en el que luego estar\u00e1n\u00a0A. J. McLean,\u00a0Howie Dorough,\u00a0Brian Littrell,\u00a0Nick Carter\u00a0y\u00a0Kevin Richardson.<\/div>\n<div>Recordando un poco su paso por la m\u00fasica. Amadeo fue telonero tambi\u00e9n de\u00a0Ed Sheeran\u00a0en el Estadio \u00danico de la Plata y recibi\u00f3 diferentes nominaciones durante su carrera; entre ellos, dos nominaciones\u00a0a los Premios Gardel:\u00a0Mejor \u00c1lbum Artista Masculino Pop\u00a0y\u00a0Mejor \u00c1lbum Artista Nuevo en la que gan\u00f3. La \u00faltima canci\u00f3n en colaboraci\u00f3n que realiz\u00f3, fue \u00abFlores\u00bb con los Autenticos Decadentes. La canci\u00f3n fue lanzada en YouTube en Octubre de 2019 y alcanz\u00f3 los 2 millones de reproducciones.<\/div>\n<div>Backstreet Boys\u00a0llega a Am\u00e9rica Latina con su exitoso\u00a0\u201cThe DNA World Tour\u201d, para luego continuar la gira por\u00a0M\u00e9xico, Costa Rica, Colombia, Chile, Argentina, Uruguay y Brasil.<\/div>\n<p><iframe title=\"Benjam\u00edn Amadeo - Las Flores (Official Video) ft. Los Aut\u00e9nticos Decadentes\" width=\"500\" height=\"281\" data-src=\"https:\/\/www.youtube.com\/embed\/g4zOPWD4sL8?feature=oembed\" frameborder=\"0\" allow=\"accelerometer; autoplay; clipboard-write; encrypted-media; gyroscope; picture-in-picture; web-share\" referrerpolicy=\"strict-origin-when-cross-origin\" allowfullscreen src=\"data:image\/svg+xml;base64,PHN2ZyB3aWR0aD0iMSIgaGVpZ2h0PSIxIiB4bWxucz0iaHR0cDovL3d3dy53My5vcmcvMjAwMC9zdmciPjwvc3ZnPg==\" class=\"lazyload\" data-load-mode=\"1\"><\/iframe><\/p>\n<!-- AddThis Advanced Settings generic via filter on the_content --><!-- AddThis Share Buttons generic via filter on the_content -->","protected":false},"excerpt":{"rendered":"<p>El artista ser\u00e1 parte del espect\u00e1culo que brindar\u00e1 la banda estadounidense en el Campo Argentino de Polo. Los Backstreet Boys, se presentar\u00e1n el pr\u00f3ximo 7 de marzo y el encargado de darle inicio al incre\u00edble show, es el cantante argentino, Benjamin Amadeo. El actor tendr\u00e1 la oportunidad de compartir su m\u00fasica con el p\u00fablico en [&hellip;]<!-- AddThis Advanced Settings generic via filter on get_the_excerpt --><!-- AddThis Share Buttons generic via filter on get_the_excerpt --><\/p>\n","protected":false},"author":6,"featured_media":24935,"comment_status":"closed","ping_status":"open","sticky":false,"template":"","format":"standard","meta":{"_acf_changed":false,"om_disable_all_campaigns":false,"_monsterinsights_skip_tracking":false,"_monsterinsights_sitenote_active":false,"_monsterinsights_sitenote_note":"","_monsterinsights_sitenote_category":0,"_uf_show_specific_survey":0,"_uf_disable_surveys":false,"footnotes":""},"categories":[100],"tags":[],"class_list":["post-24934","post","type-post","status-publish","format-standard","has-post-thumbnail","hentry","category-noticias"],"acf":[],"aioseo_notices":[],"_links":{"self":[{"href":"https:\/\/www.lasrosas.com.ar\/portal\/wp-json\/wp\/v2\/posts\/24934","targetHints":{"allow":["GET"]}}],"collection":[{"href":"https:\/\/www.lasrosas.com.ar\/portal\/wp-json\/wp\/v2\/posts"}],"about":[{"href":"https:\/\/www.lasrosas.com.ar\/portal\/wp-json\/wp\/v2\/types\/post"}],"author":[{"embeddable":true,"href":"https:\/\/www.lasrosas.com.ar\/portal\/wp-json\/wp\/v2\/users\/6"}],"replies":[{"embeddable":true,"href":"https:\/\/www.lasrosas.com.ar\/portal\/wp-json\/wp\/v2\/comments?post=24934"}],"version-history":[{"count":0,"href":"https:\/\/www.lasrosas.com.ar\/portal\/wp-json\/wp\/v2\/posts\/24934\/revisions"}],"wp:featuredmedia":[{"embeddable":true,"href":"https:\/\/www.lasrosas.com.ar\/portal\/wp-json\/wp\/v2\/media\/24935"}],"wp:attachment":[{"href":"https:\/\/www.lasrosas.com.ar\/portal\/wp-json\/wp\/v2\/media?parent=24934"}],"wp:term":[{"taxonomy":"category","embeddable":true,"href":"https:\/\/www.lasrosas.com.ar\/portal\/wp-json\/wp\/v2\/categories?post=24934"},{"taxonomy":"post_tag","embeddable":true,"href":"https:\/\/www.lasrosas.com.ar\/portal\/wp-json\/wp\/v2\/tags?post=24934"}],"curies":[{"name":"wp","href":"https:\/\/api.w.org\/{rel}","templated":true}]}}