{"id":24721,"date":"2020-02-22T15:37:39","date_gmt":"2020-02-22T18:37:39","guid":{"rendered":"https:\/\/www.lasrosas.com.ar\/portal\/?p=24721"},"modified":"2020-03-02T15:17:35","modified_gmt":"2020-03-02T18:17:35","slug":"llegaron-las-noticias-mas-relevantes-de-la-semana","status":"publish","type":"post","link":"https:\/\/www.lasrosas.com.ar\/portal\/llegaron-las-noticias-mas-relevantes-de-la-semana\/","title":{"rendered":"LLEGARON LAS NOTICIAS M\u00c1S RELEVANTES DE LA SEMANA"},"content":{"rendered":"<p><strong>1- ORIANA SABATINI LANZ\u00d3 UNA NUEVA CANCI\u00d3N:\u00a0<\/strong>Despu\u00e9s de cuatro meses, luego de que publicara \u00abEl \u00daltimo Tango\u00bb, no hab\u00edamos tenido novedades de lo que ven\u00eda. Si bien la artista est\u00e1 viviendo su vida en Italia junto a su novio Paulo Dybala, no pierde oportunidad para regresar a nuestro pa\u00eds y continuar con sus proyectos musicales. LUNA LLENA es el nombre de la nueva canci\u00f3n\u00a0Producida por Julio Reyes y\u00a0dirigido por Juan Gonzs.<\/p>\n<p><img decoding=\"async\" class=\"aligncenter wp-image-24662 size-thumbnail lazyload\" data-src=\"https:\/\/www.lasrosas.com.ar\/portal\/wp-content\/uploads\/ORIIIII-NUEVO-640x480.jpeg\" alt=\"\" width=\"640\" height=\"480\" src=\"data:image\/svg+xml;base64,PHN2ZyB3aWR0aD0iMSIgaGVpZ2h0PSIxIiB4bWxucz0iaHR0cDovL3d3dy53My5vcmcvMjAwMC9zdmciPjwvc3ZnPg==\" style=\"--smush-placeholder-width: 640px; --smush-placeholder-aspect-ratio: 640\/480;\" \/><\/p>\n<p><strong>2- ENTREVISTA BOB SINCLAR:<\/strong>\u00a0Christophe LeFriant o m\u00e1s conocido como Bob Sinclar, est\u00e1 de recorrida por Punta Del Este y Las Rosas fue parte de una entrevista exclusiva.\u00a0\u00abLove Generation\u00bb y \u00abWorld Hold On\u00bb, son algunos de los temas mas reconocidos del artista franc\u00e9s.<\/p>\n<p><img decoding=\"async\" class=\"aligncenter wp-image-24540 size-thumbnail lazyload\" data-src=\"https:\/\/www.lasrosas.com.ar\/portal\/wp-content\/uploads\/WhatsApp-Image-2020-02-18-at-17.49.21-e1582133259294-640x480.jpeg\" alt=\"\" width=\"640\" height=\"480\" src=\"data:image\/svg+xml;base64,PHN2ZyB3aWR0aD0iMSIgaGVpZ2h0PSIxIiB4bWxucz0iaHR0cDovL3d3dy53My5vcmcvMjAwMC9zdmciPjwvc3ZnPg==\" style=\"--smush-placeholder-width: 640px; --smush-placeholder-aspect-ratio: 640\/480;\" \/><\/p>\n<p><strong>3-LUIS MIGUEL LA SERIE:<\/strong>\u00a0No s\u00f3lo tenemos la noticia que tanto esperabamos y que por fin ya hay fecha de estreno de la incre\u00edble serie de Luis Miguel, sino tambi\u00e9n que confirmaron la participaci\u00f3n de una actriz argentina. Seg\u00fan trascendidos, se estar\u00eda pensado en la actriz Luz Cipriota.<\/p>\n<p><img decoding=\"async\" class=\"aligncenter wp-image-24585 size-thumbnail lazyload\" data-src=\"https:\/\/www.lasrosas.com.ar\/portal\/wp-content\/uploads\/capitulo-luis-miguel-serie-hablar-640x480.jpg\" alt=\"\" width=\"640\" height=\"480\" src=\"data:image\/svg+xml;base64,PHN2ZyB3aWR0aD0iMSIgaGVpZ2h0PSIxIiB4bWxucz0iaHR0cDovL3d3dy53My5vcmcvMjAwMC9zdmciPjwvc3ZnPg==\" style=\"--smush-placeholder-width: 640px; --smush-placeholder-aspect-ratio: 640\/480;\" \/><\/p>\n<p><strong>4- PREMIOS LO NUESTRO:\u00a0<\/strong>El rey del reggaet\u00f3n, Daddy Yankee, se coron\u00f3 como el m\u00e1ximo ganador de la noche llev\u00e1ndose siete estatuillas. Le siguieron\u00a0Bad Bunny con cinco galardones y\u00a0 Sebasti\u00e1n Yatra qued\u00f3 con tres premios. Hubo presentaciones de Becky G, Ricky Martin, Nicky Jam, Reik, Carlos Rivera, Pedro Cap\u00f3, Ricardo Montaner, Greeicy y muchos m\u00e1s.<\/p>\n<p><img decoding=\"async\" class=\"aligncenter wp-image-24719 size-thumbnail lazyload\" data-src=\"https:\/\/www.lasrosas.com.ar\/portal\/wp-content\/uploads\/4fd2301334773907-950x1398-e1582318472113-640x480.jpg\" alt=\"\" width=\"640\" height=\"480\" src=\"data:image\/svg+xml;base64,PHN2ZyB3aWR0aD0iMSIgaGVpZ2h0PSIxIiB4bWxucz0iaHR0cDovL3d3dy53My5vcmcvMjAwMC9zdmciPjwvc3ZnPg==\" style=\"--smush-placeholder-width: 640px; --smush-placeholder-aspect-ratio: 640\/480;\" \/><\/p>\n<p><strong>5-SEMANA DE LA MODA EN MIL\u00c1N:<\/strong> En el turno de Moschino,\u00a0Jeremy Scott, el dise\u00f1ador estadounidense, se inspir\u00f3 en una de las \u00e9pocas m\u00e1s revolucionarias de la historia. El momento elegido fue la revoluci\u00f3n francesa bajo el lema de Maria Antonieta.\u00a0Kaia Gerber, Irina Shayk y las hermanas Hadid fueron las encargadas de hacer brillar la pasarela.<\/p>\n<p><img decoding=\"async\" class=\"aligncenter wp-image-24704 size-thumbnail lazyload\" data-src=\"https:\/\/www.lasrosas.com.ar\/portal\/wp-content\/uploads\/moschino-fall-winter-show-milan-fashion-week-collection-01-e1582315214129-640x480.jpg\" alt=\"\" width=\"640\" height=\"480\" src=\"data:image\/svg+xml;base64,PHN2ZyB3aWR0aD0iMSIgaGVpZ2h0PSIxIiB4bWxucz0iaHR0cDovL3d3dy53My5vcmcvMjAwMC9zdmciPjwvc3ZnPg==\" style=\"--smush-placeholder-width: 640px; --smush-placeholder-aspect-ratio: 640\/480;\" \/><\/p>\n<!-- AddThis Advanced Settings generic via filter on the_content --><!-- AddThis Share Buttons generic via filter on the_content -->","protected":false},"excerpt":{"rendered":"<p>1- ORIANA SABATINI LANZ\u00d3 UNA NUEVA CANCI\u00d3N:\u00a0Despu\u00e9s de cuatro meses, luego de que publicara \u00abEl \u00daltimo Tango\u00bb, no hab\u00edamos tenido novedades de lo que ven\u00eda. Si bien la artista est\u00e1 viviendo su vida en Italia junto a su novio Paulo Dybala, no pierde oportunidad para regresar a nuestro pa\u00eds y continuar con sus proyectos musicales. [&hellip;]<!-- AddThis Advanced Settings generic via filter on get_the_excerpt --><!-- AddThis Share Buttons generic via filter on get_the_excerpt --><\/p>\n","protected":false},"author":6,"featured_media":24722,"comment_status":"closed","ping_status":"open","sticky":false,"template":"","format":"standard","meta":{"_acf_changed":false,"om_disable_all_campaigns":false,"_monsterinsights_skip_tracking":false,"_monsterinsights_sitenote_active":false,"_monsterinsights_sitenote_note":"","_monsterinsights_sitenote_category":0,"_uf_show_specific_survey":0,"_uf_disable_surveys":false,"footnotes":""},"categories":[100],"tags":[],"class_list":["post-24721","post","type-post","status-publish","format-standard","has-post-thumbnail","hentry","category-noticias"],"acf":[],"aioseo_notices":[],"_links":{"self":[{"href":"https:\/\/www.lasrosas.com.ar\/portal\/wp-json\/wp\/v2\/posts\/24721","targetHints":{"allow":["GET"]}}],"collection":[{"href":"https:\/\/www.lasrosas.com.ar\/portal\/wp-json\/wp\/v2\/posts"}],"about":[{"href":"https:\/\/www.lasrosas.com.ar\/portal\/wp-json\/wp\/v2\/types\/post"}],"author":[{"embeddable":true,"href":"https:\/\/www.lasrosas.com.ar\/portal\/wp-json\/wp\/v2\/users\/6"}],"replies":[{"embeddable":true,"href":"https:\/\/www.lasrosas.com.ar\/portal\/wp-json\/wp\/v2\/comments?post=24721"}],"version-history":[{"count":0,"href":"https:\/\/www.lasrosas.com.ar\/portal\/wp-json\/wp\/v2\/posts\/24721\/revisions"}],"wp:featuredmedia":[{"embeddable":true,"href":"https:\/\/www.lasrosas.com.ar\/portal\/wp-json\/wp\/v2\/media\/24722"}],"wp:attachment":[{"href":"https:\/\/www.lasrosas.com.ar\/portal\/wp-json\/wp\/v2\/media?parent=24721"}],"wp:term":[{"taxonomy":"category","embeddable":true,"href":"https:\/\/www.lasrosas.com.ar\/portal\/wp-json\/wp\/v2\/categories?post=24721"},{"taxonomy":"post_tag","embeddable":true,"href":"https:\/\/www.lasrosas.com.ar\/portal\/wp-json\/wp\/v2\/tags?post=24721"}],"curies":[{"name":"wp","href":"https:\/\/api.w.org\/{rel}","templated":true}]}}