{"id":24396,"date":"2020-02-15T14:31:04","date_gmt":"2020-02-15T17:31:04","guid":{"rendered":"https:\/\/www.lasrosas.com.ar\/portal\/?p=24396"},"modified":"2020-02-17T16:38:05","modified_gmt":"2020-02-17T19:38:05","slug":"las-mas-leidas-de-la-semana-3","status":"publish","type":"post","link":"https:\/\/www.lasrosas.com.ar\/portal\/las-mas-leidas-de-la-semana-3\/","title":{"rendered":"LAS M\u00c1S LE\u00cdDAS DE LA SEMANA"},"content":{"rendered":"<p><strong><em>Desde entrevistas, eventos y hasta noticias de \u00faltimo momento, te presentamos las m\u00e1s destacadas de esta semana de febrero. Todas las notas completas, las encontr\u00e1s en nuestro HOME.\u00a0<\/em><\/strong><\/p>\n<p><strong>1:\u00a0SE PRESENT\u00d3 EN C\u00d3RDOBA \u00abUNA SEMANA NADA MAS\u00bb CON BENJA ROJAS Y NICO VAZQUEZ:\u00a0<\/strong>Las Rosas estuvo presente y habl\u00f3 con dos de los protagonistas. Nicol\u00e1s Vazquez junto a Benjamin Rojas respondieron todas las preguntas y nos contaron todo los detalles que no conoces de la obra. La nota completa en nuestra web secci\u00f3n entrevista y trend.<\/p>\n<p><img decoding=\"async\" class=\"aligncenter wp-image-24266 size-thumbnail lazyload\" data-src=\"https:\/\/www.lasrosas.com.ar\/portal\/wp-content\/uploads\/nicovazquez-640x480.jpg\" alt=\"\" width=\"640\" height=\"480\" src=\"data:image\/svg+xml;base64,PHN2ZyB3aWR0aD0iMSIgaGVpZ2h0PSIxIiB4bWxucz0iaHR0cDovL3d3dy53My5vcmcvMjAwMC9zdmciPjwvc3ZnPg==\" style=\"--smush-placeholder-width: 640px; --smush-placeholder-aspect-ratio: 640\/480;\" \/><\/p>\n<p><strong>2: TU M\u00daSICA URBANO LLEGA EN MARZO:\u00a0<\/strong>El pr\u00f3ximo jueves 05 de marzo llegar\u00e1n los premios \u00abTu m\u00fasica urbano\u00bb. La primera ceremonia dedicada completamente a la celebraci\u00f3n del g\u00e9nero urbano en Latinoam\u00e9rica.<\/p>\n<p><img decoding=\"async\" class=\"aligncenter wp-image-24361 size-thumbnail lazyload\" data-src=\"https:\/\/www.lasrosas.com.ar\/portal\/wp-content\/uploads\/Daddy-Yankee-fondo-amarillo-640x480.png\" alt=\"\" width=\"640\" height=\"480\" src=\"data:image\/svg+xml;base64,PHN2ZyB3aWR0aD0iMSIgaGVpZ2h0PSIxIiB4bWxucz0iaHR0cDovL3d3dy53My5vcmcvMjAwMC9zdmciPjwvc3ZnPg==\" style=\"--smush-placeholder-width: 640px; --smush-placeholder-aspect-ratio: 640\/480;\" \/><\/p>\n<p><strong>3:\u00a0CAMILA CABELLO LANZA \u00abMY OH MY\u00bb:<\/strong> La cantante\u00a0lanz\u00f3 la canci\u00f3n que sumar\u00e1 a su disco \u00abThe Romance Tour\u00bb y con el cual comenzar\u00e1 su gira internacional 2020.\u00a0Cuenta\u00a0la historia de amor entre una cantante y un director de cine que transcurre en una \u00e9poca antigua.<img decoding=\"async\" class=\"aligncenter wp-image-24366 size-thumbnail lazyload\" data-src=\"https:\/\/www.lasrosas.com.ar\/portal\/wp-content\/uploads\/a0690389590_10-640x480.jpg\" alt=\"\" width=\"640\" height=\"480\" src=\"data:image\/svg+xml;base64,PHN2ZyB3aWR0aD0iMSIgaGVpZ2h0PSIxIiB4bWxucz0iaHR0cDovL3d3dy53My5vcmcvMjAwMC9zdmciPjwvc3ZnPg==\" style=\"--smush-placeholder-width: 640px; --smush-placeholder-aspect-ratio: 640\/480;\" \/><\/p>\n<p><strong>4:\u00a0AMERICA BUSINESS FORUM EN PUNTA DEL ESTE:<\/strong>\u00a0Lacalle Pou, Facundo Manes, Ismael Cala, Adri\u00e1n Suar, Benjam\u00edn Vicu\u00f1a, Giuseppe Cipriani, Alessandra Rampolla y Don Francisco\u00a0estuvieron\u00a0presentes en America Business Forum en Punta del Este Convention Center. El evento\u00a0re\u00fane a \u200bCEOs, l\u00edderes pol\u00edticos y emprendedores del mundo en Punta del Este, con la meta de proyectar el futuro econ\u00f3mico y cultural del continente<\/p>\n<p>&nbsp;<\/p>\n<p><img decoding=\"async\" class=\"aligncenter wp-image-24176 size-thumbnail lazyload\" data-src=\"https:\/\/www.lasrosas.com.ar\/portal\/wp-content\/uploads\/4Z3A0501-e1581452322581-640x480.jpg\" alt=\"\" width=\"640\" height=\"480\" src=\"data:image\/svg+xml;base64,PHN2ZyB3aWR0aD0iMSIgaGVpZ2h0PSIxIiB4bWxucz0iaHR0cDovL3d3dy53My5vcmcvMjAwMC9zdmciPjwvc3ZnPg==\" style=\"--smush-placeholder-width: 640px; --smush-placeholder-aspect-ratio: 640\/480;\" \/><\/p>\n<p><strong>5- JOE JONAS Y SOPHIE TURNER ESPERAN SU PRIMER HIJO:<\/strong>\u00a0La actriz de Game of Thrones tiene 23 a\u00f1os y estar\u00eda casi confirmado el rumor de embarazo de la joven. Desde que se casaron en mayo de a\u00f1o pasado,\u00a0Sophie\u00a0y Joe\u00a0se han arreglado para mantenerse unidos y acompa\u00f1arse en cada compromiso laboral. Ahora s\u00f3lo queda esperar un post de alguno de ellos que nos d\u00e9 la ansiada noticia.<\/p>\n<p><img decoding=\"async\" class=\"aligncenter wp-image-24335 size-thumbnail lazyload\" data-src=\"https:\/\/www.lasrosas.com.ar\/portal\/wp-content\/uploads\/joe-jonas-sophie-getty-t-640x480.jpg\" alt=\"\" width=\"640\" height=\"480\" src=\"data:image\/svg+xml;base64,PHN2ZyB3aWR0aD0iMSIgaGVpZ2h0PSIxIiB4bWxucz0iaHR0cDovL3d3dy53My5vcmcvMjAwMC9zdmciPjwvc3ZnPg==\" style=\"--smush-placeholder-width: 640px; --smush-placeholder-aspect-ratio: 640\/480;\" \/><\/p>\n<div class=\"at-above-post addthis_tool\" data-url=\"https:\/\/www.lasrosas.com.ar\/portal\/joe-jonas-y-sophie-turner-esperan-su-primer-hijo\/\"><\/div>\n<div class=\"at-above-post addthis_tool\" data-url=\"https:\/\/www.lasrosas.com.ar\/portal\/america-business-forum-en-punta-del-este\/\"><\/div>\n<p class=\"at-above-post addthis_tool\" data-url=\"https:\/\/www.lasrosas.com.ar\/portal\/camila-cabello-lanza-my-oh-my\/\">\n<!-- AddThis Advanced Settings generic via filter on the_content --><!-- AddThis Share Buttons generic via filter on the_content -->","protected":false},"excerpt":{"rendered":"<p>Desde entrevistas, eventos y hasta noticias de \u00faltimo momento, te presentamos las m\u00e1s destacadas de esta semana de febrero. Todas las notas completas, las encontr\u00e1s en nuestro HOME.\u00a0 1:\u00a0SE PRESENT\u00d3 EN C\u00d3RDOBA \u00abUNA SEMANA NADA MAS\u00bb CON BENJA ROJAS Y NICO VAZQUEZ:\u00a0Las Rosas estuvo presente y habl\u00f3 con dos de los protagonistas. Nicol\u00e1s Vazquez junto [&hellip;]<!-- AddThis Advanced Settings generic via filter on get_the_excerpt --><!-- AddThis Share Buttons generic via filter on get_the_excerpt --><\/p>\n","protected":false},"author":6,"featured_media":24397,"comment_status":"closed","ping_status":"open","sticky":false,"template":"","format":"standard","meta":{"_acf_changed":false,"om_disable_all_campaigns":false,"_monsterinsights_skip_tracking":false,"_monsterinsights_sitenote_active":false,"_monsterinsights_sitenote_note":"","_monsterinsights_sitenote_category":0,"_uf_show_specific_survey":0,"_uf_disable_surveys":false,"footnotes":""},"categories":[100],"tags":[],"class_list":["post-24396","post","type-post","status-publish","format-standard","has-post-thumbnail","hentry","category-noticias"],"acf":[],"aioseo_notices":[],"_links":{"self":[{"href":"https:\/\/www.lasrosas.com.ar\/portal\/wp-json\/wp\/v2\/posts\/24396","targetHints":{"allow":["GET"]}}],"collection":[{"href":"https:\/\/www.lasrosas.com.ar\/portal\/wp-json\/wp\/v2\/posts"}],"about":[{"href":"https:\/\/www.lasrosas.com.ar\/portal\/wp-json\/wp\/v2\/types\/post"}],"author":[{"embeddable":true,"href":"https:\/\/www.lasrosas.com.ar\/portal\/wp-json\/wp\/v2\/users\/6"}],"replies":[{"embeddable":true,"href":"https:\/\/www.lasrosas.com.ar\/portal\/wp-json\/wp\/v2\/comments?post=24396"}],"version-history":[{"count":0,"href":"https:\/\/www.lasrosas.com.ar\/portal\/wp-json\/wp\/v2\/posts\/24396\/revisions"}],"wp:featuredmedia":[{"embeddable":true,"href":"https:\/\/www.lasrosas.com.ar\/portal\/wp-json\/wp\/v2\/media\/24397"}],"wp:attachment":[{"href":"https:\/\/www.lasrosas.com.ar\/portal\/wp-json\/wp\/v2\/media?parent=24396"}],"wp:term":[{"taxonomy":"category","embeddable":true,"href":"https:\/\/www.lasrosas.com.ar\/portal\/wp-json\/wp\/v2\/categories?post=24396"},{"taxonomy":"post_tag","embeddable":true,"href":"https:\/\/www.lasrosas.com.ar\/portal\/wp-json\/wp\/v2\/tags?post=24396"}],"curies":[{"name":"wp","href":"https:\/\/api.w.org\/{rel}","templated":true}]}}