{"id":24101,"date":"2020-02-07T18:35:11","date_gmt":"2020-02-07T21:35:11","guid":{"rendered":"https:\/\/www.lasrosas.com.ar\/portal\/?p=24101"},"modified":"2020-02-07T18:35:11","modified_gmt":"2020-02-07T21:35:11","slug":"a-dos-dias-de-los-oscars-2020","status":"publish","type":"post","link":"https:\/\/www.lasrosas.com.ar\/portal\/a-dos-dias-de-los-oscars-2020\/","title":{"rendered":"A DOS DIAS DE LOS OSCARS 2020"},"content":{"rendered":"<p><em>POR Constanza Monferini Zapiola- @cotimonferini<\/em><\/p>\n<p><strong><em>Faltan cuatro d\u00edas para la gran fiesta del cine y la Academia de Hollywood trabaja a contrareloj.<\/em><\/strong><\/p>\n<p>Este pr\u00f3ximo domingo 9 de febrero se realizar\u00e1 la versi\u00f3n n\u00famero 92\u00ba de los Premios Oscar en el Teatro Dolby de Los \u00c1ngeles. Los m\u00e1s fan\u00e1ticos del cine est\u00e1n a la espera de saber qui\u00e9nes ser\u00e1n los grandes ganadores de la ceremonia. La gala no tendr\u00e1 presentador principal. En cambio los actores que ganaron el a\u00f1o pasado volver\u00e1n al escenario para presentar a sus sucesores.<\/p>\n<p>Olivia Colman, Rami Malek, Regina King y Mahershala Ali participar\u00e1n como presentadores en la ceremonia del 9. Es tradici\u00f3n del Oscar que los actores ganadores funjan como presentadores al a\u00f1o siguiente.<\/p>\n<p>Am\u00e9rica Latina podr\u00e1 ver los Oscar 2020 en su idioma original y doblado al espa\u00f1ol por el canal de cable TNT en espa\u00f1ol, y TNT Series tambi\u00e9n transmitir\u00e1 la gala pero, solo en idioma ingl\u00e9s. En Argentina la trasmisi\u00f3n empezar\u00eda a las 22:00 Hs.<\/p>\n<p><strong>Y ya que ha empezado la cuenta regresiva para la entrega de uno de los premios m\u00e1s codiciados, recordaremos los nominados a la categor\u00eda del mayor galard\u00f3n: MEJOR PELICULA.<\/strong><\/p>\n<p><strong>JoJo Rabbit<\/strong><\/p>\n<p>Una exc\u00e9ntrica s\u00e1tira mucho m\u00e1s inofensiva de lo que parece. Funciona mejor en lo \u00edntimo, especialmente cuando se centra en la peculiar amistad que surge entre sus dos j\u00f3venes protagonistas, que cuanto quiere ser m\u00e1s general, en especial por el tratamiento que se hace del personaje de Hitler, muy divertido en sus primeras apariciones y que luego acaba resultando una molestia. Pese a todo, Taika Waititi consigue una mezcla de humor y emoci\u00f3n que tiende a funcionar bastante bien<\/p>\n<p><img decoding=\"async\" class=\"aligncenter size-thumbnail wp-image-24102 lazyload\" data-src=\"https:\/\/www.lasrosas.com.ar\/portal\/wp-content\/uploads\/3172978-640x480.jpg\" alt=\"\" width=\"640\" height=\"480\" src=\"data:image\/svg+xml;base64,PHN2ZyB3aWR0aD0iMSIgaGVpZ2h0PSIxIiB4bWxucz0iaHR0cDovL3d3dy53My5vcmcvMjAwMC9zdmciPjwvc3ZnPg==\" style=\"--smush-placeholder-width: 640px; --smush-placeholder-aspect-ratio: 640\/480;\" \/><\/p>\n<p>&nbsp;<\/p>\n<p><strong>Joker<\/strong><\/p>\n<p>Una pel\u00edcula aparte del DCEU que permite hacer algo muy diferente a lo visto hasta ahora dentro del cine de superh\u00e9roes. Es cierto que la influencia de Martin Scorsese es m\u00e1s que notable, pero tambi\u00e9n que Joaquin Phoenix borda su papel y que clava su radiograf\u00eda del trastorno del protagonista -no es culpa suya que luego algunos lo hayan idealizado como poco menos que una figura a imitar-, contando adem\u00e1s con un gran acabado t\u00e9cnico.<\/p>\n<p><img decoding=\"async\" class=\"aligncenter size-thumbnail wp-image-24103 lazyload\" data-src=\"https:\/\/www.lasrosas.com.ar\/portal\/wp-content\/uploads\/maxresdefault-18-640x480.jpg\" alt=\"\" width=\"640\" height=\"480\" src=\"data:image\/svg+xml;base64,PHN2ZyB3aWR0aD0iMSIgaGVpZ2h0PSIxIiB4bWxucz0iaHR0cDovL3d3dy53My5vcmcvMjAwMC9zdmciPjwvc3ZnPg==\" style=\"--smush-placeholder-width: 640px; --smush-placeholder-aspect-ratio: 640\/480;\" \/><\/p>\n<p><strong>\u00c9rase una vez en\u2026 Hollywood<\/strong><\/p>\n<p>Ya en sus inicios qued\u00f3 claro que a Quentin Tarantino le gustaba mucho alterar la narrativa tradicional y en este caso ha optado por hacer un cruce entre reconstrucci\u00f3n, homenaje y relectura de una \u00e9poca con un relato deslavazado en el que puede parecer que la importancia de las partes prima por encima de su unidad. Fascinante en ocasiones, es una obra en la que f\u00e1cilmente se descubrir\u00e1n nuevos detalles con lo sucesivos visionados, pero eso no quita para que tambi\u00e9n haya momentos en los que puede perder el inter\u00e9s del espectador.<\/p>\n<p><img decoding=\"async\" class=\"aligncenter size-full wp-image-24104 lazyload\" data-src=\"https:\/\/www.lasrosas.com.ar\/portal\/wp-content\/uploads\/images-6.jpg\" alt=\"\" width=\"284\" height=\"177\" src=\"data:image\/svg+xml;base64,PHN2ZyB3aWR0aD0iMSIgaGVpZ2h0PSIxIiB4bWxucz0iaHR0cDovL3d3dy53My5vcmcvMjAwMC9zdmciPjwvc3ZnPg==\" style=\"--smush-placeholder-width: 284px; --smush-placeholder-aspect-ratio: 284\/177;\" \/><\/p>\n<p><strong>Le Mans 66<\/strong><\/p>\n<p>Una pel\u00edcula m\u00e1s propia de otra \u00e9poca, ya que durante los a\u00f1os 90 se habr\u00eda llevado muchas m\u00e1s nominaciones y hasta podr\u00eda ser la favorita al premio en vez de la \u00faltima en discordia. Argumentos para ello tiene, como la gran qu\u00edmica entre Matt Damon y Christian Bale adem\u00e1s de las grandes interpretaciones que ofrecen ambos, por no hablar de las impresionantes escenas de carrera, logrando hacerte vibrar incluso aunque este deporte te sea indiferente en condiciones normales.<\/p>\n<p><img decoding=\"async\" class=\"aligncenter size-thumbnail wp-image-24105 lazyload\" data-src=\"https:\/\/www.lasrosas.com.ar\/portal\/wp-content\/uploads\/zentauroepp50877098-christian-bale-matt-damon-mans-vertical-fox-a191113173511-1573663118148-640x480.jpg\" alt=\"\" width=\"640\" height=\"480\" src=\"data:image\/svg+xml;base64,PHN2ZyB3aWR0aD0iMSIgaGVpZ2h0PSIxIiB4bWxucz0iaHR0cDovL3d3dy53My5vcmcvMjAwMC9zdmciPjwvc3ZnPg==\" style=\"--smush-placeholder-width: 640px; --smush-placeholder-aspect-ratio: 640\/480;\" \/><\/p>\n<p><strong>Par\u00e1sitos<\/strong><\/p>\n<p>La sensaci\u00f3n del a\u00f1o que vino de Corea del Sur. Que no sea imposible que se lleve el premio gordo de la noche deja claro hasta qu\u00e9 punto Bong Joon-ho ha conseguido una pel\u00edcula muy universal retratando a familias en una posici\u00f3n social muy diferente. Con una fuerte presencia del humor, \u2018Par\u00e1sitos\u2019 deambula sin caerse por diferentes g\u00e9neros para conquistar al espectador a trav\u00e9s de sus personajes y hacerle reflexionar al espectador sobre lo que sucede en pantalla al mismo tiempo que se lo pasa en grande.<\/p>\n<p><img decoding=\"async\" class=\"aligncenter size-full wp-image-24106 lazyload\" data-src=\"https:\/\/www.lasrosas.com.ar\/portal\/wp-content\/uploads\/descarga-11.jpg\" alt=\"\" width=\"300\" height=\"168\" src=\"data:image\/svg+xml;base64,PHN2ZyB3aWR0aD0iMSIgaGVpZ2h0PSIxIiB4bWxucz0iaHR0cDovL3d3dy53My5vcmcvMjAwMC9zdmciPjwvc3ZnPg==\" style=\"--smush-placeholder-width: 300px; --smush-placeholder-aspect-ratio: 300\/168;\" \/><\/p>\n<p><strong>Mujercitas<\/strong><\/p>\n<p>Una actualizaci\u00f3n y relectura de un cl\u00e1sico literario que al mismo tiempo se siente como una pel\u00edcula muy personal de Greta Gerwig. Por un lado es una pel\u00edcula encantadora que te deja con una sonrisa, pero tambi\u00e9n cuenta con una serie de personajes inolvidables con algunas interpretaciones de primera categor\u00eda. Todo ello con un acabado bell\u00edsimo que en ocasiones dota a la pel\u00edcula de una inesperada belleza casi pict\u00f3rica y con una frescura envidiable en su guion, el cual se permite tambi\u00e9n alg\u00fan afortunado juego narrativo.<\/p>\n<p><img decoding=\"async\" class=\"aligncenter size-thumbnail wp-image-24107 lazyload\" data-src=\"https:\/\/www.lasrosas.com.ar\/portal\/wp-content\/uploads\/elle-mujercitas-03-1572362849_1574347076-640x480.jpg\" alt=\"\" width=\"640\" height=\"480\" src=\"data:image\/svg+xml;base64,PHN2ZyB3aWR0aD0iMSIgaGVpZ2h0PSIxIiB4bWxucz0iaHR0cDovL3d3dy53My5vcmcvMjAwMC9zdmciPjwvc3ZnPg==\" style=\"--smush-placeholder-width: 640px; --smush-placeholder-aspect-ratio: 640\/480;\" \/><\/p>\n<p><strong>1917<\/strong><\/p>\n<p>Se est\u00e1 destacando much\u00edsimo el incre\u00edble logro t\u00e9cnico que supone el \u00faltimo trabajo de Sam Mendes y la verdad es que resulta imposible ponerle pegas -aunque tambi\u00e9n habr\u00eda que destacar que la pel\u00edcula no ser\u00eda la misma sin la aportaci\u00f3n de Roger Deakins-, pero es que adem\u00e1s de como espect\u00e1culo tambi\u00e9n posee un componente emocional que no hay que despreciar y que ayuda a dar un equilibrio a \u20181917\u2019 por el que te deslumbra no solamente en el apartado visual.<\/p>\n<p><img decoding=\"async\" class=\"aligncenter wp-image-24110 size-full lazyload\" data-src=\"https:\/\/www.lasrosas.com.ar\/portal\/wp-content\/uploads\/descarga-1-4.jpg\" alt=\"\" width=\"300\" height=\"168\" src=\"data:image\/svg+xml;base64,PHN2ZyB3aWR0aD0iMSIgaGVpZ2h0PSIxIiB4bWxucz0iaHR0cDovL3d3dy53My5vcmcvMjAwMC9zdmciPjwvc3ZnPg==\" style=\"--smush-placeholder-width: 300px; --smush-placeholder-aspect-ratio: 300\/168;\" \/><\/p>\n<p><strong>Historia de un matrimonio<\/strong><\/p>\n<p>Un imprescindible retrato del proceso de divorcio entre una pareja que en realidad se sigue apreciando. Adam Driver y Scarlett Johansson ofrecen dos de las mejores interpretaciones de los \u00faltimos a\u00f1os, en parte porque el milim\u00e9trico guion les da un grand\u00edsimo material para hacerlo. No falta una galer\u00eda de estupendos secundarios, en especial los abogados con los rostros de Laura Dern y Alan Alda, y un preciso trabajo de puesta en escena de Noah Baumbach para medir bien la catarata de emociones que va golpeando a sus protagonistas y al espectador.<\/p>\n<p><img decoding=\"async\" class=\"aligncenter size-full wp-image-24111 lazyload\" data-src=\"https:\/\/www.lasrosas.com.ar\/portal\/wp-content\/uploads\/unnamed-24.jpg\" alt=\"\" width=\"512\" height=\"288\" src=\"data:image\/svg+xml;base64,PHN2ZyB3aWR0aD0iMSIgaGVpZ2h0PSIxIiB4bWxucz0iaHR0cDovL3d3dy53My5vcmcvMjAwMC9zdmciPjwvc3ZnPg==\" style=\"--smush-placeholder-width: 512px; --smush-placeholder-aspect-ratio: 512\/288;\" \/><\/p>\n<p><strong>El irland\u00e9s<\/strong><\/p>\n<p>La culminaci\u00f3n del cine de g\u00e1nsters de Martin Scorsese en la que vuelve a incidir en temas ya abordados en obras mayores como \u2018Uno de los nuestros\u2019 o \u2018Casino\u2019 para luego ir encima m\u00e1s all\u00e1. Una pel\u00edcula excepcional que sabe cu\u00e1ndo derrochar energ\u00eda, cu\u00e1ndo centrarse en las relaciones entre los personajes y el momento en el que incidir en el lado m\u00e1s dram\u00e1tico de la historia. Todo ello adornado con grandes interpretaciones, en especial un Joe Pesci muy alejado de la cara que hab\u00eda mostrado en el cine de su director.<\/p>\n<p><img decoding=\"async\" class=\"aligncenter size-full wp-image-24112 lazyload\" data-src=\"https:\/\/www.lasrosas.com.ar\/portal\/wp-content\/uploads\/descarga-2-3.jpg\" alt=\"\" width=\"318\" height=\"159\" src=\"data:image\/svg+xml;base64,PHN2ZyB3aWR0aD0iMSIgaGVpZ2h0PSIxIiB4bWxucz0iaHR0cDovL3d3dy53My5vcmcvMjAwMC9zdmciPjwvc3ZnPg==\" style=\"--smush-placeholder-width: 318px; --smush-placeholder-aspect-ratio: 318\/159;\" \/><\/p>\n<p>Por otro lado, es necesario recordar que entre las cintas nominadas en idioma espa\u00f1ol origianl, se encuentran \u201cDolor y Gloria\u201d, que compiten al galard\u00f3n a Mejor Pel\u00edcula Extranjera, y \u201cKlaus\u201d que compite por el Oscar a Mejor Pel\u00edcula de Animaci\u00f3n. Ambas ya est\u00e1n disponibles en Netflix.<\/p>\n<p>Adem\u00e1s, algunas de estas pel\u00edculas todav\u00eda est\u00e1n disponibles en la gran pantalla y otras se pueden ver a trav\u00e9s de plataformas digitales. Por ejemplo, \u201cJojo Rabbit\u201d dirigida por Taika Waititi; \u201c1917\u201d de Sam Mendes y \u201cParasitos\u201d de Bong Joon-ho, a\u00fan se puede ver en muchas salas de toda Argentina. En Netflix est\u00e1 \u201cEl Irland\u00e9s\u201d, la pel\u00edcula de Martin Scorsese, \u201cHistoria de un matrimonio\u201d, que ha sido todo un \u00e9xito en la plataforma, y tambi\u00e9n &#8216;Los dos papas&#8217;, que le ha dado a Jonathan Pryce su nominaci\u00f3n al Oscar. \u201c\u00c9rase una vez en&#8230;Hollywood\u201d est\u00e1 disponible en Movistar+ y se puede alquilar por Flow. Es de recordar que, &#8216;Joker&#8217; lidera con once candidaturas, mientras que \u201cEl irland\u00e9s\u201d, \u201cOnce Upon a Time in Hollywood\u201dy \u201c1917\u201d le siguen con diez.<\/p>\n<!-- AddThis Advanced Settings generic via filter on the_content --><!-- AddThis Share Buttons generic via filter on the_content -->","protected":false},"excerpt":{"rendered":"<p>POR Constanza Monferini Zapiola- @cotimonferini Faltan cuatro d\u00edas para la gran fiesta del cine y la Academia de Hollywood trabaja a contrareloj. Este pr\u00f3ximo domingo 9 de febrero se realizar\u00e1 la versi\u00f3n n\u00famero 92\u00ba de los Premios Oscar en el Teatro Dolby de Los \u00c1ngeles. Los m\u00e1s fan\u00e1ticos del cine est\u00e1n a la espera de [&hellip;]<!-- AddThis Advanced Settings generic via filter on get_the_excerpt --><!-- AddThis Share Buttons generic via filter on get_the_excerpt --><\/p>\n","protected":false},"author":6,"featured_media":24108,"comment_status":"closed","ping_status":"open","sticky":false,"template":"","format":"standard","meta":{"_acf_changed":false,"om_disable_all_campaigns":false,"_monsterinsights_skip_tracking":false,"_monsterinsights_sitenote_active":false,"_monsterinsights_sitenote_note":"","_monsterinsights_sitenote_category":0,"_uf_show_specific_survey":0,"_uf_disable_surveys":false,"footnotes":""},"categories":[234,100],"tags":[],"class_list":["post-24101","post","type-post","status-publish","format-standard","has-post-thumbnail","hentry","category-trend","category-noticias"],"acf":[],"aioseo_notices":[],"_links":{"self":[{"href":"https:\/\/www.lasrosas.com.ar\/portal\/wp-json\/wp\/v2\/posts\/24101","targetHints":{"allow":["GET"]}}],"collection":[{"href":"https:\/\/www.lasrosas.com.ar\/portal\/wp-json\/wp\/v2\/posts"}],"about":[{"href":"https:\/\/www.lasrosas.com.ar\/portal\/wp-json\/wp\/v2\/types\/post"}],"author":[{"embeddable":true,"href":"https:\/\/www.lasrosas.com.ar\/portal\/wp-json\/wp\/v2\/users\/6"}],"replies":[{"embeddable":true,"href":"https:\/\/www.lasrosas.com.ar\/portal\/wp-json\/wp\/v2\/comments?post=24101"}],"version-history":[{"count":0,"href":"https:\/\/www.lasrosas.com.ar\/portal\/wp-json\/wp\/v2\/posts\/24101\/revisions"}],"wp:featuredmedia":[{"embeddable":true,"href":"https:\/\/www.lasrosas.com.ar\/portal\/wp-json\/wp\/v2\/media\/24108"}],"wp:attachment":[{"href":"https:\/\/www.lasrosas.com.ar\/portal\/wp-json\/wp\/v2\/media?parent=24101"}],"wp:term":[{"taxonomy":"category","embeddable":true,"href":"https:\/\/www.lasrosas.com.ar\/portal\/wp-json\/wp\/v2\/categories?post=24101"},{"taxonomy":"post_tag","embeddable":true,"href":"https:\/\/www.lasrosas.com.ar\/portal\/wp-json\/wp\/v2\/tags?post=24101"}],"curies":[{"name":"wp","href":"https:\/\/api.w.org\/{rel}","templated":true}]}}