{"id":23941,"date":"2020-02-05T12:06:24","date_gmt":"2020-02-05T15:06:24","guid":{"rendered":"https:\/\/www.lasrosas.com.ar\/portal\/?p=23941"},"modified":"2020-02-05T12:15:45","modified_gmt":"2020-02-05T15:15:45","slug":"carolina-pampita-ardohain","status":"publish","type":"post","link":"https:\/\/www.lasrosas.com.ar\/portal\/carolina-pampita-ardohain\/","title":{"rendered":"CAROLINA \u00abPAMPITA\u00bb ARDOHAIN"},"content":{"rendered":"<p style=\"text-align: right;\">\n<p style=\"text-align: center;\"><strong>Sonriente, en\u00e9rgica y fuerte: as\u00ed celebra su rol de madre y su multifac\u00e9tica e imparable<\/strong><br \/>\n<strong>profesi\u00f3n. Con un apodo inconfundible, es una de las figuras m\u00e1s importantes y seductoras<\/strong><br \/>\n<strong>del siglo XXI, sabe lo que quiere y va por todo. Nuestra COVER GIRL es argentina, pampeana\u00a0<\/strong><strong>y una bomba mundial, con ustedes: Carolina Pampita Ardohain.<\/strong><\/p>\n\r\n\t\t<style type='text\/css'>\r\n\t\t\t#gallery-1 {\r\n\t\t\t\tmargin: auto;\r\n\t\t\t}\r\n\t\t\t#gallery-1 .gallery-item {\r\n\t\t\t\tfloat: left;\r\n\t\t\t\tmargin-top: 10px;\r\n\t\t\t\ttext-align: center;\r\n\t\t\t\twidth: 50%;\r\n\t\t\t}\r\n\t\t\t#gallery-1 img {\r\n\t\t\t\tborder: 2px solid #cfcfcf;\r\n\t\t\t}\r\n\t\t\t#gallery-1 .gallery-caption {\r\n\t\t\t\tmargin-left: 0;\r\n\t\t\t}\r\n\t\t<\/style>\r\n\t\t<!-- see gallery_shortcode() in wp-includes\/media.php -->\n\t\t<div id='gallery-1' class='gallery galleryid-23941 gallery-columns-2 gallery-size-medium gallery1'><script type=\"text\/javascript\">\r\n\/\/ <![CDATA[\r\n\tjQuery(document).ready(function () {\r\n\t\tjQuery(\".gallery1 a\").attr(\"rel\",\"gallery1\");\t\r\n\t\tjQuery('a[rel=\"gallery1\"]').colorbox({maxWidth:\"95%\", maxHeight:\"95%\",title: function(){ return jQuery(this).children().attr(\"alt\"); }, });\r\n\t});\r\n\/\/ ]]>\r\n<\/script>\n<dl class=\"gallery-item\">\n<dt class=\"gallery-icon\">\r\n<a href=\"https:\/\/www.lasrosas.com.ar\/portal\/wp-content\/uploads\/IMG_0604ret-e1580909602999-1468x1920.jpg\" title=\"\" rel=\"gallery1\"><img decoding=\"async\" data-src=\"https:\/\/www.lasrosas.com.ar\/portal\/wp-content\/uploads\/IMG_0604ret-e1580909602999-734x960.jpg\" width=\"734\" height=\"960\" alt=\"\" src=\"data:image\/svg+xml;base64,PHN2ZyB3aWR0aD0iMSIgaGVpZ2h0PSIxIiB4bWxucz0iaHR0cDovL3d3dy53My5vcmcvMjAwMC9zdmciPjwvc3ZnPg==\" class=\"lazyload\" style=\"--smush-placeholder-width: 734px; --smush-placeholder-aspect-ratio: 734\/960;\" \/><\/a>\r\n<\/dt><\/dl><dl class=\"gallery-item\">\n<dt class=\"gallery-icon\">\r\n<a href=\"https:\/\/www.lasrosas.com.ar\/portal\/wp-content\/uploads\/IMG_0606ret-e1580909502740-1483x1920.jpg\" title=\"\" rel=\"gallery1\"><img decoding=\"async\" data-src=\"https:\/\/www.lasrosas.com.ar\/portal\/wp-content\/uploads\/IMG_0606ret-e1580909502740-741x960.jpg\" width=\"741\" height=\"960\" alt=\"\" src=\"data:image\/svg+xml;base64,PHN2ZyB3aWR0aD0iMSIgaGVpZ2h0PSIxIiB4bWxucz0iaHR0cDovL3d3dy53My5vcmcvMjAwMC9zdmciPjwvc3ZnPg==\" class=\"lazyload\" style=\"--smush-placeholder-width: 741px; --smush-placeholder-aspect-ratio: 741\/960;\" \/><\/a>\r\n<\/dt><\/dl><br style=\"clear: both\" \/>\r\n\t\t<\/div>\n\n<p><strong>\u00bfC\u00f3mo defin\u00eds a Ana Carolina Ardohain Dos Santos?<\/strong><\/p>\n<p>Mam\u00e1, trabajadora y enamoradiza.<\/p>\n<p><strong>\u00bfAlguna vez imaginaste llegar a tener este \u00e9xito profesional y personal?<\/strong><\/p>\n<p>Yo siempre pienso que queda mucho m\u00e1s todav\u00eda, que son s\u00f3lo escalones. Uno hace el camino pero siempre hay m\u00e1s por delante. Creo que si uno trabaja y es muy apasionado y prolijo, pasan cosas buenas.<\/p>\n<p><strong>\u00bfQu\u00e9 so\u00f1abas cuando comenzaste?<\/strong><\/p>\n<p>Ya estar trabajando de lo que me gustaba me parec\u00eda un sue\u00f1o hecho realidad. Disfrute mucho mis primeros a\u00f1os de carrera, estaba muy predispuestas en las sesiones de fotos, con la valija lista, no me importaba ni cuanto cobraba, me importaba la experiencia \u00a1Y eso ya era vivir un sue\u00f1o!<\/p>\n<p><strong>Un d\u00eda con Pampita \u00bfC\u00f3mo es?<\/strong><\/p>\n<p>Seguro arranca con mis hijos cerca: porque me vienen a despertar o porque se vienen a quejar de que alg\u00fan hermano hizo tal cosa (r\u00ede) Eso es parte del d\u00eda a d\u00eda siempre. En la \u00e9poca de verano trabajo poquito, pero en el a\u00f1o tengo bastantes cosas por d\u00eda. Me organizo para trabajar cuando los chicos est\u00e1n en el colegio as\u00ed a la tarde puedo estar con ellos.<\/p>\n\r\n\t\t<style type='text\/css'>\r\n\t\t\t#gallery-2 {\r\n\t\t\t\tmargin: auto;\r\n\t\t\t}\r\n\t\t\t#gallery-2 .gallery-item {\r\n\t\t\t\tfloat: left;\r\n\t\t\t\tmargin-top: 10px;\r\n\t\t\t\ttext-align: center;\r\n\t\t\t\twidth: 50%;\r\n\t\t\t}\r\n\t\t\t#gallery-2 img {\r\n\t\t\t\tborder: 2px solid #cfcfcf;\r\n\t\t\t}\r\n\t\t\t#gallery-2 .gallery-caption {\r\n\t\t\t\tmargin-left: 0;\r\n\t\t\t}\r\n\t\t<\/style>\r\n\t\t<!-- see gallery_shortcode() in wp-includes\/media.php -->\n\t\t<div id='gallery-2' class='gallery galleryid-23941 gallery-columns-2 gallery-size-medium gallery1'><script type=\"text\/javascript\">\r\n\/\/ <![CDATA[\r\n\tjQuery(document).ready(function () {\r\n\t\tjQuery(\".gallery1 a\").attr(\"rel\",\"gallery1\");\t\r\n\t\tjQuery('a[rel=\"gallery1\"]').colorbox({maxWidth:\"95%\", maxHeight:\"95%\",title: function(){ return jQuery(this).children().attr(\"alt\"); }, });\r\n\t});\r\n\/\/ ]]>\r\n<\/script>\n<dl class=\"gallery-item\">\n<dt class=\"gallery-icon\">\r\n<a href=\"https:\/\/www.lasrosas.com.ar\/portal\/wp-content\/uploads\/IMG_0534ret-1280x1920.jpg\" title=\"\" rel=\"gallery1\"><img decoding=\"async\" data-src=\"https:\/\/www.lasrosas.com.ar\/portal\/wp-content\/uploads\/IMG_0534ret-640x960.jpg\" width=\"640\" height=\"960\" alt=\"\" src=\"data:image\/svg+xml;base64,PHN2ZyB3aWR0aD0iMSIgaGVpZ2h0PSIxIiB4bWxucz0iaHR0cDovL3d3dy53My5vcmcvMjAwMC9zdmciPjwvc3ZnPg==\" class=\"lazyload\" style=\"--smush-placeholder-width: 640px; --smush-placeholder-aspect-ratio: 640\/960;\" \/><\/a>\r\n<\/dt><\/dl><dl class=\"gallery-item\">\n<dt class=\"gallery-icon\">\r\n<a href=\"https:\/\/www.lasrosas.com.ar\/portal\/wp-content\/uploads\/IMG_0564ret-1280x1920.jpg\" title=\"\" rel=\"gallery1\"><img decoding=\"async\" data-src=\"https:\/\/www.lasrosas.com.ar\/portal\/wp-content\/uploads\/IMG_0564ret-640x960.jpg\" width=\"640\" height=\"960\" alt=\"\" src=\"data:image\/svg+xml;base64,PHN2ZyB3aWR0aD0iMSIgaGVpZ2h0PSIxIiB4bWxucz0iaHR0cDovL3d3dy53My5vcmcvMjAwMC9zdmciPjwvc3ZnPg==\" class=\"lazyload\" style=\"--smush-placeholder-width: 640px; --smush-placeholder-aspect-ratio: 640\/960;\" \/><\/a>\r\n<\/dt><\/dl><br style=\"clear: both\" \/>\r\n\t\t<\/div>\n\n<p><strong>\u00bfEn qu\u00e9 te cambi\u00f3 la maternidad?<\/strong><\/p>\n<p>\u00a1En todo! Me cambio la cabeza: primero que te olvidas del ego para siempre. Nunca m\u00e1s sos lo m\u00e1s importante del mundo, pasan a ser ellos. Pero no lo viv\u00eds con melancol\u00eda, porque es tan la satisfacci\u00f3n de que existan, que todo el trabajo que dan pasa a ser un placer y te cambia en todo sentido. Te cambia en como te relacionas con los dem\u00e1s, como entendes tu vida, tu pasado, a otros papas, cambia todo al 100 %.<\/p>\n<p><strong>\u00bfC\u00f3mo equilibras tu vida profesional con el rol de madre?<\/strong><\/p>\n<p>Con una agenda bastante ajustada pero donde ellos sienten siempre, que son la prioridad absoluta. En todos los actos de colegio estoy, en todos las cumplea\u00f1os, las cosas especiales, sea el trabajo que sea que tenga ese d\u00eda, se suspende. Ellos son la prioridad, y en el d\u00eda a d\u00eda cualquier cosa que necesiten saben que estoy ah\u00ed, al alcance.<\/p>\n<p><strong>Lograste superar situaciones dif\u00edciles \u00bfExiste una receta?<\/strong><\/p>\n<p>A todo el mundo le pasan cosas dif\u00edciles y siguen adelante, es parte del ser humano. Siempre seguimos con esperanza, con ganas. Me pasa de mirar al alrededor y ver que todo el mundo tiene sus problemas, tristezas y dolores y as\u00ed y todo vive su vida con alegr\u00eda y sue\u00f1os.<\/p>\n<p><strong>Sos modelo, actriz, bailarina y conductora \u00bfCu\u00e1l fue tu mayor reto?<\/strong><\/p>\n<p>La conducci\u00f3n es el desaf\u00edo que m\u00e1s me interesa, es el que m\u00e1s me gusta hacer. Lo dem\u00e1s lo disfruto mucho, pero donde quiero crecer es en la conducci\u00f3n.<\/p>\n<p><strong>\u00bfQu\u00e9 aprendizajes te dejaron tus experiencias laborales?<\/strong><\/p>\n<p>Que en cualquiera de los rubros, el que sea, tenes que trabajar con mucha prolijidad, con mucha entrega postergando cosas que te gustar\u00eda hacer o lugares donde te gustar\u00eda estar. Y obvio hacerlo con pasi\u00f3n y mucho respeto.<\/p>\n\r\n\t\t<style type='text\/css'>\r\n\t\t\t#gallery-3 {\r\n\t\t\t\tmargin: auto;\r\n\t\t\t}\r\n\t\t\t#gallery-3 .gallery-item {\r\n\t\t\t\tfloat: left;\r\n\t\t\t\tmargin-top: 10px;\r\n\t\t\t\ttext-align: center;\r\n\t\t\t\twidth: 50%;\r\n\t\t\t}\r\n\t\t\t#gallery-3 img {\r\n\t\t\t\tborder: 2px solid #cfcfcf;\r\n\t\t\t}\r\n\t\t\t#gallery-3 .gallery-caption {\r\n\t\t\t\tmargin-left: 0;\r\n\t\t\t}\r\n\t\t<\/style>\r\n\t\t<!-- see gallery_shortcode() in wp-includes\/media.php -->\n\t\t<div id='gallery-3' class='gallery galleryid-23941 gallery-columns-2 gallery-size-medium gallery1'><script type=\"text\/javascript\">\r\n\/\/ <![CDATA[\r\n\tjQuery(document).ready(function () {\r\n\t\tjQuery(\".gallery1 a\").attr(\"rel\",\"gallery1\");\t\r\n\t\tjQuery('a[rel=\"gallery1\"]').colorbox({maxWidth:\"95%\", maxHeight:\"95%\",title: function(){ return jQuery(this).children().attr(\"alt\"); }, });\r\n\t});\r\n\/\/ ]]>\r\n<\/script>\n<dl class=\"gallery-item\">\n<dt class=\"gallery-icon\">\r\n<a href=\"https:\/\/www.lasrosas.com.ar\/portal\/wp-content\/uploads\/IMG_0857ret-1280x1920.jpg\" title=\"\" rel=\"gallery1\"><img decoding=\"async\" data-src=\"https:\/\/www.lasrosas.com.ar\/portal\/wp-content\/uploads\/IMG_0857ret-640x960.jpg\" width=\"640\" height=\"960\" alt=\"\" src=\"data:image\/svg+xml;base64,PHN2ZyB3aWR0aD0iMSIgaGVpZ2h0PSIxIiB4bWxucz0iaHR0cDovL3d3dy53My5vcmcvMjAwMC9zdmciPjwvc3ZnPg==\" class=\"lazyload\" style=\"--smush-placeholder-width: 640px; --smush-placeholder-aspect-ratio: 640\/960;\" \/><\/a>\r\n<\/dt><\/dl><dl class=\"gallery-item\">\n<dt class=\"gallery-icon\">\r\n<a href=\"https:\/\/www.lasrosas.com.ar\/portal\/wp-content\/uploads\/IMG_0950ret-1280x1920.jpg\" title=\"\" rel=\"gallery1\"><img decoding=\"async\" data-src=\"https:\/\/www.lasrosas.com.ar\/portal\/wp-content\/uploads\/IMG_0950ret-640x960.jpg\" width=\"640\" height=\"960\" alt=\"\" src=\"data:image\/svg+xml;base64,PHN2ZyB3aWR0aD0iMSIgaGVpZ2h0PSIxIiB4bWxucz0iaHR0cDovL3d3dy53My5vcmcvMjAwMC9zdmciPjwvc3ZnPg==\" class=\"lazyload\" style=\"--smush-placeholder-width: 640px; --smush-placeholder-aspect-ratio: 640\/960;\" \/><\/a>\r\n<\/dt><\/dl><br style=\"clear: both\" \/>\r\n\t\t<\/div>\n\n<p><strong>Si pudieras cambiar algo de tu vida \u00bfQu\u00e9 ser\u00eda?<\/strong><\/p>\n<p>No cambio nada. Creo que transitamos lo que nos toca transitar, un poco est\u00e1 predestinado todo. Creo mucho en el destino.<\/p>\n<p><strong>\u00a1Tus redes son una bomba! Con cr\u00edticas y apoyos \u00bfC\u00f3mo manejas eso?<\/strong><\/p>\n<p>Tengo bastante buena onda en redes. No me ha pasado de poner una foto que haya tenido que sacar o comentarios negativos. He tenido bastante suerte y mis seguidores son muy cari\u00f1osos.<\/p>\n<p><strong>\u00bfProyectos a futuro?<\/strong><\/p>\n<p>Pampita Online sigue, me encanta hacerlo porque lo hago con amigos, lo disfruto y \u00a1me encanta el momento de la entrevista! Despu\u00e9s tengo cosas personales de empresaria: hago muebles, trajes de ba\u00f1o, pijamas, planchitas de pelo, ropa interior, anteojos. Hago muchas cosas y me encanta ver c\u00f3mo va creciendo. Y show match veremos, todav\u00eda no s\u00e9.<\/p>\n\r\n\t\t<style type='text\/css'>\r\n\t\t\t#gallery-4 {\r\n\t\t\t\tmargin: auto;\r\n\t\t\t}\r\n\t\t\t#gallery-4 .gallery-item {\r\n\t\t\t\tfloat: left;\r\n\t\t\t\tmargin-top: 10px;\r\n\t\t\t\ttext-align: center;\r\n\t\t\t\twidth: 50%;\r\n\t\t\t}\r\n\t\t\t#gallery-4 img {\r\n\t\t\t\tborder: 2px solid #cfcfcf;\r\n\t\t\t}\r\n\t\t\t#gallery-4 .gallery-caption {\r\n\t\t\t\tmargin-left: 0;\r\n\t\t\t}\r\n\t\t<\/style>\r\n\t\t<!-- see gallery_shortcode() in wp-includes\/media.php -->\n\t\t<div id='gallery-4' class='gallery galleryid-23941 gallery-columns-2 gallery-size-medium gallery1'><script type=\"text\/javascript\">\r\n\/\/ <![CDATA[\r\n\tjQuery(document).ready(function () {\r\n\t\tjQuery(\".gallery1 a\").attr(\"rel\",\"gallery1\");\t\r\n\t\tjQuery('a[rel=\"gallery1\"]').colorbox({maxWidth:\"95%\", maxHeight:\"95%\",title: function(){ return jQuery(this).children().attr(\"alt\"); }, });\r\n\t});\r\n\/\/ ]]>\r\n<\/script>\n<dl class=\"gallery-item\">\n<dt class=\"gallery-icon\">\r\n<a href=\"https:\/\/www.lasrosas.com.ar\/portal\/wp-content\/uploads\/IMG_1015ret-e1580911220524-1920x1280.jpg\" title=\"\" rel=\"gallery1\"><img decoding=\"async\" data-src=\"https:\/\/www.lasrosas.com.ar\/portal\/wp-content\/uploads\/IMG_1015ret-e1580911220524-960x640.jpg\" width=\"960\" height=\"640\" alt=\"\" src=\"data:image\/svg+xml;base64,PHN2ZyB3aWR0aD0iMSIgaGVpZ2h0PSIxIiB4bWxucz0iaHR0cDovL3d3dy53My5vcmcvMjAwMC9zdmciPjwvc3ZnPg==\" class=\"lazyload\" style=\"--smush-placeholder-width: 960px; --smush-placeholder-aspect-ratio: 960\/640;\" \/><\/a>\r\n<\/dt><\/dl><dl class=\"gallery-item\">\n<dt class=\"gallery-icon\">\r\n<a href=\"https:\/\/www.lasrosas.com.ar\/portal\/wp-content\/uploads\/IMG_1006ret-1920x1280.jpg\" title=\"\" rel=\"gallery1\"><img decoding=\"async\" data-src=\"https:\/\/www.lasrosas.com.ar\/portal\/wp-content\/uploads\/IMG_1006ret-960x640.jpg\" width=\"960\" height=\"640\" alt=\"\" src=\"data:image\/svg+xml;base64,PHN2ZyB3aWR0aD0iMSIgaGVpZ2h0PSIxIiB4bWxucz0iaHR0cDovL3d3dy53My5vcmcvMjAwMC9zdmciPjwvc3ZnPg==\" class=\"lazyload\" style=\"--smush-placeholder-width: 960px; --smush-placeholder-aspect-ratio: 960\/640;\" \/><\/a>\r\n<\/dt><\/dl><br style=\"clear: both\" \/>\r\n\t\t<\/div>\n\n<p><strong>#LOSELEGIDOSDEPAMPITA<\/strong><\/p>\n<p>\u00bfUn apodo?<strong> Pampita. Porque soy de la pampa y cuando empec\u00e9 a trabajar la revista gente se acordaron del dibujo de Ch\u00e1vez que ten\u00eda una pampita y me dijeron vas a ser la pampita de la revista.<\/strong><\/p>\n<p>\u00bfUn arma de seducci\u00f3n?<strong> La sonrisa, el buen humor.<\/strong><\/p>\n<p>\u00bfAlgo que te divierta?<strong> La m\u00fasica.<\/strong><\/p>\n<p>\u00bfUn antes y un despu\u00e9s?<strong> Ser mama<\/strong><\/p>\n<p>\u00bfUn viaje? <strong>Alguna playa<\/strong><\/p>\n<p>\u00bfLo m\u00e1s dif\u00edcil de ser mam\u00e1? <strong>Dormir poco<\/strong><\/p>\n<p>\u00bfUn miedo? <strong>Los aviones<\/strong><\/p>\n<p>\u00bfEl rumor m\u00e1s ins\u00f3lito que dijeron de vos? <strong>Siempre embarazada, cada uno o dos meses ese rumor.<\/strong><\/p>\n<p>\u00bfA qu\u00e9 le dec\u00eds NO? <strong>Al alcohol y al cigarrillo<\/strong><\/p>\n<p>\u00bfUn antojo? <strong>Helado de dulce de leche<\/strong><\/p>\n<p>\u00bfAlgo que te guste de la fama? <strong>Que consigo entradas para todos lados<\/strong><\/p>\n<p>\u00bfUna frase caracter\u00edstica tuya? <strong>Si se puede<\/strong><\/p>\n<p>\u00bfUn sue\u00f1o pendiente? <b>Ganar un Mart\u00edn\u00a0fierro como conductora<\/b><\/p>\n\r\n\t\t<style type='text\/css'>\r\n\t\t\t#gallery-5 {\r\n\t\t\t\tmargin: auto;\r\n\t\t\t}\r\n\t\t\t#gallery-5 .gallery-item {\r\n\t\t\t\tfloat: left;\r\n\t\t\t\tmargin-top: 10px;\r\n\t\t\t\ttext-align: center;\r\n\t\t\t\twidth: 50%;\r\n\t\t\t}\r\n\t\t\t#gallery-5 img {\r\n\t\t\t\tborder: 2px solid #cfcfcf;\r\n\t\t\t}\r\n\t\t\t#gallery-5 .gallery-caption {\r\n\t\t\t\tmargin-left: 0;\r\n\t\t\t}\r\n\t\t<\/style>\r\n\t\t<!-- see gallery_shortcode() in wp-includes\/media.php -->\n\t\t<div id='gallery-5' class='gallery galleryid-23941 gallery-columns-2 gallery-size-medium gallery1'><script type=\"text\/javascript\">\r\n\/\/ <![CDATA[\r\n\tjQuery(document).ready(function () {\r\n\t\tjQuery(\".gallery1 a\").attr(\"rel\",\"gallery1\");\t\r\n\t\tjQuery('a[rel=\"gallery1\"]').colorbox({maxWidth:\"95%\", maxHeight:\"95%\",title: function(){ return jQuery(this).children().attr(\"alt\"); }, });\r\n\t});\r\n\/\/ ]]>\r\n<\/script>\n<dl class=\"gallery-item\">\n<dt class=\"gallery-icon\">\r\n<a href=\"https:\/\/www.lasrosas.com.ar\/portal\/wp-content\/uploads\/IMG_0748ret-1280x1920.jpg\" title=\"\" rel=\"gallery1\"><img decoding=\"async\" data-src=\"https:\/\/www.lasrosas.com.ar\/portal\/wp-content\/uploads\/IMG_0748ret-640x960.jpg\" width=\"640\" height=\"960\" alt=\"\" src=\"data:image\/svg+xml;base64,PHN2ZyB3aWR0aD0iMSIgaGVpZ2h0PSIxIiB4bWxucz0iaHR0cDovL3d3dy53My5vcmcvMjAwMC9zdmciPjwvc3ZnPg==\" class=\"lazyload\" style=\"--smush-placeholder-width: 640px; --smush-placeholder-aspect-ratio: 640\/960;\" \/><\/a>\r\n<\/dt><\/dl><dl class=\"gallery-item\">\n<dt class=\"gallery-icon\">\r\n<a href=\"https:\/\/www.lasrosas.com.ar\/portal\/wp-content\/uploads\/IMG_0749ret-1280x1920.jpg\" title=\"\" rel=\"gallery1\"><img decoding=\"async\" data-src=\"https:\/\/www.lasrosas.com.ar\/portal\/wp-content\/uploads\/IMG_0749ret-640x960.jpg\" width=\"640\" height=\"960\" alt=\"\" src=\"data:image\/svg+xml;base64,PHN2ZyB3aWR0aD0iMSIgaGVpZ2h0PSIxIiB4bWxucz0iaHR0cDovL3d3dy53My5vcmcvMjAwMC9zdmciPjwvc3ZnPg==\" class=\"lazyload\" style=\"--smush-placeholder-width: 640px; --smush-placeholder-aspect-ratio: 640\/960;\" \/><\/a>\r\n<\/dt><\/dl><br style=\"clear: both\" \/>\r\n\t\t<\/div>\n\n<p><strong>#PINGPONG<\/strong><\/p>\n<p>\u00bfQu\u00edmica o amor? <strong>Amor<\/strong><\/p>\n<p>\u00bfTotal Black o Total White? <strong>En verano blanco, en invierno negro<\/strong><\/p>\n<p>\u00bfModelaje o Conducci\u00f3n?<strong> Cada uno en su momento<\/strong><\/p>\n<p>\u00bfExtrovertida o Introvertida? <strong>Recontra extrovertida<\/strong><\/p>\n<p>\u00bfCocinar o delivery?<strong> Delivery<\/strong><\/p>\n<p>\u00bfPoli amor o infidelidad? <strong>Ninguno!<\/strong><\/p>\n<p>\u00bfVerano o Invierno? <strong>Verano<\/strong><\/p>\n<p>Mate \u00bfAmargo o dulce? <strong>Dulce<\/strong><\/p>\n<p>\u00bfCasual o planeado?<strong> Depende<\/strong><\/p>\n\r\n\t\t<style type='text\/css'>\r\n\t\t\t#gallery-6 {\r\n\t\t\t\tmargin: auto;\r\n\t\t\t}\r\n\t\t\t#gallery-6 .gallery-item {\r\n\t\t\t\tfloat: left;\r\n\t\t\t\tmargin-top: 10px;\r\n\t\t\t\ttext-align: center;\r\n\t\t\t\twidth: 50%;\r\n\t\t\t}\r\n\t\t\t#gallery-6 img {\r\n\t\t\t\tborder: 2px solid #cfcfcf;\r\n\t\t\t}\r\n\t\t\t#gallery-6 .gallery-caption {\r\n\t\t\t\tmargin-left: 0;\r\n\t\t\t}\r\n\t\t<\/style>\r\n\t\t<!-- see gallery_shortcode() in wp-includes\/media.php -->\n\t\t<div id='gallery-6' class='gallery galleryid-23941 gallery-columns-2 gallery-size-medium gallery1'><script type=\"text\/javascript\">\r\n\/\/ <![CDATA[\r\n\tjQuery(document).ready(function () {\r\n\t\tjQuery(\".gallery1 a\").attr(\"rel\",\"gallery1\");\t\r\n\t\tjQuery('a[rel=\"gallery1\"]').colorbox({maxWidth:\"95%\", maxHeight:\"95%\",title: function(){ return jQuery(this).children().attr(\"alt\"); }, });\r\n\t});\r\n\/\/ ]]>\r\n<\/script>\n<dl class=\"gallery-item\">\n<dt class=\"gallery-icon\">\r\n<a href=\"https:\/\/www.lasrosas.com.ar\/portal\/wp-content\/uploads\/IMG_0725ret-1920x1280.jpg\" title=\"\" rel=\"gallery1\"><img decoding=\"async\" data-src=\"https:\/\/www.lasrosas.com.ar\/portal\/wp-content\/uploads\/IMG_0725ret-960x640.jpg\" width=\"960\" height=\"640\" alt=\"\" src=\"data:image\/svg+xml;base64,PHN2ZyB3aWR0aD0iMSIgaGVpZ2h0PSIxIiB4bWxucz0iaHR0cDovL3d3dy53My5vcmcvMjAwMC9zdmciPjwvc3ZnPg==\" class=\"lazyload\" style=\"--smush-placeholder-width: 960px; --smush-placeholder-aspect-ratio: 960\/640;\" \/><\/a>\r\n<\/dt><\/dl><dl class=\"gallery-item\">\n<dt class=\"gallery-icon\">\r\n<a href=\"https:\/\/www.lasrosas.com.ar\/portal\/wp-content\/uploads\/IMG_0734ret-1920x1280.jpg\" title=\"\" rel=\"gallery1\"><img decoding=\"async\" data-src=\"https:\/\/www.lasrosas.com.ar\/portal\/wp-content\/uploads\/IMG_0734ret-960x640.jpg\" width=\"960\" height=\"640\" alt=\"\" src=\"data:image\/svg+xml;base64,PHN2ZyB3aWR0aD0iMSIgaGVpZ2h0PSIxIiB4bWxucz0iaHR0cDovL3d3dy53My5vcmcvMjAwMC9zdmciPjwvc3ZnPg==\" class=\"lazyload\" style=\"--smush-placeholder-width: 960px; --smush-placeholder-aspect-ratio: 960\/640;\" \/><\/a>\r\n<\/dt><\/dl><br style=\"clear: both\" \/>\r\n\t\t<\/div>\n\n<p style=\"text-align: right;\"><em>Agradecimientos:<\/em><\/p>\n<p style=\"text-align: right;\">Staff Muse @musemgt<br \/>\nEnjoy Punta del Este<br \/>\nOvo Beach)<br \/>\nRedCarpet<br \/>\nLeo Mateu<br \/>\nSol Szpryngier<\/p>\n<p style=\"text-align: right;\">Producci\u00f3n: Grupo LAS ROSAS<br \/>\nLocaci\u00f3n: Parador Ovo Beach de Enjoy Punta del Este<br \/>\nFotografia: Mariano Michkin \/ Meli Poggi<br \/>\nMakeup: Mechi Carnevale de Estudio Novillo<br \/>\nPelo: Zacar\u00edas Guedes<br \/>\nEstilismo: Sofi Carnevale<\/p>\n<!-- AddThis Advanced Settings generic via filter on the_content --><!-- AddThis Share Buttons generic via filter on the_content -->","protected":false},"excerpt":{"rendered":"<p>Sonriente, en\u00e9rgica y fuerte: as\u00ed celebra su rol de madre y su multifac\u00e9tica e imparable profesi\u00f3n. Con un apodo inconfundible, es una de las figuras m\u00e1s importantes y seductoras del siglo XXI, sabe lo que quiere y va por todo. Nuestra COVER GIRL es argentina, pampeana\u00a0y una bomba mundial, con ustedes: Carolina Pampita Ardohain. \u00bfC\u00f3mo [&hellip;]<!-- AddThis Advanced Settings generic via filter on get_the_excerpt --><!-- AddThis Share Buttons generic via filter on get_the_excerpt --><\/p>\n","protected":false},"author":6,"featured_media":23954,"comment_status":"closed","ping_status":"open","sticky":false,"template":"","format":"standard","meta":{"_acf_changed":false,"om_disable_all_campaigns":false,"_monsterinsights_skip_tracking":false,"_monsterinsights_sitenote_active":false,"_monsterinsights_sitenote_note":"","_monsterinsights_sitenote_category":0,"_uf_show_specific_survey":0,"_uf_disable_surveys":false,"footnotes":""},"categories":[236,234,100],"tags":[],"class_list":["post-23941","post","type-post","status-publish","format-standard","has-post-thumbnail","hentry","category-cover-tapa","category-trend","category-noticias"],"acf":[],"aioseo_notices":[],"_links":{"self":[{"href":"https:\/\/www.lasrosas.com.ar\/portal\/wp-json\/wp\/v2\/posts\/23941","targetHints":{"allow":["GET"]}}],"collection":[{"href":"https:\/\/www.lasrosas.com.ar\/portal\/wp-json\/wp\/v2\/posts"}],"about":[{"href":"https:\/\/www.lasrosas.com.ar\/portal\/wp-json\/wp\/v2\/types\/post"}],"author":[{"embeddable":true,"href":"https:\/\/www.lasrosas.com.ar\/portal\/wp-json\/wp\/v2\/users\/6"}],"replies":[{"embeddable":true,"href":"https:\/\/www.lasrosas.com.ar\/portal\/wp-json\/wp\/v2\/comments?post=23941"}],"version-history":[{"count":0,"href":"https:\/\/www.lasrosas.com.ar\/portal\/wp-json\/wp\/v2\/posts\/23941\/revisions"}],"wp:featuredmedia":[{"embeddable":true,"href":"https:\/\/www.lasrosas.com.ar\/portal\/wp-json\/wp\/v2\/media\/23954"}],"wp:attachment":[{"href":"https:\/\/www.lasrosas.com.ar\/portal\/wp-json\/wp\/v2\/media?parent=23941"}],"wp:term":[{"taxonomy":"category","embeddable":true,"href":"https:\/\/www.lasrosas.com.ar\/portal\/wp-json\/wp\/v2\/categories?post=23941"},{"taxonomy":"post_tag","embeddable":true,"href":"https:\/\/www.lasrosas.com.ar\/portal\/wp-json\/wp\/v2\/tags?post=23941"}],"curies":[{"name":"wp","href":"https:\/\/api.w.org\/{rel}","templated":true}]}}