{"id":23833,"date":"2020-02-03T17:57:05","date_gmt":"2020-02-03T20:57:05","guid":{"rendered":"https:\/\/www.lasrosas.com.ar\/portal\/?p=23833"},"modified":"2020-02-08T12:21:33","modified_gmt":"2020-02-08T15:21:33","slug":"tini-y-sebastian-yatras-unidos-por-pandora","status":"publish","type":"post","link":"https:\/\/www.lasrosas.com.ar\/portal\/tini-y-sebastian-yatras-unidos-por-pandora\/","title":{"rendered":"TINI Y SEBASTI\u00c1N YATRA UNIDOS POR PANDORA"},"content":{"rendered":"<p><em><strong>La marca de joyas Pandora presenta la alianza con la artista argentina y el cantante colombiano, la pareja ser\u00e1 imagen de la marca durante el 2020.<\/strong><\/em><\/p>\n<p>Pandora mostrar\u00e1 una serie de producciones con los artistas inspiradas en diferentes momentos de su vida, la primera de ellas con motivo del d\u00eda de San Valent\u00edn. En cada oportunidad Tini y Sebasti\u00e1n Yatra mostrar\u00e1n sus distintas facetas incorporando a sus looks de las joyas de la firma que m\u00e1s los representan.<\/p>\n<p><em>\u201cEstoy feliz de unirme a Pandora. Me apasiona el mundo de la joyer\u00eda desde siempre y lo que m\u00e1s me gusta de Pandora es que sus piezas tienen un significado, cada dise\u00f1o te permite\u00a0atesorar un recuerdo o contar una historia. Me divierte mucho combinar distintos estilos as\u00ed que durante este a\u00f1o van a ir conociendo mis joyas favoritas\u201d<\/em>&#8211; expres\u00f3 Tini y Sebastian Yatra agreg\u00f3\u00a0<em>\u201cPandora es una marca muy querida, la que uno elige cuando quiere hacer un regalo especial y esta es mi primera colaboraci\u00f3n con una firma de joyas as\u00ed\u00a0que me siento muy honrado de que me hayan elegido para representarlos en Latinoam\u00e9rica\u201d.\u00a0<\/em><\/p>\n<p>https:\/\/www.instagram.com\/p\/B8FBjeGH0pI\/?utm_source=ig_web_copy_link<br \/>\nhttps:\/\/www.instagram.com\/p\/B8FCJahBS-K\/?utm_source=ig_web_copy_link<\/p>\n<!-- AddThis Advanced Settings generic via filter on the_content --><!-- AddThis Share Buttons generic via filter on the_content -->","protected":false},"excerpt":{"rendered":"<p>La marca de joyas Pandora presenta la alianza con la artista argentina y el cantante colombiano, la pareja ser\u00e1 imagen de la marca durante el 2020. Pandora mostrar\u00e1 una serie de producciones con los artistas inspiradas en diferentes momentos de su vida, la primera de ellas con motivo del d\u00eda de San Valent\u00edn. En cada [&hellip;]<!-- AddThis Advanced Settings generic via filter on get_the_excerpt --><!-- AddThis Share Buttons generic via filter on get_the_excerpt --><\/p>\n","protected":false},"author":6,"featured_media":23834,"comment_status":"closed","ping_status":"open","sticky":false,"template":"","format":"standard","meta":{"_acf_changed":false,"om_disable_all_campaigns":false,"_monsterinsights_skip_tracking":false,"_monsterinsights_sitenote_active":false,"_monsterinsights_sitenote_note":"","_monsterinsights_sitenote_category":0,"_uf_show_specific_survey":0,"_uf_disable_surveys":false,"footnotes":""},"categories":[100,26],"tags":[],"class_list":["post-23833","post","type-post","status-publish","format-standard","has-post-thumbnail","hentry","category-noticias","category-negocios"],"acf":[],"aioseo_notices":[],"_links":{"self":[{"href":"https:\/\/www.lasrosas.com.ar\/portal\/wp-json\/wp\/v2\/posts\/23833","targetHints":{"allow":["GET"]}}],"collection":[{"href":"https:\/\/www.lasrosas.com.ar\/portal\/wp-json\/wp\/v2\/posts"}],"about":[{"href":"https:\/\/www.lasrosas.com.ar\/portal\/wp-json\/wp\/v2\/types\/post"}],"author":[{"embeddable":true,"href":"https:\/\/www.lasrosas.com.ar\/portal\/wp-json\/wp\/v2\/users\/6"}],"replies":[{"embeddable":true,"href":"https:\/\/www.lasrosas.com.ar\/portal\/wp-json\/wp\/v2\/comments?post=23833"}],"version-history":[{"count":0,"href":"https:\/\/www.lasrosas.com.ar\/portal\/wp-json\/wp\/v2\/posts\/23833\/revisions"}],"wp:featuredmedia":[{"embeddable":true,"href":"https:\/\/www.lasrosas.com.ar\/portal\/wp-json\/wp\/v2\/media\/23834"}],"wp:attachment":[{"href":"https:\/\/www.lasrosas.com.ar\/portal\/wp-json\/wp\/v2\/media?parent=23833"}],"wp:term":[{"taxonomy":"category","embeddable":true,"href":"https:\/\/www.lasrosas.com.ar\/portal\/wp-json\/wp\/v2\/categories?post=23833"},{"taxonomy":"post_tag","embeddable":true,"href":"https:\/\/www.lasrosas.com.ar\/portal\/wp-json\/wp\/v2\/tags?post=23833"}],"curies":[{"name":"wp","href":"https:\/\/api.w.org\/{rel}","templated":true}]}}