{"id":23735,"date":"2020-01-30T16:31:52","date_gmt":"2020-01-30T19:31:52","guid":{"rendered":"https:\/\/www.lasrosas.com.ar\/portal\/?p=23735"},"modified":"2020-01-30T16:31:52","modified_gmt":"2020-01-30T19:31:52","slug":"melenas-al-sol","status":"publish","type":"post","link":"https:\/\/www.lasrosas.com.ar\/portal\/melenas-al-sol\/","title":{"rendered":"MELENAS AL SOL"},"content":{"rendered":"<p><em>POR: Fernanda Tavarone- @fer.tavarone<\/em><\/p>\n<p><em><strong>Como suelen decir, a\u00f1o nuevo, melena nueva y es un poco as\u00ed ya que las \u00faltimas tendencias no tardaron en llegar y pueden observarse en las cabelleras de las mujeres que decidieron renovarse y comenzar este a\u00f1o con todo.<\/strong><\/em><\/p>\n<p>Ya seguramente han podido ver que uno de los cortes que est\u00e1 siendo furor este verano es el\u00a0 conocido \u00abcarre\u00bb , mediante \u00a0el mismo se trata de tener el cabello corto, \u00a0no m\u00e1s all\u00e1 de la altura de los hombros, es un corte que se adapta tanto a mujeres j\u00f3venes como m\u00e1s grandes, \u00a0no tiene una edad definida,\u00a0 ya que se adapta m\u00e1s que nada a la comodidad \u00a0de aquellas que lo eligen. Algo que no es poca cosa en esta \u00e9poca del a\u00f1o \u00a0en la que el calor se hace notar y la verdad que lo que siempre buscamos las mujeres es adaptar nuestro look a la \u00e9poca y necesidades que tenemos, \u00a0y\u00a0 en este caso no\u00a0\u00a0 estar pendientes del cabello todo el tiempo.<\/p>\n\r\n\t\t<style type='text\/css'>\r\n\t\t\t#gallery-1 {\r\n\t\t\t\tmargin: auto;\r\n\t\t\t}\r\n\t\t\t#gallery-1 .gallery-item {\r\n\t\t\t\tfloat: left;\r\n\t\t\t\tmargin-top: 10px;\r\n\t\t\t\ttext-align: center;\r\n\t\t\t\twidth: 50%;\r\n\t\t\t}\r\n\t\t\t#gallery-1 img {\r\n\t\t\t\tborder: 2px solid #cfcfcf;\r\n\t\t\t}\r\n\t\t\t#gallery-1 .gallery-caption {\r\n\t\t\t\tmargin-left: 0;\r\n\t\t\t}\r\n\t\t<\/style>\r\n\t\t<!-- see gallery_shortcode() in wp-includes\/media.php -->\n\t\t<div id='gallery-1' class='gallery galleryid-23735 gallery-columns-2 gallery-size-medium gallery1'><script type=\"text\/javascript\">\r\n\/\/ <![CDATA[\r\n\tjQuery(document).ready(function () {\r\n\t\tjQuery(\".gallery1 a\").attr(\"rel\",\"gallery1\");\t\r\n\t\tjQuery('a[rel=\"gallery1\"]').colorbox({maxWidth:\"95%\", maxHeight:\"95%\",title: function(){ return jQuery(this).children().attr(\"alt\"); }, });\r\n\t});\r\n\/\/ ]]>\r\n<\/script>\n<dl class=\"gallery-item\">\n<dt class=\"gallery-icon\">\r\n<a href=\"https:\/\/www.lasrosas.com.ar\/portal\/wp-content\/uploads\/D1WAhNgVYAAMvvy.jpg\" title=\"\" rel=\"gallery1\"><img decoding=\"async\" data-src=\"https:\/\/www.lasrosas.com.ar\/portal\/wp-content\/uploads\/D1WAhNgVYAAMvvy-768x960.jpg\" width=\"768\" height=\"960\" alt=\"\" src=\"data:image\/svg+xml;base64,PHN2ZyB3aWR0aD0iMSIgaGVpZ2h0PSIxIiB4bWxucz0iaHR0cDovL3d3dy53My5vcmcvMjAwMC9zdmciPjwvc3ZnPg==\" class=\"lazyload\" style=\"--smush-placeholder-width: 768px; --smush-placeholder-aspect-ratio: 768\/960;\" \/><\/a>\r\n<\/dt><\/dl>\r\n\t\t\t<br style='clear: both' \/>\r\n\t\t<\/div>\n\n<p>Otra de las tendencias que este verano volvi\u00f3 con todo es el de las conocidas\u00a0 ondas quebradas lo cual son ideales para aquellas que les gusta salir de la pileta o del mar y dejar que el cabello se seque naturalmente y queden peinadas, esas son las famosas ondas quebradas que \u00a0a quienes su corte las acompa\u00f1e les quedar\u00e1n naturalmente y \u00a0habr\u00e1 otras que \u00a0las podr\u00e1n lograr con la ayuda de la planchita,\u00a0 siempre hay que tener en cuenta\u00a0 para el armado de la onda que no todas tenemos el mismo tipo de cabello, distintos grosores y cantidades ni de grosor ni cantidades, dependiendo de todo eso el armado de la onda.<\/p>\n<p>En cuanto a color como todos los veranos no puede faltar el rubio platinado, \u00a0este es el color que en \u00a0cada a\u00f1o y\u00a0 verano que\u00a0 se ha vuelto el infaltable en la cabellera de la mujer , para las m\u00e1s cl\u00e1sicas estar\u00e1\u00a0 m\u00e1s que presente el balaye,\u00a0 mediante el que usamos un\u00a0 color m\u00e1s desgastado en las puntas haciendo un juego con el del resto de la cabellera que, \u00a0s\u00ed est\u00e1 bien hecho, \u00a0no quedan dudas que les quedara genial<\/p>\n<p><img decoding=\"async\" class=\"aligncenter size-thumbnail wp-image-23737 lazyload\" data-src=\"https:\/\/www.lasrosas.com.ar\/portal\/wp-content\/uploads\/04-3-640x480.jpg\" alt=\"\" width=\"640\" height=\"480\" src=\"data:image\/svg+xml;base64,PHN2ZyB3aWR0aD0iMSIgaGVpZ2h0PSIxIiB4bWxucz0iaHR0cDovL3d3dy53My5vcmcvMjAwMC9zdmciPjwvc3ZnPg==\" style=\"--smush-placeholder-width: 640px; --smush-placeholder-aspect-ratio: 640\/480;\" \/><\/p>\n<p>Es una t\u00e9cnica muy linda, ideal para quienes no se animan a te\u00f1irse el cabello por completo y es una manera de darle un poco m\u00e1s de luminosidad al tono del cabello natural y para las m\u00e1s osadas tambi\u00e9n existe una nueva tendencia que es la salvaci\u00f3n de las mujeres que comenzaron a tener canas \u00a0\u00a0y consiste\u00a0 en el uso del denominado tono \u00a0canoso, \u00a0este se logra a trav\u00e9s de una tintura \u00a0en este tono tan espec\u00edfico que \u00a0logra hacer \u00a0parecer natural a nuestro cabello, \u00a0hoy en d\u00eda lo emplean desde las m\u00e1s j\u00f3venes hasta mujeres m\u00e1s grandes ya que, al igual que los dem\u00e1s, \u00a0no tiene edad , sino \u00a0por el contrario mucha personalidad, as\u00ed que ahora sabiendo todo lo que vino de nuevo ustedes con <strong>\u00bfCu\u00e1l tendencia se quedar\u00e1?<\/strong> .<\/p>\n<!-- AddThis Advanced Settings generic via filter on the_content --><!-- AddThis Share Buttons generic via filter on the_content -->","protected":false},"excerpt":{"rendered":"<p>POR: Fernanda Tavarone- @fer.tavarone Como suelen decir, a\u00f1o nuevo, melena nueva y es un poco as\u00ed ya que las \u00faltimas tendencias no tardaron en llegar y pueden observarse en las cabelleras de las mujeres que decidieron renovarse y comenzar este a\u00f1o con todo. Ya seguramente han podido ver que uno de los cortes que est\u00e1 [&hellip;]<!-- AddThis Advanced Settings generic via filter on get_the_excerpt --><!-- AddThis Share Buttons generic via filter on get_the_excerpt --><\/p>\n","protected":false},"author":6,"featured_media":23738,"comment_status":"closed","ping_status":"open","sticky":false,"template":"","format":"standard","meta":{"_acf_changed":false,"om_disable_all_campaigns":false,"_monsterinsights_skip_tracking":false,"_monsterinsights_sitenote_active":false,"_monsterinsights_sitenote_note":"","_monsterinsights_sitenote_category":0,"_uf_show_specific_survey":0,"_uf_disable_surveys":false,"footnotes":""},"categories":[376,100],"tags":[],"class_list":["post-23735","post","type-post","status-publish","format-standard","has-post-thumbnail","hentry","category-lifestyle","category-noticias"],"acf":[],"aioseo_notices":[],"_links":{"self":[{"href":"https:\/\/www.lasrosas.com.ar\/portal\/wp-json\/wp\/v2\/posts\/23735","targetHints":{"allow":["GET"]}}],"collection":[{"href":"https:\/\/www.lasrosas.com.ar\/portal\/wp-json\/wp\/v2\/posts"}],"about":[{"href":"https:\/\/www.lasrosas.com.ar\/portal\/wp-json\/wp\/v2\/types\/post"}],"author":[{"embeddable":true,"href":"https:\/\/www.lasrosas.com.ar\/portal\/wp-json\/wp\/v2\/users\/6"}],"replies":[{"embeddable":true,"href":"https:\/\/www.lasrosas.com.ar\/portal\/wp-json\/wp\/v2\/comments?post=23735"}],"version-history":[{"count":0,"href":"https:\/\/www.lasrosas.com.ar\/portal\/wp-json\/wp\/v2\/posts\/23735\/revisions"}],"wp:featuredmedia":[{"embeddable":true,"href":"https:\/\/www.lasrosas.com.ar\/portal\/wp-json\/wp\/v2\/media\/23738"}],"wp:attachment":[{"href":"https:\/\/www.lasrosas.com.ar\/portal\/wp-json\/wp\/v2\/media?parent=23735"}],"wp:term":[{"taxonomy":"category","embeddable":true,"href":"https:\/\/www.lasrosas.com.ar\/portal\/wp-json\/wp\/v2\/categories?post=23735"},{"taxonomy":"post_tag","embeddable":true,"href":"https:\/\/www.lasrosas.com.ar\/portal\/wp-json\/wp\/v2\/tags?post=23735"}],"curies":[{"name":"wp","href":"https:\/\/api.w.org\/{rel}","templated":true}]}}