{"id":23718,"date":"2020-01-29T17:31:55","date_gmt":"2020-01-29T20:31:55","guid":{"rendered":"https:\/\/www.lasrosas.com.ar\/portal\/?p=23718"},"modified":"2020-01-29T17:31:55","modified_gmt":"2020-01-29T20:31:55","slug":"la-historica-matilda-regresa-por-netflix","status":"publish","type":"post","link":"https:\/\/www.lasrosas.com.ar\/portal\/la-historica-matilda-regresa-por-netflix\/","title":{"rendered":"LA HIST\u00d3RICA \u00abMATILDA\u00bb, REGRESA POR NETFLIX"},"content":{"rendered":"<p><em><strong>Netflix est\u00e1 preparando un remake de la cl\u00e1sica pel\u00edcula que marc\u00f3 la infancia de millones de personas. Le\u00e9 la nota completa y enterate de toda la \u00faltima informaci\u00f3n sobre el gran regreso de Matilda.<\/strong><\/em><\/p>\n<p>La nueva pel\u00edcula no se basar\u00e1 en la versi\u00f3n anterior, sino que se centrar\u00e1 en la versi\u00f3n del musical de Broadway. Es un proyecto que se realizar\u00e1 por la reciente uni\u00f3n de Sony Pictures con la exitosa plataforma de films, Netflix. Si bien a\u00fan no tenemos claro cu\u00e1ndo ser\u00e1 ni quienes ser\u00e1n los actores principales, si tenemos en claro que las negociaciones ya est\u00e1n en marcha, y que se ha confirmado que su director ser\u00e1 Matthew Warchus. El director es quien adem\u00e1s, se encarg\u00f3 del musical en Londres y en Brodway. Todav\u00eda tendremos que esperar al lanzamiento de esta imperdible tira o al menos a tener mayor informaci\u00f3n por parte del actual gigante del cine, que s\u00f3lo nos confirm\u00f3 que Matilda estar\u00e1 de regreso.<\/p>\n<p>https:\/\/www.youtube.com\/watch?v=A06-8IWjFSE<\/p>\n<!-- AddThis Advanced Settings generic via filter on the_content --><!-- AddThis Share Buttons generic via filter on the_content -->","protected":false},"excerpt":{"rendered":"<p>Netflix est\u00e1 preparando un remake de la cl\u00e1sica pel\u00edcula que marc\u00f3 la infancia de millones de personas. Le\u00e9 la nota completa y enterate de toda la \u00faltima informaci\u00f3n sobre el gran regreso de Matilda. La nueva pel\u00edcula no se basar\u00e1 en la versi\u00f3n anterior, sino que se centrar\u00e1 en la versi\u00f3n del musical de Broadway. [&hellip;]<!-- AddThis Advanced Settings generic via filter on get_the_excerpt --><!-- AddThis Share Buttons generic via filter on get_the_excerpt --><\/p>\n","protected":false},"author":6,"featured_media":23719,"comment_status":"closed","ping_status":"open","sticky":false,"template":"","format":"standard","meta":{"_acf_changed":false,"om_disable_all_campaigns":false,"_monsterinsights_skip_tracking":false,"_monsterinsights_sitenote_active":false,"_monsterinsights_sitenote_note":"","_monsterinsights_sitenote_category":0,"_uf_show_specific_survey":0,"_uf_disable_surveys":false,"footnotes":""},"categories":[100],"tags":[],"class_list":["post-23718","post","type-post","status-publish","format-standard","has-post-thumbnail","hentry","category-noticias"],"acf":[],"aioseo_notices":[],"_links":{"self":[{"href":"https:\/\/www.lasrosas.com.ar\/portal\/wp-json\/wp\/v2\/posts\/23718","targetHints":{"allow":["GET"]}}],"collection":[{"href":"https:\/\/www.lasrosas.com.ar\/portal\/wp-json\/wp\/v2\/posts"}],"about":[{"href":"https:\/\/www.lasrosas.com.ar\/portal\/wp-json\/wp\/v2\/types\/post"}],"author":[{"embeddable":true,"href":"https:\/\/www.lasrosas.com.ar\/portal\/wp-json\/wp\/v2\/users\/6"}],"replies":[{"embeddable":true,"href":"https:\/\/www.lasrosas.com.ar\/portal\/wp-json\/wp\/v2\/comments?post=23718"}],"version-history":[{"count":0,"href":"https:\/\/www.lasrosas.com.ar\/portal\/wp-json\/wp\/v2\/posts\/23718\/revisions"}],"wp:featuredmedia":[{"embeddable":true,"href":"https:\/\/www.lasrosas.com.ar\/portal\/wp-json\/wp\/v2\/media\/23719"}],"wp:attachment":[{"href":"https:\/\/www.lasrosas.com.ar\/portal\/wp-json\/wp\/v2\/media?parent=23718"}],"wp:term":[{"taxonomy":"category","embeddable":true,"href":"https:\/\/www.lasrosas.com.ar\/portal\/wp-json\/wp\/v2\/categories?post=23718"},{"taxonomy":"post_tag","embeddable":true,"href":"https:\/\/www.lasrosas.com.ar\/portal\/wp-json\/wp\/v2\/tags?post=23718"}],"curies":[{"name":"wp","href":"https:\/\/api.w.org\/{rel}","templated":true}]}}