{"id":23693,"date":"2020-01-28T17:56:55","date_gmt":"2020-01-28T20:56:55","guid":{"rendered":"https:\/\/www.lasrosas.com.ar\/portal\/?p=23693"},"modified":"2020-01-28T17:56:55","modified_gmt":"2020-01-28T20:56:55","slug":"vis-a-vis-tendra-su-5ta-temporada","status":"publish","type":"post","link":"https:\/\/www.lasrosas.com.ar\/portal\/vis-a-vis-tendra-su-5ta-temporada\/","title":{"rendered":"VIS A VIS TENDR\u00c1 SU 5TA TEMPORADA"},"content":{"rendered":"<p><em><strong>No s\u00f3lo tendremos otra temporada m\u00e1s de Vis A Vis, sino que el regreso de una de las protagonistas m\u00e1s queridas de la serie.\u00a0<\/strong><\/em><\/p>\n<p>Fox acaban de anunciar el regreso de uno de los personajes m\u00e1s queridos por los seguidores de la serie:\u00a0Saray, interpretada por Alba Flores. Y adem\u00e1s, lleg\u00f3 a nuestro pa\u00eds, la noticia de los actores argentinos que participar\u00e1n de esta tira espa\u00f1ola. Lucas Ferraro y Ana Mar\u00eda Picchio. Ambos guardan un oscuro secreto, la actriz interpretar\u00e1 a \u00abAma\u00bb, la mujer que regentea el alojamiento rural\u00a0<em>\u00abEl Oasis\u00bb. <\/em>Mientras que Lucas, ser\u00e1 \u00abCepo\u00bb, su hijo discapacitado.<\/p>\n<p>Saray volver\u00e1 a meterse en la piel de la ex presa m\u00e1s racial de Cruz del Sur y del Norte en una trama que tendr\u00e1 mucho que ver con Zulema, la m\u00e1s odiada por los seguidores de esta gran serie.\u00a0La temporada cuenta con ocho cap\u00edtulos con los que concluir\u00e1 la historia . Estos cortos de 45 min aproximadamente cada uno,comenzaron a grabarse en el mes de octubre de 2019 entre Madrid y Almer\u00eda.<\/p>\n<p>https:\/\/www.instagram.com\/p\/B5ixxKXIydA\/?utm_source=ig_web_copy_link<\/p>\n\r\n\t\t<style type='text\/css'>\r\n\t\t\t#gallery-1 {\r\n\t\t\t\tmargin: auto;\r\n\t\t\t}\r\n\t\t\t#gallery-1 .gallery-item {\r\n\t\t\t\tfloat: left;\r\n\t\t\t\tmargin-top: 10px;\r\n\t\t\t\ttext-align: center;\r\n\t\t\t\twidth: 50%;\r\n\t\t\t}\r\n\t\t\t#gallery-1 img {\r\n\t\t\t\tborder: 2px solid #cfcfcf;\r\n\t\t\t}\r\n\t\t\t#gallery-1 .gallery-caption {\r\n\t\t\t\tmargin-left: 0;\r\n\t\t\t}\r\n\t\t<\/style>\r\n\t\t<!-- see gallery_shortcode() in wp-includes\/media.php -->\n\t\t<div id='gallery-1' class='gallery galleryid-23693 gallery-columns-2 gallery-size-medium gallery1'><script type=\"text\/javascript\">\r\n\/\/ <![CDATA[\r\n\tjQuery(document).ready(function () {\r\n\t\tjQuery(\".gallery1 a\").attr(\"rel\",\"gallery1\");\t\r\n\t\tjQuery('a[rel=\"gallery1\"]').colorbox({maxWidth:\"95%\", maxHeight:\"95%\",title: function(){ return jQuery(this).children().attr(\"alt\"); }, });\r\n\t});\r\n\/\/ ]]>\r\n<\/script>\n<dl class=\"gallery-item\">\n<dt class=\"gallery-icon\">\r\n<a href=\"https:\/\/www.lasrosas.com.ar\/portal\/wp-content\/uploads\/ana-maria-picchio-1.jpg\" title=\"\" rel=\"gallery1\"><img decoding=\"async\" data-src=\"https:\/\/www.lasrosas.com.ar\/portal\/wp-content\/uploads\/ana-maria-picchio-1-960x540.jpg\" width=\"960\" height=\"540\" alt=\"\" src=\"data:image\/svg+xml;base64,PHN2ZyB3aWR0aD0iMSIgaGVpZ2h0PSIxIiB4bWxucz0iaHR0cDovL3d3dy53My5vcmcvMjAwMC9zdmciPjwvc3ZnPg==\" class=\"lazyload\" style=\"--smush-placeholder-width: 960px; --smush-placeholder-aspect-ratio: 960\/540;\" \/><\/a>\r\n<\/dt><\/dl><dl class=\"gallery-item\">\n<dt class=\"gallery-icon\">\r\n<a href=\"https:\/\/www.lasrosas.com.ar\/portal\/wp-content\/uploads\/lucas-ferraro-actor-argentino-de___V24Fv3q0_0x750__1.jpg\" title=\"\" rel=\"gallery1\"><img decoding=\"async\" data-src=\"https:\/\/www.lasrosas.com.ar\/portal\/wp-content\/uploads\/lucas-ferraro-actor-argentino-de___V24Fv3q0_0x750__1-960x534.jpg\" width=\"960\" height=\"534\" alt=\"\" src=\"data:image\/svg+xml;base64,PHN2ZyB3aWR0aD0iMSIgaGVpZ2h0PSIxIiB4bWxucz0iaHR0cDovL3d3dy53My5vcmcvMjAwMC9zdmciPjwvc3ZnPg==\" class=\"lazyload\" style=\"--smush-placeholder-width: 960px; --smush-placeholder-aspect-ratio: 960\/534;\" \/><\/a>\r\n<\/dt><\/dl><br style=\"clear: both\" \/>\r\n\t\t<\/div>\n\n<p>&nbsp;<\/p>\n<!-- AddThis Advanced Settings generic via filter on the_content --><!-- AddThis Share Buttons generic via filter on the_content -->","protected":false},"excerpt":{"rendered":"<p>No s\u00f3lo tendremos otra temporada m\u00e1s de Vis A Vis, sino que el regreso de una de las protagonistas m\u00e1s queridas de la serie.\u00a0 Fox acaban de anunciar el regreso de uno de los personajes m\u00e1s queridos por los seguidores de la serie:\u00a0Saray, interpretada por Alba Flores. Y adem\u00e1s, lleg\u00f3 a nuestro pa\u00eds, la noticia [&hellip;]<!-- AddThis Advanced Settings generic via filter on get_the_excerpt --><!-- AddThis Share Buttons generic via filter on get_the_excerpt --><\/p>\n","protected":false},"author":6,"featured_media":23694,"comment_status":"closed","ping_status":"open","sticky":false,"template":"","format":"standard","meta":{"_acf_changed":false,"om_disable_all_campaigns":false,"_monsterinsights_skip_tracking":false,"_monsterinsights_sitenote_active":false,"_monsterinsights_sitenote_note":"","_monsterinsights_sitenote_category":0,"_uf_show_specific_survey":0,"_uf_disable_surveys":false,"footnotes":""},"categories":[100],"tags":[],"class_list":["post-23693","post","type-post","status-publish","format-standard","has-post-thumbnail","hentry","category-noticias"],"acf":[],"aioseo_notices":[],"_links":{"self":[{"href":"https:\/\/www.lasrosas.com.ar\/portal\/wp-json\/wp\/v2\/posts\/23693","targetHints":{"allow":["GET"]}}],"collection":[{"href":"https:\/\/www.lasrosas.com.ar\/portal\/wp-json\/wp\/v2\/posts"}],"about":[{"href":"https:\/\/www.lasrosas.com.ar\/portal\/wp-json\/wp\/v2\/types\/post"}],"author":[{"embeddable":true,"href":"https:\/\/www.lasrosas.com.ar\/portal\/wp-json\/wp\/v2\/users\/6"}],"replies":[{"embeddable":true,"href":"https:\/\/www.lasrosas.com.ar\/portal\/wp-json\/wp\/v2\/comments?post=23693"}],"version-history":[{"count":0,"href":"https:\/\/www.lasrosas.com.ar\/portal\/wp-json\/wp\/v2\/posts\/23693\/revisions"}],"wp:featuredmedia":[{"embeddable":true,"href":"https:\/\/www.lasrosas.com.ar\/portal\/wp-json\/wp\/v2\/media\/23694"}],"wp:attachment":[{"href":"https:\/\/www.lasrosas.com.ar\/portal\/wp-json\/wp\/v2\/media?parent=23693"}],"wp:term":[{"taxonomy":"category","embeddable":true,"href":"https:\/\/www.lasrosas.com.ar\/portal\/wp-json\/wp\/v2\/categories?post=23693"},{"taxonomy":"post_tag","embeddable":true,"href":"https:\/\/www.lasrosas.com.ar\/portal\/wp-json\/wp\/v2\/tags?post=23693"}],"curies":[{"name":"wp","href":"https:\/\/api.w.org\/{rel}","templated":true}]}}