{"id":23662,"date":"2020-01-27T18:31:16","date_gmt":"2020-01-27T21:31:16","guid":{"rendered":"https:\/\/www.lasrosas.com.ar\/portal\/?p=23662"},"modified":"2020-01-27T18:31:16","modified_gmt":"2020-01-27T21:31:16","slug":"existe-el-estres-en-vacaciones","status":"publish","type":"post","link":"https:\/\/www.lasrosas.com.ar\/portal\/existe-el-estres-en-vacaciones\/","title":{"rendered":"\u00bfEXISTE EL ESTR\u00c9S EN VACACIONES?"},"content":{"rendered":"<p><em>POR Constanza Monferini Zapiola- @cotimonferini.<\/em><\/p>\n<p><strong><em>Aunque parezca extra\u00f1o, en este periodo que se espera con gran expectativa, hay muchas personas que pueden llegar a sufrir ciertos picos de ansiedad generados por diversas causas.<\/em><\/strong><\/p>\n<p>En principio es necesario tener en claro que el ser humano es una unidad bio-psico-social, en donde la predisposici\u00f3n gen\u00e9tica tiene una gran influencia en su relaci\u00f3n con el ambiente que interact\u00faa el sujeto. Por ende, en todo tratamiento y concepto af\u00edn a la salud mental, involucra una teorizaci\u00f3n interdisciplinaria para poder comprender y construir el conocimiento suficiente a una cuesti\u00f3n puntual.<\/p>\n<p>Por esta cuesti\u00f3n, en este escrito nos adentraremos al estr\u00e9s. A lo largo de la historia de la ciencia, el constructo de estr\u00e9s ha ido mutando con el paso del tiempo y debido al avance de diversas disciplinas. En t\u00e9rminos emp\u00edricos, el estr\u00e9s se lo define como aquel mecanismo que supera el rendimiento normal del organismo tanto en su base hormonal, f\u00edsica, qu\u00edmica y ps\u00edquica. Por ello, estas alteraciones si se llegan a producir a largo plazo, provocan una respuesta generalmente desfavorable y recurrente. Es en este condicionamiento neuronal, en donde los niveles de ciertos neurotransmisores como la adrenalina y la noradrenalina empiezan a desestabilizarse; y por ende, termina siendo dif\u00edcil de controlar por parte del sujeto en su estado tanto consciente e inconsciente. Esto se debe a que el organismo, m\u00e1s bien nuestro sistema aut\u00f3nomo, se encuentra alerta en situaciones de las cuales no habr\u00eda porque esta alerta, como consecuencia a la sobre estimulaci\u00f3n del organismo.<\/p>\n<p><img decoding=\"async\" class=\"aligncenter size-thumbnail wp-image-23664 lazyload\" data-src=\"https:\/\/www.lasrosas.com.ar\/portal\/wp-content\/uploads\/20170404155018-lap-playa-640x480.jpeg\" alt=\"\" width=\"640\" height=\"480\" src=\"data:image\/svg+xml;base64,PHN2ZyB3aWR0aD0iMSIgaGVpZ2h0PSIxIiB4bWxucz0iaHR0cDovL3d3dy53My5vcmcvMjAwMC9zdmciPjwvc3ZnPg==\" style=\"--smush-placeholder-width: 640px; --smush-placeholder-aspect-ratio: 640\/480;\" \/><\/p>\n<p>En este sentido, lo anterior trae aparejado tanto problemas f\u00edsicos de car\u00e1cter som\u00e1ticos, como psicol\u00f3gicos. Entre los som\u00e1ticos se puede describir la presi\u00f3n arterial alta, insuficiencia cardiaca, diabetes, dermatitis (acn\u00e9, solaseis, eczema), problemas menstruales, malestar estomacal, etc. Y entre los psicol\u00f3gicos, la angustia, depresi\u00f3n, ataques de p\u00e1nico, obesidad, problemas alimenticios, apat\u00eda, fatiga, soledad, irritabilidad, entre otros. Pero el m\u00e1s conocido y el menos tratado, es el comportamiento autocr\u00edtico y obsesivo. Como bien su nombre lo indica, es una conducta resultante de un periodo prolongado de estr\u00e9s, en donde el sujeto sigue llevando a cabo una rutina displacentera debido a una energ\u00eda libidinal que no deja de pulsar. Por ende las consecuencias del estr\u00e9s se hacen presentes en periodos y en situaciones que deben ser placenteras, pero son reemplazados por esta energ\u00eda propia del principio m\u00e1s all\u00e1 del placer.<\/p>\n<p>Si bien es poco tratado el comportamiento autocr\u00edtico, es necesario tener en cuenta que es una afecci\u00f3n que no descansa ni en vacaciones. Por ello, lo que se recomienda es romper con la rutina e ir condicion\u00e1ndola con otras actividades que resulten atractivas. Para ello, e fundamental eliminar cualquier elemento relacionado con la vieja rutina.<\/p>\n<p><img decoding=\"async\" class=\"aligncenter size-thumbnail wp-image-23666 lazyload\" data-src=\"https:\/\/www.lasrosas.com.ar\/portal\/wp-content\/uploads\/Libros_leer_playa-e1580160656601-640x480.jpg\" alt=\"\" width=\"640\" height=\"480\" src=\"data:image\/svg+xml;base64,PHN2ZyB3aWR0aD0iMSIgaGVpZ2h0PSIxIiB4bWxucz0iaHR0cDovL3d3dy53My5vcmcvMjAwMC9zdmciPjwvc3ZnPg==\" style=\"--smush-placeholder-width: 640px; --smush-placeholder-aspect-ratio: 640\/480;\" \/><\/p>\n<p><strong>Algunos consejos a continuaci\u00f3n:<\/strong><\/p>\n<ul>\n<li>Desconecta el celular de trabajo.<\/li>\n<li>No llevarse tareas pendientes a casa. De esta manera no tendr\u00e1s que agobiarte y realizar trabajo en casa.<\/li>\n<li>Hacer un viaje, que te ayude a cambiar de aires, si no es posible, programa a los alrededores.<\/li>\n<li>Olvida los horarios, son pocos d\u00edas de descanso por lo que debes disfrutarlos al m\u00e1ximo sin el establecimiento de horarios estrictos.<\/li>\n<li>Evita lugares concurridos, \u00e9stos est\u00e1n llenos de gente y aumenta nuestro nivel de estr\u00e9s.<\/li>\n<li>Planificar actividades a lo largo de la semana.<\/li>\n<li>Comienza a practicar deporte, el ejercicio f\u00edsico. No es necesario ir a un gimnasio, trotar, caminar o ir bici es buena opci\u00f3n.<\/li>\n<li>Evita los excesos en la comida y bebida, comer de forma sana y beber agua con frecuencia evitando las comidas pesadas y bebidas alcoh\u00f3licas.<\/li>\n<li>Dormir entre 7 y 8 horas, descansar es fundamental para luchar contra los s\u00edntomas de estr\u00e9s.<\/li>\n<li>Fomenta las relaciones sociales en familia o con amigos, eso ayudar\u00e1 a olvidar la tensi\u00f3n diaria.<\/li>\n<li>Aprender t\u00e9cnicas de relajaci\u00f3n.<\/li>\n<\/ul>\n<!-- AddThis Advanced Settings generic via filter on the_content --><!-- AddThis Share Buttons generic via filter on the_content -->","protected":false},"excerpt":{"rendered":"<p>POR Constanza Monferini Zapiola- @cotimonferini. Aunque parezca extra\u00f1o, en este periodo que se espera con gran expectativa, hay muchas personas que pueden llegar a sufrir ciertos picos de ansiedad generados por diversas causas. En principio es necesario tener en claro que el ser humano es una unidad bio-psico-social, en donde la predisposici\u00f3n gen\u00e9tica tiene una [&hellip;]<!-- AddThis Advanced Settings generic via filter on get_the_excerpt --><!-- AddThis Share Buttons generic via filter on get_the_excerpt --><\/p>\n","protected":false},"author":6,"featured_media":23663,"comment_status":"closed","ping_status":"open","sticky":false,"template":"","format":"standard","meta":{"_acf_changed":false,"om_disable_all_campaigns":false,"_monsterinsights_skip_tracking":false,"_monsterinsights_sitenote_active":false,"_monsterinsights_sitenote_note":"","_monsterinsights_sitenote_category":0,"_uf_show_specific_survey":0,"_uf_disable_surveys":false,"footnotes":""},"categories":[376,100],"tags":[],"class_list":["post-23662","post","type-post","status-publish","format-standard","has-post-thumbnail","hentry","category-lifestyle","category-noticias"],"acf":[],"aioseo_notices":[],"_links":{"self":[{"href":"https:\/\/www.lasrosas.com.ar\/portal\/wp-json\/wp\/v2\/posts\/23662","targetHints":{"allow":["GET"]}}],"collection":[{"href":"https:\/\/www.lasrosas.com.ar\/portal\/wp-json\/wp\/v2\/posts"}],"about":[{"href":"https:\/\/www.lasrosas.com.ar\/portal\/wp-json\/wp\/v2\/types\/post"}],"author":[{"embeddable":true,"href":"https:\/\/www.lasrosas.com.ar\/portal\/wp-json\/wp\/v2\/users\/6"}],"replies":[{"embeddable":true,"href":"https:\/\/www.lasrosas.com.ar\/portal\/wp-json\/wp\/v2\/comments?post=23662"}],"version-history":[{"count":0,"href":"https:\/\/www.lasrosas.com.ar\/portal\/wp-json\/wp\/v2\/posts\/23662\/revisions"}],"wp:featuredmedia":[{"embeddable":true,"href":"https:\/\/www.lasrosas.com.ar\/portal\/wp-json\/wp\/v2\/media\/23663"}],"wp:attachment":[{"href":"https:\/\/www.lasrosas.com.ar\/portal\/wp-json\/wp\/v2\/media?parent=23662"}],"wp:term":[{"taxonomy":"category","embeddable":true,"href":"https:\/\/www.lasrosas.com.ar\/portal\/wp-json\/wp\/v2\/categories?post=23662"},{"taxonomy":"post_tag","embeddable":true,"href":"https:\/\/www.lasrosas.com.ar\/portal\/wp-json\/wp\/v2\/tags?post=23662"}],"curies":[{"name":"wp","href":"https:\/\/api.w.org\/{rel}","templated":true}]}}