{"id":23273,"date":"2020-01-18T14:36:50","date_gmt":"2020-01-18T17:36:50","guid":{"rendered":"https:\/\/www.lasrosas.com.ar\/portal\/?p=23273"},"modified":"2020-01-24T17:50:40","modified_gmt":"2020-01-24T20:50:40","slug":"top-five-de-las-noticias-de-la-semana","status":"publish","type":"post","link":"https:\/\/www.lasrosas.com.ar\/portal\/top-five-de-las-noticias-de-la-semana\/","title":{"rendered":"TOP FIVE DE LAS NOTICIAS DE LA SEMANA"},"content":{"rendered":"<p><em><b>Llegamos con las news de la semana y con ellas, te traemos informaci\u00f3n\u00a0sobre las grandes entregas de premios del a\u00f1o y muchas novedades de las celebrities.\u00a0<\/b><\/em><\/p>\n<p>1-\u00a0KATE MOSS ES LA NUEVA CARA DE ZADIG &amp; VOLTAIRE:\u00a0La modelo brit\u00e1nica ha sido la elegida para protagonizar la colecci\u00f3n oto\u00f1o-invierno 2020 de la aclamada marca parisina, Zadig &amp; Voltaire.\u00a0La campa\u00f1a busca mostrar una mujer con poder femenino, con libertad y sin\u00a0utilizar maquillaje reflejando una imagen de frescura y calidez.<\/p>\n<p><img decoding=\"async\" class=\"aligncenter size-thumbnail wp-image-23164 lazyload\" data-src=\"https:\/\/www.lasrosas.com.ar\/portal\/wp-content\/uploads\/270619_ZADIG_FW19_KATE_SP_BDEF-960-2-e1578948054195-640x480.jpg\" alt=\"\" width=\"640\" height=\"480\" src=\"data:image\/svg+xml;base64,PHN2ZyB3aWR0aD0iMSIgaGVpZ2h0PSIxIiB4bWxucz0iaHR0cDovL3d3dy53My5vcmcvMjAwMC9zdmciPjwvc3ZnPg==\" style=\"--smush-placeholder-width: 640px; --smush-placeholder-aspect-ratio: 640\/480;\" \/><\/p>\n<p>2- LOS NOMINADOS A LOS OSCARS 2020:\u00a0Ya se conocieron todos los nominados de la gala m\u00e1s esperada del a\u00f1o en todo el mundo. Los ganadores se dar\u00e1n a conocer el 9 de febrero en el Teatro Dolby de Los \u00c1ngeles.<\/p>\n<p><img decoding=\"async\" class=\"aligncenter size-thumbnail wp-image-23189 lazyload\" data-src=\"https:\/\/www.lasrosas.com.ar\/portal\/wp-content\/uploads\/dt.common.streams.StreamServer-1-640x480.jpg\" alt=\"\" width=\"640\" height=\"480\" data-srcset=\"https:\/\/www.lasrosas.com.ar\/portal\/wp-content\/uploads\/dt.common.streams.StreamServer-1-640x480.jpg 640w, https:\/\/www.lasrosas.com.ar\/portal\/wp-content\/uploads\/dt.common.streams.StreamServer-1-960x720.jpg 960w, https:\/\/www.lasrosas.com.ar\/portal\/wp-content\/uploads\/dt.common.streams.StreamServer-1.jpg 1024w\" data-sizes=\"(max-width: 640px) 100vw, 640px\" src=\"data:image\/svg+xml;base64,PHN2ZyB3aWR0aD0iMSIgaGVpZ2h0PSIxIiB4bWxucz0iaHR0cDovL3d3dy53My5vcmcvMjAwMC9zdmciPjwvc3ZnPg==\" style=\"--smush-placeholder-width: 640px; --smush-placeholder-aspect-ratio: 640\/480;\" \/><\/p>\n<p>3-LAS NOCHES EN SUSHI CLUB- PUNTA DEL ESTE: Algunas de las figuras que estuvieron presentes en\u00a0<em><strong>Sushi Club en Il Faro Restaurante<\/strong><\/em> fueron:\u00a0Connie Ansaldi, Nai Awada, Julieta Kemble, Justo Saavedra y Javier Iturrioz, que estuvieron disfrutando de\u00a0la exclusiva barra en Jos\u00e9 Ignacio \u2013\u00a0 Punta Del Este.<\/p>\n<p class=\"at-above-post addthis_tool\" data-url=\"https:\/\/www.lasrosas.com.ar\/portal\/las-noches-en-sushi-club-punta-del-este\/\"><img decoding=\"async\" class=\"aligncenter size-thumbnail wp-image-23248 lazyload\" data-src=\"https:\/\/www.lasrosas.com.ar\/portal\/wp-content\/uploads\/Foto-3-640x480.jpg\" alt=\"\" width=\"640\" height=\"480\" src=\"data:image\/svg+xml;base64,PHN2ZyB3aWR0aD0iMSIgaGVpZ2h0PSIxIiB4bWxucz0iaHR0cDovL3d3dy53My5vcmcvMjAwMC9zdmciPjwvc3ZnPg==\" style=\"--smush-placeholder-width: 640px; --smush-placeholder-aspect-ratio: 640\/480;\" \/><\/p>\n<p data-url=\"https:\/\/www.lasrosas.com.ar\/portal\/las-noches-en-sushi-club-punta-del-este\/\">4-\u00a0\u00bfC\u00d3MO CAMBIAR O MEJORAR H\u00c1BITOS EN VERANO? BY @ALOHA.HABITOSALUDABLES : Una nota sobre salud con los mejores tips de comida saludable.\u00bb<em>El verano es una estaci\u00f3n complicada con las fiestas, las vacaciones y las juntadas pero a la vez es un buen momento para iniciar un cambio de h\u00e1bitos, aprovechando el calor que nos hace m\u00e1s f\u00e1cil incorporar frutas y verduras, alimentos que el mismo cuerpo nos pide.\u00bb<\/em><\/p>\n<p data-url=\"https:\/\/www.lasrosas.com.ar\/portal\/las-noches-en-sushi-club-punta-del-este\/\"><img decoding=\"async\" class=\"aligncenter size-thumbnail wp-image-23230 lazyload\" data-src=\"https:\/\/www.lasrosas.com.ar\/portal\/wp-content\/uploads\/abolea-e1579118751739-640x480.jpg\" alt=\"\" width=\"640\" height=\"480\" src=\"data:image\/svg+xml;base64,PHN2ZyB3aWR0aD0iMSIgaGVpZ2h0PSIxIiB4bWxucz0iaHR0cDovL3d3dy53My5vcmcvMjAwMC9zdmciPjwvc3ZnPg==\" style=\"--smush-placeholder-width: 640px; --smush-placeholder-aspect-ratio: 640\/480;\" \/><\/p>\n<p data-url=\"https:\/\/www.lasrosas.com.ar\/portal\/las-noches-en-sushi-club-punta-del-este\/\">5-EL D\u00cdA INTERNACIONAL DE LOS BEATLES: El\u00a016 de enero, es el D\u00eda Internacional de The Beatles para un grupo de fans que consideraron que el d\u00eda de la inauguraci\u00f3n del Cavern Club, lugar en que hicieron su debut John Lennon, Paul McCartney, George Harrison y Ringo Starr, es la fecha indicada para considerar como d\u00eda oficial de la banda. Una nota que recuerda los mejores temas de la banda.<\/p>\n<p data-url=\"https:\/\/www.lasrosas.com.ar\/portal\/las-noches-en-sushi-club-punta-del-este\/\"><img decoding=\"async\" class=\"aligncenter size-thumbnail wp-image-23241 lazyload\" data-src=\"https:\/\/www.lasrosas.com.ar\/portal\/wp-content\/uploads\/rs-218776-rexfeatures_11258b-640x480.jpg\" alt=\"\" width=\"640\" height=\"480\" src=\"data:image\/svg+xml;base64,PHN2ZyB3aWR0aD0iMSIgaGVpZ2h0PSIxIiB4bWxucz0iaHR0cDovL3d3dy53My5vcmcvMjAwMC9zdmciPjwvc3ZnPg==\" style=\"--smush-placeholder-width: 640px; --smush-placeholder-aspect-ratio: 640\/480;\" \/><\/p>\n<!-- AddThis Advanced Settings generic via filter on the_content --><!-- AddThis Share Buttons generic via filter on the_content -->","protected":false},"excerpt":{"rendered":"<p>Llegamos con las news de la semana y con ellas, te traemos informaci\u00f3n\u00a0sobre las grandes entregas de premios del a\u00f1o y muchas novedades de las celebrities.\u00a0 1-\u00a0KATE MOSS ES LA NUEVA CARA DE ZADIG &amp; VOLTAIRE:\u00a0La modelo brit\u00e1nica ha sido la elegida para protagonizar la colecci\u00f3n oto\u00f1o-invierno 2020 de la aclamada marca parisina, Zadig &amp; [&hellip;]<!-- AddThis Advanced Settings generic via filter on get_the_excerpt --><!-- AddThis Share Buttons generic via filter on get_the_excerpt --><\/p>\n","protected":false},"author":6,"featured_media":23276,"comment_status":"closed","ping_status":"open","sticky":false,"template":"","format":"standard","meta":{"_acf_changed":false,"om_disable_all_campaigns":false,"_monsterinsights_skip_tracking":false,"_monsterinsights_sitenote_active":false,"_monsterinsights_sitenote_note":"","_monsterinsights_sitenote_category":0,"_uf_show_specific_survey":0,"_uf_disable_surveys":false,"footnotes":""},"categories":[100,1],"tags":[],"class_list":["post-23273","post","type-post","status-publish","format-standard","has-post-thumbnail","hentry","category-noticias","category-sin-categoria"],"acf":[],"aioseo_notices":[],"_links":{"self":[{"href":"https:\/\/www.lasrosas.com.ar\/portal\/wp-json\/wp\/v2\/posts\/23273","targetHints":{"allow":["GET"]}}],"collection":[{"href":"https:\/\/www.lasrosas.com.ar\/portal\/wp-json\/wp\/v2\/posts"}],"about":[{"href":"https:\/\/www.lasrosas.com.ar\/portal\/wp-json\/wp\/v2\/types\/post"}],"author":[{"embeddable":true,"href":"https:\/\/www.lasrosas.com.ar\/portal\/wp-json\/wp\/v2\/users\/6"}],"replies":[{"embeddable":true,"href":"https:\/\/www.lasrosas.com.ar\/portal\/wp-json\/wp\/v2\/comments?post=23273"}],"version-history":[{"count":0,"href":"https:\/\/www.lasrosas.com.ar\/portal\/wp-json\/wp\/v2\/posts\/23273\/revisions"}],"wp:featuredmedia":[{"embeddable":true,"href":"https:\/\/www.lasrosas.com.ar\/portal\/wp-json\/wp\/v2\/media\/23276"}],"wp:attachment":[{"href":"https:\/\/www.lasrosas.com.ar\/portal\/wp-json\/wp\/v2\/media?parent=23273"}],"wp:term":[{"taxonomy":"category","embeddable":true,"href":"https:\/\/www.lasrosas.com.ar\/portal\/wp-json\/wp\/v2\/categories?post=23273"},{"taxonomy":"post_tag","embeddable":true,"href":"https:\/\/www.lasrosas.com.ar\/portal\/wp-json\/wp\/v2\/tags?post=23273"}],"curies":[{"name":"wp","href":"https:\/\/api.w.org\/{rel}","templated":true}]}}