{"id":22549,"date":"2019-12-22T13:03:09","date_gmt":"2019-12-22T16:03:09","guid":{"rendered":"https:\/\/www.lasrosas.com.ar\/portal\/?p=22549"},"modified":"2019-12-19T16:16:47","modified_gmt":"2019-12-19T19:16:47","slug":"navidad-magica-en-patio-olmos","status":"publish","type":"post","link":"https:\/\/www.lasrosas.com.ar\/portal\/navidad-magica-en-patio-olmos\/","title":{"rendered":"NAVIDAD M\u00c1GICA EN PATIO OLMOS"},"content":{"rendered":"<p><em><strong>\u00bfQuer\u00e9s tener tu foto con Pap\u00e1 Noel?\u00a0Los ni\u00f1os y familias que deseen podr\u00e1n acercarse al hall central del shopping para sacarse una foto con \u00e9l y llevarla impresa. Adem\u00e1s, podr\u00e1n solicitar la cartita en el stand de Atenci\u00f3n al Cliente para escribirle a Pap\u00e1 Noel cu\u00e1les son sus deseos para esta Navidad.\u00a0<\/strong><\/em><\/p>\n<p style=\"text-align: left;\" align=\"center\"><b><i>\u201cFiestas y m\u00e1s Fiestas\u201d\u00a0<\/i><\/b><i>es la propuesta del shopping para que puedas hacer tus compras de regalos navide\u00f1os a precios super promocionales con un Happy Hour doble, y a la vez pod\u00e9s participar por un viaje y llevarte un espumante de regalo!.<\/i>SE Acerca la Navidad y muchas cosas quedan pendientes de terminar. Una de ellas es comprar los obsequios para esa noche m\u00e1gica. No te preocupes, porque\u00a0Patio Olmos Shopping\u00a0tiene una propuesta super interesante.<\/p>\n<p style=\"text-align: left;\">Del 18 al 24 de diciembre con tu ticket de $1500 o m\u00e1s particip\u00e1s por un viaje all inclusive para seis personas a Vi\u00f1a del Mar m\u00e1s una entrada al Festival de la M\u00fasica. Si tu ticket supera los $3000, particip\u00e1s por el viaje y adem\u00e1s te llev\u00e1s un vino espumante de regalo.\u00a0El \u00faltimo\u00a0Happy Hour\u00a0del a\u00f1o ser\u00e1 doble: se llevar\u00e1 a cabo el s\u00e1bado 21 y el domingo 22 de 10 a 22 hs. Algunas de las marcas que participan son:\u00a0<i>Bowen, Ayres, Pato Pampa, Dudu &#8211; Pioppa, Las Pepas, Wanama, Complot, Pandy, Silenzio, Anca &amp; Co, Desiderata, Panter, Cheeky, y m\u00e1s.\u00a0<\/i><\/p>\n<p><strong>Horarios para la foto con Pap\u00e1 Noel:<\/strong><\/p>\n<p>Del 19 al 23\/12 &#8211; De 14 a 22 hs.<\/p>\n<p>El d\u00eda 24\/12 &#8211; De 10 a 18 hs.<\/p>\n<p>&nbsp;<\/p>\n<p><img decoding=\"async\" class=\"aligncenter wp-image-22550 size-thumbnail lazyload\" data-src=\"https:\/\/www.lasrosas.com.ar\/portal\/wp-content\/uploads\/Hall_central_Navidad_1576765350-640x480.jpeg\" alt=\"\" width=\"640\" height=\"480\" data-srcset=\"https:\/\/www.lasrosas.com.ar\/portal\/wp-content\/uploads\/Hall_central_Navidad_1576765350-640x480.jpeg 640w, https:\/\/www.lasrosas.com.ar\/portal\/wp-content\/uploads\/Hall_central_Navidad_1576765350-960x720.jpeg 960w, https:\/\/www.lasrosas.com.ar\/portal\/wp-content\/uploads\/Hall_central_Navidad_1576765350.jpeg 1280w\" data-sizes=\"(max-width: 640px) 100vw, 640px\" src=\"data:image\/svg+xml;base64,PHN2ZyB3aWR0aD0iMSIgaGVpZ2h0PSIxIiB4bWxucz0iaHR0cDovL3d3dy53My5vcmcvMjAwMC9zdmciPjwvc3ZnPg==\" style=\"--smush-placeholder-width: 640px; --smush-placeholder-aspect-ratio: 640\/480;\" \/><\/p>\n<!-- AddThis Advanced Settings generic via filter on the_content --><!-- AddThis Share Buttons generic via filter on the_content -->","protected":false},"excerpt":{"rendered":"<p>\u00bfQuer\u00e9s tener tu foto con Pap\u00e1 Noel?\u00a0Los ni\u00f1os y familias que deseen podr\u00e1n acercarse al hall central del shopping para sacarse una foto con \u00e9l y llevarla impresa. Adem\u00e1s, podr\u00e1n solicitar la cartita en el stand de Atenci\u00f3n al Cliente para escribirle a Pap\u00e1 Noel cu\u00e1les son sus deseos para esta Navidad.\u00a0 \u201cFiestas y m\u00e1s [&hellip;]<!-- AddThis Advanced Settings generic via filter on get_the_excerpt --><!-- AddThis Share Buttons generic via filter on get_the_excerpt --><\/p>\n","protected":false},"author":6,"featured_media":22551,"comment_status":"closed","ping_status":"open","sticky":false,"template":"","format":"standard","meta":{"_acf_changed":false,"om_disable_all_campaigns":false,"_monsterinsights_skip_tracking":false,"_monsterinsights_sitenote_active":false,"_monsterinsights_sitenote_note":"","_monsterinsights_sitenote_category":0,"_uf_show_specific_survey":0,"_uf_disable_surveys":false,"footnotes":""},"categories":[100],"tags":[],"class_list":["post-22549","post","type-post","status-publish","format-standard","has-post-thumbnail","hentry","category-noticias"],"acf":[],"aioseo_notices":[],"_links":{"self":[{"href":"https:\/\/www.lasrosas.com.ar\/portal\/wp-json\/wp\/v2\/posts\/22549","targetHints":{"allow":["GET"]}}],"collection":[{"href":"https:\/\/www.lasrosas.com.ar\/portal\/wp-json\/wp\/v2\/posts"}],"about":[{"href":"https:\/\/www.lasrosas.com.ar\/portal\/wp-json\/wp\/v2\/types\/post"}],"author":[{"embeddable":true,"href":"https:\/\/www.lasrosas.com.ar\/portal\/wp-json\/wp\/v2\/users\/6"}],"replies":[{"embeddable":true,"href":"https:\/\/www.lasrosas.com.ar\/portal\/wp-json\/wp\/v2\/comments?post=22549"}],"version-history":[{"count":0,"href":"https:\/\/www.lasrosas.com.ar\/portal\/wp-json\/wp\/v2\/posts\/22549\/revisions"}],"wp:featuredmedia":[{"embeddable":true,"href":"https:\/\/www.lasrosas.com.ar\/portal\/wp-json\/wp\/v2\/media\/22551"}],"wp:attachment":[{"href":"https:\/\/www.lasrosas.com.ar\/portal\/wp-json\/wp\/v2\/media?parent=22549"}],"wp:term":[{"taxonomy":"category","embeddable":true,"href":"https:\/\/www.lasrosas.com.ar\/portal\/wp-json\/wp\/v2\/categories?post=22549"},{"taxonomy":"post_tag","embeddable":true,"href":"https:\/\/www.lasrosas.com.ar\/portal\/wp-json\/wp\/v2\/tags?post=22549"}],"curies":[{"name":"wp","href":"https:\/\/api.w.org\/{rel}","templated":true}]}}