{"id":21833,"date":"2019-11-28T17:53:37","date_gmt":"2019-11-28T20:53:37","guid":{"rendered":"https:\/\/www.lasrosas.com.ar\/portal\/?p=21833"},"modified":"2019-11-28T17:53:37","modified_gmt":"2019-11-28T20:53:37","slug":"selena-y-su-nueva-colaboracion","status":"publish","type":"post","link":"https:\/\/www.lasrosas.com.ar\/portal\/selena-y-su-nueva-colaboracion\/","title":{"rendered":"SELENA Y SU NUEVA COLABORACI\u00d3N!"},"content":{"rendered":"<p><strong><em>La tercera fusi\u00f3n de la cantante y PUMA, nuevamente es furor en todas las redes sociales. La colecci\u00f3n estar\u00e1 disponible a partir del 1 de diciembre.\u00a0<\/em><\/strong><\/p>\n<p>Esta renovada edici\u00f3n, presenta \u00abindumentaria, calzado y accesorios inspirados en el rugby para una apariencia elegante sin esfuerzo\u00bb. Los valores de cada dise\u00f1o, var\u00edan desde los 30 d\u00f3lares hasta los 120 d\u00f3lares. Con un estilo deportivo, Selena lanz\u00f3 camisetas de rugby,\u00a0un vestido de hockey, chaquetas tejidas, gorros y plum\u00edferos. Los colores que se utilizaron fueron tonalidades pasteles, con un toque de simpleza para combinar outfits de d\u00eda con looks de noche. Recordemos que la cantante, este a\u00f1o\u00a0protagoniz\u00f3 la campa\u00f1a de Puma para su Cali Remix Drop en el mes de agosto y en octubre,\u00a0se convirti\u00f3 oficialmente en la cara de Puma&#8217;s Cali Sport.<\/p>\n\r\n\t\t<style type='text\/css'>\r\n\t\t\t#gallery-1 {\r\n\t\t\t\tmargin: auto;\r\n\t\t\t}\r\n\t\t\t#gallery-1 .gallery-item {\r\n\t\t\t\tfloat: left;\r\n\t\t\t\tmargin-top: 10px;\r\n\t\t\t\ttext-align: center;\r\n\t\t\t\twidth: 50%;\r\n\t\t\t}\r\n\t\t\t#gallery-1 img {\r\n\t\t\t\tborder: 2px solid #cfcfcf;\r\n\t\t\t}\r\n\t\t\t#gallery-1 .gallery-caption {\r\n\t\t\t\tmargin-left: 0;\r\n\t\t\t}\r\n\t\t<\/style>\r\n\t\t<!-- see gallery_shortcode() in wp-includes\/media.php -->\n\t\t<div id='gallery-1' class='gallery galleryid-21833 gallery-columns-2 gallery-size-large gallery1'><script type=\"text\/javascript\">\r\n\/\/ <![CDATA[\r\n\tjQuery(document).ready(function () {\r\n\t\tjQuery(\".gallery1 a\").attr(\"rel\",\"gallery1\");\t\r\n\t\tjQuery('a[rel=\"gallery1\"]').colorbox({maxWidth:\"95%\", maxHeight:\"95%\",title: function(){ return jQuery(this).children().attr(\"alt\"); }, });\r\n\t});\r\n\/\/ ]]>\r\n<\/script>\n<dl class=\"gallery-item\">\n<dt class=\"gallery-icon\">\r\n<a href=\"https:\/\/www.lasrosas.com.ar\/portal\/wp-content\/uploads\/19AW_xCC_Selena-Collection_SG-Runner-Quilted_0306_RGB-1282x1920.jpg\" title=\"\" rel=\"gallery1\"><img decoding=\"async\" data-src=\"https:\/\/www.lasrosas.com.ar\/portal\/wp-content\/uploads\/19AW_xCC_Selena-Collection_SG-Runner-Quilted_0306_RGB-1282x1920.jpg\" width=\"1282\" height=\"1920\" alt=\"\" src=\"data:image\/svg+xml;base64,PHN2ZyB3aWR0aD0iMSIgaGVpZ2h0PSIxIiB4bWxucz0iaHR0cDovL3d3dy53My5vcmcvMjAwMC9zdmciPjwvc3ZnPg==\" class=\"lazyload\" style=\"--smush-placeholder-width: 1282px; --smush-placeholder-aspect-ratio: 1282\/1920;\" \/><\/a>\r\n<\/dt><\/dl><dl class=\"gallery-item\">\n<dt class=\"gallery-icon\">\r\n<a href=\"https:\/\/www.lasrosas.com.ar\/portal\/wp-content\/uploads\/19AW_xCC_Selena-Collection_SG-Runner-Embroidery_0414_RGB-e1574974281466-1283x1920.jpg\" title=\"\" rel=\"gallery1\"><img decoding=\"async\" data-src=\"https:\/\/www.lasrosas.com.ar\/portal\/wp-content\/uploads\/19AW_xCC_Selena-Collection_SG-Runner-Embroidery_0414_RGB-e1574974281466-1283x1920.jpg\" width=\"1283\" height=\"1920\" alt=\"\" src=\"data:image\/svg+xml;base64,PHN2ZyB3aWR0aD0iMSIgaGVpZ2h0PSIxIiB4bWxucz0iaHR0cDovL3d3dy53My5vcmcvMjAwMC9zdmciPjwvc3ZnPg==\" class=\"lazyload\" style=\"--smush-placeholder-width: 1283px; --smush-placeholder-aspect-ratio: 1283\/1920;\" \/><\/a>\r\n<\/dt><\/dl><br style=\"clear: both\" \/>\r\n\t\t<\/div>\n\n<p>https:\/\/www.instagram.com\/p\/B5V315PgaPb\/?utm_source=ig_web_button_share_sheet<\/p>\n<!-- AddThis Advanced Settings generic via filter on the_content --><!-- AddThis Share Buttons generic via filter on the_content -->","protected":false},"excerpt":{"rendered":"<p>La tercera fusi\u00f3n de la cantante y PUMA, nuevamente es furor en todas las redes sociales. La colecci\u00f3n estar\u00e1 disponible a partir del 1 de diciembre.\u00a0 Esta renovada edici\u00f3n, presenta \u00abindumentaria, calzado y accesorios inspirados en el rugby para una apariencia elegante sin esfuerzo\u00bb. Los valores de cada dise\u00f1o, var\u00edan desde los 30 d\u00f3lares hasta [&hellip;]<!-- AddThis Advanced Settings generic via filter on get_the_excerpt --><!-- AddThis Share Buttons generic via filter on get_the_excerpt --><\/p>\n","protected":false},"author":6,"featured_media":21834,"comment_status":"closed","ping_status":"open","sticky":false,"template":"","format":"standard","meta":{"_acf_changed":false,"om_disable_all_campaigns":false,"_monsterinsights_skip_tracking":false,"_monsterinsights_sitenote_active":false,"_monsterinsights_sitenote_note":"","_monsterinsights_sitenote_category":0,"_uf_show_specific_survey":0,"_uf_disable_surveys":false,"footnotes":""},"categories":[100,30],"tags":[],"class_list":["post-21833","post","type-post","status-publish","format-standard","has-post-thumbnail","hentry","category-noticias","category-moda"],"acf":[],"aioseo_notices":[],"_links":{"self":[{"href":"https:\/\/www.lasrosas.com.ar\/portal\/wp-json\/wp\/v2\/posts\/21833","targetHints":{"allow":["GET"]}}],"collection":[{"href":"https:\/\/www.lasrosas.com.ar\/portal\/wp-json\/wp\/v2\/posts"}],"about":[{"href":"https:\/\/www.lasrosas.com.ar\/portal\/wp-json\/wp\/v2\/types\/post"}],"author":[{"embeddable":true,"href":"https:\/\/www.lasrosas.com.ar\/portal\/wp-json\/wp\/v2\/users\/6"}],"replies":[{"embeddable":true,"href":"https:\/\/www.lasrosas.com.ar\/portal\/wp-json\/wp\/v2\/comments?post=21833"}],"version-history":[{"count":0,"href":"https:\/\/www.lasrosas.com.ar\/portal\/wp-json\/wp\/v2\/posts\/21833\/revisions"}],"wp:featuredmedia":[{"embeddable":true,"href":"https:\/\/www.lasrosas.com.ar\/portal\/wp-json\/wp\/v2\/media\/21834"}],"wp:attachment":[{"href":"https:\/\/www.lasrosas.com.ar\/portal\/wp-json\/wp\/v2\/media?parent=21833"}],"wp:term":[{"taxonomy":"category","embeddable":true,"href":"https:\/\/www.lasrosas.com.ar\/portal\/wp-json\/wp\/v2\/categories?post=21833"},{"taxonomy":"post_tag","embeddable":true,"href":"https:\/\/www.lasrosas.com.ar\/portal\/wp-json\/wp\/v2\/tags?post=21833"}],"curies":[{"name":"wp","href":"https:\/\/api.w.org\/{rel}","templated":true}]}}