{"id":21419,"date":"2019-11-19T15:48:30","date_gmt":"2019-11-19T18:48:30","guid":{"rendered":"https:\/\/www.lasrosas.com.ar\/portal\/?p=21419"},"modified":"2019-11-19T15:48:30","modified_gmt":"2019-11-19T18:48:30","slug":"valeria-lynch-se-cambio-el-apellido","status":"publish","type":"post","link":"https:\/\/www.lasrosas.com.ar\/portal\/valeria-lynch-se-cambio-el-apellido\/","title":{"rendered":"VALERIA LYNCH SE CAMBI\u00d3 EL APELLIDO!"},"content":{"rendered":"<p><strong><em>\u00abMe cambio el apellido porque lleg\u00f3 la hora de reinventarme y voy por mucho m\u00e1s. Si lo hizo Madonna, porque no lo puedo hacer yo, no? A partir de ahora soy Valeria Ninch\u00bb- fue el mensaje que dej\u00f3 a todos en su cuenta de Twitter.\u00a0<\/em><\/strong><\/p>\n<p>Del rock a la balada, de la balada al rock, del pelo oscuro al rubio, del rubio al oscuro. La cantante argentina, decidi\u00f3 darle otro nuevo giro a su vida y dej\u00f3 el \u00abLynch\u00bb en su pasado para ahora ser la nueva Valeria \u00abNinch\u00bb. Junto a Sony Music, este pr\u00f3ximo 29 de Noviembre, saldr\u00e1 el nuevo disco llamado \u00abrompecabezas\u00bb, recientemente grabado.\u00a0En el nuevo lanzamiento, la acompa\u00f1an Beto Cuevas, Rub\u00e9n Rada, Fabiana Cantilo, Ale Sergi y Mariano Mart\u00ednez, de Attaque 77.<\/p>\n<p>https:\/\/twitter.com\/valerialynch\/status\/1196805801207308293<\/p>\n<!-- AddThis Advanced Settings generic via filter on the_content --><!-- AddThis Share Buttons generic via filter on the_content -->","protected":false},"excerpt":{"rendered":"<p>\u00abMe cambio el apellido porque lleg\u00f3 la hora de reinventarme y voy por mucho m\u00e1s. Si lo hizo Madonna, porque no lo puedo hacer yo, no? A partir de ahora soy Valeria Ninch\u00bb- fue el mensaje que dej\u00f3 a todos en su cuenta de Twitter.\u00a0 Del rock a la balada, de la balada al rock, [&hellip;]<!-- AddThis Advanced Settings generic via filter on get_the_excerpt --><!-- AddThis Share Buttons generic via filter on get_the_excerpt --><\/p>\n","protected":false},"author":6,"featured_media":21420,"comment_status":"closed","ping_status":"open","sticky":false,"template":"","format":"standard","meta":{"_acf_changed":false,"om_disable_all_campaigns":false,"_monsterinsights_skip_tracking":false,"_monsterinsights_sitenote_active":false,"_monsterinsights_sitenote_note":"","_monsterinsights_sitenote_category":0,"_uf_show_specific_survey":0,"_uf_disable_surveys":false,"footnotes":""},"categories":[100,25],"tags":[],"class_list":["post-21419","post","type-post","status-publish","format-standard","has-post-thumbnail","hentry","category-noticias","category-radio"],"acf":[],"aioseo_notices":[],"_links":{"self":[{"href":"https:\/\/www.lasrosas.com.ar\/portal\/wp-json\/wp\/v2\/posts\/21419","targetHints":{"allow":["GET"]}}],"collection":[{"href":"https:\/\/www.lasrosas.com.ar\/portal\/wp-json\/wp\/v2\/posts"}],"about":[{"href":"https:\/\/www.lasrosas.com.ar\/portal\/wp-json\/wp\/v2\/types\/post"}],"author":[{"embeddable":true,"href":"https:\/\/www.lasrosas.com.ar\/portal\/wp-json\/wp\/v2\/users\/6"}],"replies":[{"embeddable":true,"href":"https:\/\/www.lasrosas.com.ar\/portal\/wp-json\/wp\/v2\/comments?post=21419"}],"version-history":[{"count":0,"href":"https:\/\/www.lasrosas.com.ar\/portal\/wp-json\/wp\/v2\/posts\/21419\/revisions"}],"wp:featuredmedia":[{"embeddable":true,"href":"https:\/\/www.lasrosas.com.ar\/portal\/wp-json\/wp\/v2\/media\/21420"}],"wp:attachment":[{"href":"https:\/\/www.lasrosas.com.ar\/portal\/wp-json\/wp\/v2\/media?parent=21419"}],"wp:term":[{"taxonomy":"category","embeddable":true,"href":"https:\/\/www.lasrosas.com.ar\/portal\/wp-json\/wp\/v2\/categories?post=21419"},{"taxonomy":"post_tag","embeddable":true,"href":"https:\/\/www.lasrosas.com.ar\/portal\/wp-json\/wp\/v2\/tags?post=21419"}],"curies":[{"name":"wp","href":"https:\/\/api.w.org\/{rel}","templated":true}]}}