{"id":21370,"date":"2019-11-15T12:14:53","date_gmt":"2019-11-15T15:14:53","guid":{"rendered":"https:\/\/www.lasrosas.com.ar\/portal\/?p=21370"},"modified":"2019-11-15T14:18:15","modified_gmt":"2019-11-15T17:18:15","slug":"que-se-lleva-en-el-porta-cosmetico-este-verano","status":"publish","type":"post","link":"https:\/\/www.lasrosas.com.ar\/portal\/que-se-lleva-en-el-porta-cosmetico-este-verano\/","title":{"rendered":"\u00bfQU\u00c9 SE LLEVA EN EL PORTA COSM\u00c9TICO ESTE VERANO?"},"content":{"rendered":"<p><em>POR: Fernanda Tavarone- @fer.tavarone<\/em><\/p>\n<p><em><strong>Poco a poco ya van llegando a las tan esperadas vacaciones de verano, donde el descanso y el relax les permitir\u00e1 no solo cortar con la rutina sino tambi\u00e9n viajar y visitar lugares que quiz\u00e1s no conoc\u00edan, por ello es muy importante salir siempre de casa con un kit b\u00e1sico de cuidados de la piel ya que, ya sean vacaciones en la playa, la sierra, el campo o en cualquier otro lugar los rayos y la exposici\u00f3n al sol nos pueden da\u00f1ar la piel, lo que hace m\u00e1s que importante contar con 5 productos b\u00e1sicos que las ayuden a disfrutar de ese tiempo de relax al cien por ciento.<\/strong><\/em><\/p>\n<p><img decoding=\"async\" class=\"alignnone wp-image-21382 size-thumbnail lazyload\" data-src=\"https:\/\/www.lasrosas.com.ar\/portal\/wp-content\/uploads\/Kaiku-Caffe-Latte-Vacaciones-Verano-HazloEspecial-640x480.jpg\" alt=\"\" width=\"640\" height=\"480\" src=\"data:image\/svg+xml;base64,PHN2ZyB3aWR0aD0iMSIgaGVpZ2h0PSIxIiB4bWxucz0iaHR0cDovL3d3dy53My5vcmcvMjAwMC9zdmciPjwvc3ZnPg==\" style=\"--smush-placeholder-width: 640px; --smush-placeholder-aspect-ratio: 640\/480;\" \/><\/p>\n<p><strong>Protector Solar: <\/strong>Es el principal aliado del verano por eso es recomendable utilizarlo a diario en todas las \u00e1reas que vayas a exponer al sol. Apliquen siempre el producto entre 20 y 30 minutos antes de la exposici\u00f3n y repitan ese procedimiento cada 2 horas, o al salir del agua.<\/p>\n<p><strong>Crema hidratante:<\/strong> Resulta importante utilizar una crema hidratante a base de agua tanto en el rostro como en el cuerpo, esto mantendr\u00e1 la hidrataci\u00f3n en la piel sin que por el calor se genere una pel\u00edcula de grasa en la superficie.<\/p>\n<p><strong>Limpieza del Rostro:<\/strong> Deben limpiar su rostro 2 veces al d\u00eda sin falta, ya que en verano la transpiraci\u00f3n es mayor y los poros se pueden tapar. Pueden hacerlo con las toallitas h\u00famedas que no solo las ayudaran a limpiar la piel sino tambi\u00e9n a refrescarla.<\/p>\n<p><strong>B\u00e1lsamos Labiales:<\/strong> Este es uno de los productos mas importantes ya que muchas veces no se lo tiene en cuenta y es importante el cuidado de los labios. Pueden hacerlo utilizando b\u00e1lsamos con un poco de protecci\u00f3n solar o los cl\u00e1sicos y ya conocidos que existen hoy en d\u00eda en el mercado, lo importante es tenerlos siempre hidratados.<\/p>\n<p><strong>Agua Termal:<\/strong> Esta es un infaltable que siempre deben tener a mano, ya sea de acuerdo a su piel un agua termal simple y sin ning\u00fan agregado a su composici\u00f3n o alguna un poco m\u00e1s rica, lo cierto es que esta es sumamente necesaria para ayudarnos en principio a regenerar la piel luego de la exposici\u00f3n a los rayos del sol y en segundo lugar a refrescar el rostro cuando sea necesario.<\/p>\n<p><strong>Crema exfoliante:<\/strong> Es super importante que m\u00e1s all\u00e1 de limpiar la piel de nuestro rostro con cremas de limpieza la exfoliemos por completo, ya que como bien dec\u00eda al principio al contar con mayor exposici\u00f3n al sol y a los cambios de temperatura la piel comienza a transpirar y generar mayor suciedad en el cuerpo es por ello que exfoliar con frecuencia ayudara a quitar el exceso del cuerpo.<\/p>\n<p>Cabe recalcar que todo estos b\u00e1sicos deben ser recomendados por un dermat\u00f3logo quien les indicar\u00e1 cual es el mas adecuado para su tipo de piel y necesidad.<\/p>\n\r\n\t\t<style type='text\/css'>\r\n\t\t\t#gallery-1 {\r\n\t\t\t\tmargin: auto;\r\n\t\t\t}\r\n\t\t\t#gallery-1 .gallery-item {\r\n\t\t\t\tfloat: left;\r\n\t\t\t\tmargin-top: 10px;\r\n\t\t\t\ttext-align: center;\r\n\t\t\t\twidth: 50%;\r\n\t\t\t}\r\n\t\t\t#gallery-1 img {\r\n\t\t\t\tborder: 2px solid #cfcfcf;\r\n\t\t\t}\r\n\t\t\t#gallery-1 .gallery-caption {\r\n\t\t\t\tmargin-left: 0;\r\n\t\t\t}\r\n\t\t<\/style>\r\n\t\t<!-- see gallery_shortcode() in wp-includes\/media.php -->\n\t\t<div id='gallery-1' class='gallery galleryid-21370 gallery-columns-2 gallery-size-thumbnail gallery1'><script type=\"text\/javascript\">\r\n\/\/ <![CDATA[\r\n\tjQuery(document).ready(function () {\r\n\t\tjQuery(\".gallery1 a\").attr(\"rel\",\"gallery1\");\t\r\n\t\tjQuery('a[rel=\"gallery1\"]').colorbox({maxWidth:\"95%\", maxHeight:\"95%\",title: function(){ return jQuery(this).children().attr(\"alt\"); }, });\r\n\t});\r\n\/\/ ]]>\r\n<\/script>\n<dl class=\"gallery-item\">\n<dt class=\"gallery-icon\">\r\n<a href=\"https:\/\/www.lasrosas.com.ar\/portal\/wp-content\/uploads\/blog-eze-trip-destinos-playa-para-vacaciones-camastro-vista-al-mar-1920x1253.jpg\" title=\"\" rel=\"gallery1\"><img decoding=\"async\" data-src=\"https:\/\/www.lasrosas.com.ar\/portal\/wp-content\/uploads\/blog-eze-trip-destinos-playa-para-vacaciones-camastro-vista-al-mar-640x480.jpg\" width=\"640\" height=\"480\" alt=\"\" src=\"data:image\/svg+xml;base64,PHN2ZyB3aWR0aD0iMSIgaGVpZ2h0PSIxIiB4bWxucz0iaHR0cDovL3d3dy53My5vcmcvMjAwMC9zdmciPjwvc3ZnPg==\" class=\"lazyload\" style=\"--smush-placeholder-width: 640px; --smush-placeholder-aspect-ratio: 640\/480;\" \/><\/a>\r\n<\/dt><\/dl><dl class=\"gallery-item\">\n<dt class=\"gallery-icon\">\r\n<a href=\"https:\/\/www.lasrosas.com.ar\/portal\/wp-content\/uploads\/protector-solar-1920x1279.jpg\" title=\"\" rel=\"gallery1\"><img decoding=\"async\" data-src=\"https:\/\/www.lasrosas.com.ar\/portal\/wp-content\/uploads\/protector-solar-640x480.jpg\" width=\"640\" height=\"480\" alt=\"\" src=\"data:image\/svg+xml;base64,PHN2ZyB3aWR0aD0iMSIgaGVpZ2h0PSIxIiB4bWxucz0iaHR0cDovL3d3dy53My5vcmcvMjAwMC9zdmciPjwvc3ZnPg==\" class=\"lazyload\" style=\"--smush-placeholder-width: 640px; --smush-placeholder-aspect-ratio: 640\/480;\" \/><\/a>\r\n<\/dt><\/dl><br style=\"clear: both\" \/>\r\n\t\t<\/div>\n\n<p>&nbsp;<\/p>\n<!-- AddThis Advanced Settings generic via filter on the_content --><!-- AddThis Share Buttons generic via filter on the_content -->","protected":false},"excerpt":{"rendered":"<p>POR: Fernanda Tavarone- @fer.tavarone Poco a poco ya van llegando a las tan esperadas vacaciones de verano, donde el descanso y el relax les permitir\u00e1 no solo cortar con la rutina sino tambi\u00e9n viajar y visitar lugares que quiz\u00e1s no conoc\u00edan, por ello es muy importante salir siempre de casa con un kit b\u00e1sico de [&hellip;]<!-- AddThis Advanced Settings generic via filter on get_the_excerpt --><!-- AddThis Share Buttons generic via filter on get_the_excerpt --><\/p>\n","protected":false},"author":6,"featured_media":21383,"comment_status":"closed","ping_status":"open","sticky":false,"template":"","format":"standard","meta":{"_acf_changed":false,"om_disable_all_campaigns":false,"_monsterinsights_skip_tracking":false,"_monsterinsights_sitenote_active":false,"_monsterinsights_sitenote_note":"","_monsterinsights_sitenote_category":0,"_uf_show_specific_survey":0,"_uf_disable_surveys":false,"footnotes":""},"categories":[376,100],"tags":[],"class_list":["post-21370","post","type-post","status-publish","format-standard","has-post-thumbnail","hentry","category-lifestyle","category-noticias"],"acf":[],"aioseo_notices":[],"_links":{"self":[{"href":"https:\/\/www.lasrosas.com.ar\/portal\/wp-json\/wp\/v2\/posts\/21370","targetHints":{"allow":["GET"]}}],"collection":[{"href":"https:\/\/www.lasrosas.com.ar\/portal\/wp-json\/wp\/v2\/posts"}],"about":[{"href":"https:\/\/www.lasrosas.com.ar\/portal\/wp-json\/wp\/v2\/types\/post"}],"author":[{"embeddable":true,"href":"https:\/\/www.lasrosas.com.ar\/portal\/wp-json\/wp\/v2\/users\/6"}],"replies":[{"embeddable":true,"href":"https:\/\/www.lasrosas.com.ar\/portal\/wp-json\/wp\/v2\/comments?post=21370"}],"version-history":[{"count":0,"href":"https:\/\/www.lasrosas.com.ar\/portal\/wp-json\/wp\/v2\/posts\/21370\/revisions"}],"wp:featuredmedia":[{"embeddable":true,"href":"https:\/\/www.lasrosas.com.ar\/portal\/wp-json\/wp\/v2\/media\/21383"}],"wp:attachment":[{"href":"https:\/\/www.lasrosas.com.ar\/portal\/wp-json\/wp\/v2\/media?parent=21370"}],"wp:term":[{"taxonomy":"category","embeddable":true,"href":"https:\/\/www.lasrosas.com.ar\/portal\/wp-json\/wp\/v2\/categories?post=21370"},{"taxonomy":"post_tag","embeddable":true,"href":"https:\/\/www.lasrosas.com.ar\/portal\/wp-json\/wp\/v2\/tags?post=21370"}],"curies":[{"name":"wp","href":"https:\/\/api.w.org\/{rel}","templated":true}]}}