{"id":2102,"date":"2017-12-28T15:52:01","date_gmt":"2017-12-28T18:52:01","guid":{"rendered":"https:\/\/www.lasrosas.com.ar\/portal\/?p=2102"},"modified":"2018-01-12T10:30:29","modified_gmt":"2018-01-12T13:30:29","slug":"casa-aranzazu","status":"publish","type":"post","link":"https:\/\/www.lasrosas.com.ar\/portal\/casa-aranzazu\/","title":{"rendered":"CASA ARANZAZU"},"content":{"rendered":"<p>Fotos: Federico Kulekdjian.<br \/>\nProyecto: Estudio Beson\u00edas Almeida,\u00a0Tortuguitas, Buenos Aires.<\/p>\n<h3><strong>Casa Aranzazu<\/strong> es un proyecto que surge en un espacio con una importante forestaci\u00f3n de diferentes especies de \u00e1rboles y arbustos que le dan un valor paisaj\u00edstico incalculable.<\/h3>\n<p><img decoding=\"async\" class=\"alignnone wp-image-2111 lazyload\" data-src=\"https:\/\/www.lasrosas.com.ar\/portal\/wp-content\/uploads\/No-254-Foto-4-960x540.jpg\" alt=\"\" width=\"750\" height=\"422\" src=\"data:image\/svg+xml;base64,PHN2ZyB3aWR0aD0iMSIgaGVpZ2h0PSIxIiB4bWxucz0iaHR0cDovL3d3dy53My5vcmcvMjAwMC9zdmciPjwvc3ZnPg==\" style=\"--smush-placeholder-width: 750px; --smush-placeholder-aspect-ratio: 750\/422;\" \/><\/p>\n<p>\u201c\u2026Interesados por el entorno paisaj\u00edstico, decidimos que el proyecto no s\u00f3lo deb\u00eda preservar los \u00e1rboles existentes en el lote, sino que ser\u00eda esa vegetaci\u00f3n el primero y fundamental dato de inicio del proyecto\u2026\u201d<\/p>\n<p><img decoding=\"async\" class=\"alignnone wp-image-2106 lazyload\" data-src=\"https:\/\/www.lasrosas.com.ar\/portal\/wp-content\/uploads\/No-254-Foto-5-960x540.jpg\" alt=\"\" width=\"750\" height=\"422\" src=\"data:image\/svg+xml;base64,PHN2ZyB3aWR0aD0iMSIgaGVpZ2h0PSIxIiB4bWxucz0iaHR0cDovL3d3dy53My5vcmcvMjAwMC9zdmciPjwvc3ZnPg==\" style=\"--smush-placeholder-width: 750px; --smush-placeholder-aspect-ratio: 750\/422;\" \/><\/p>\n<p>\u201c\u2026Pensamos entonces que la casa deb\u00eda desarrollarse acomod\u00e1ndose en los huecos libres que dejaban los \u00e1rboles y envolvi\u00e9ndolos para hacerlos parte de los espacios propuestos\u2026\u201d<\/p>\n<p><img decoding=\"async\" class=\"alignnone wp-image-2114 lazyload\" data-src=\"https:\/\/www.lasrosas.com.ar\/portal\/wp-content\/uploads\/No-254-Foto-20-960x540.jpg\" alt=\"\" width=\"750\" height=\"422\" src=\"data:image\/svg+xml;base64,PHN2ZyB3aWR0aD0iMSIgaGVpZ2h0PSIxIiB4bWxucz0iaHR0cDovL3d3dy53My5vcmcvMjAwMC9zdmciPjwvc3ZnPg==\" style=\"--smush-placeholder-width: 750px; --smush-placeholder-aspect-ratio: 750\/422;\" \/><\/p>\n<p>\u201c\u2026Decidimos que la planta baja de la vivienda, y su prolongaci\u00f3n en los espacios semicubiertos, se resolvieran con tabiques de hormig\u00f3n visto hacia el espacio p\u00fablico. Estos forman un z\u00f3calo continuo que se perfora m\u00e1s o menos seg\u00fan las necesidades de los ambientes que define<br \/>\ny sobre el que se apoya una estructura m\u00e1s liviana de perfiles met\u00e1licos y paneles con m\u00ednimas aberturas hacia las calles y con terminaci\u00f3n exterior de tablas de madera\u2026\u201d<\/p>\n<p><img decoding=\"async\" class=\"alignnone wp-image-2105 lazyload\" data-src=\"https:\/\/www.lasrosas.com.ar\/portal\/wp-content\/uploads\/No-254-Foto-6-960x540.jpg\" alt=\"\" width=\"750\" height=\"422\" data-srcset=\"https:\/\/www.lasrosas.com.ar\/portal\/wp-content\/uploads\/No-254-Foto-6-960x540.jpg 960w, https:\/\/www.lasrosas.com.ar\/portal\/wp-content\/uploads\/No-254-Foto-6-1536x864.jpg 1536w, https:\/\/www.lasrosas.com.ar\/portal\/wp-content\/uploads\/No-254-Foto-6.jpg 1920w\" data-sizes=\"(max-width: 750px) 100vw, 750px\" src=\"data:image\/svg+xml;base64,PHN2ZyB3aWR0aD0iMSIgaGVpZ2h0PSIxIiB4bWxucz0iaHR0cDovL3d3dy53My5vcmcvMjAwMC9zdmciPjwvc3ZnPg==\" style=\"--smush-placeholder-width: 750px; --smush-placeholder-aspect-ratio: 750\/422;\" \/><\/p>\n<p>\u201c\u2026Por el contrario, hacia el interior y envolviendo los robles, la casa es totalmente abierta, de manera que cada ambiente participa del ambiente contiguo y del paisaje\u2026\u201d<\/p>\n<p><img decoding=\"async\" class=\"alignnone wp-image-2116 lazyload\" data-src=\"https:\/\/www.lasrosas.com.ar\/portal\/wp-content\/uploads\/No-254-Foto-9-960x540.jpg\" alt=\"\" width=\"750\" height=\"422\" src=\"data:image\/svg+xml;base64,PHN2ZyB3aWR0aD0iMSIgaGVpZ2h0PSIxIiB4bWxucz0iaHR0cDovL3d3dy53My5vcmcvMjAwMC9zdmciPjwvc3ZnPg==\" style=\"--smush-placeholder-width: 750px; --smush-placeholder-aspect-ratio: 750\/422;\" \/><\/p>\n<p>Arquitectos: Mar\u00eda Victoria Beson\u00edas, Guillermo de Almeida<br \/>\nUbicaci\u00f3n: Tortuguitas, Buenos Aires.<br \/>\nColaboradores: Arqs. Micaela Salibe, Diorella Fortunati, Guido Galluppo.<br \/>\n\u00c1rea: 264 m2<br \/>\nA\u00f1o Proyecto: 2017<\/p>\n<p><img decoding=\"async\" class=\"alignnone wp-image-2120 lazyload\" data-src=\"https:\/\/www.lasrosas.com.ar\/portal\/wp-content\/uploads\/No-254-Foto-19-960x540.jpg\" alt=\"\" width=\"750\" height=\"422\" src=\"data:image\/svg+xml;base64,PHN2ZyB3aWR0aD0iMSIgaGVpZ2h0PSIxIiB4bWxucz0iaHR0cDovL3d3dy53My5vcmcvMjAwMC9zdmciPjwvc3ZnPg==\" style=\"--smush-placeholder-width: 750px; --smush-placeholder-aspect-ratio: 750\/422;\" \/><\/p>\n<p>&nbsp;<\/p>\n<p>&nbsp;<\/p>\n<!-- AddThis Advanced Settings generic via filter on the_content --><!-- AddThis Share Buttons generic via filter on the_content -->","protected":false},"excerpt":{"rendered":"<p>Fotos: Federico Kulekdjian. Proyecto: Estudio Beson\u00edas Almeida,\u00a0Tortuguitas, Buenos Aires. Casa Aranzazu es un proyecto que surge en un espacio con una importante forestaci\u00f3n de diferentes especies de \u00e1rboles y arbustos que le dan un valor paisaj\u00edstico incalculable. \u201c\u2026Interesados por el entorno paisaj\u00edstico, decidimos que el proyecto no s\u00f3lo deb\u00eda preservar los \u00e1rboles existentes en el [&hellip;]<!-- AddThis Advanced Settings generic via filter on get_the_excerpt --><!-- AddThis Share Buttons generic via filter on get_the_excerpt --><\/p>\n","protected":false},"author":6,"featured_media":2103,"comment_status":"closed","ping_status":"open","sticky":false,"template":"","format":"standard","meta":{"_acf_changed":false,"om_disable_all_campaigns":false,"_monsterinsights_skip_tracking":false,"_monsterinsights_sitenote_active":false,"_monsterinsights_sitenote_note":"","_monsterinsights_sitenote_category":0,"_uf_show_specific_survey":0,"_uf_disable_surveys":false,"footnotes":""},"categories":[31],"tags":[79,110,108,126],"class_list":["post-2102","post","type-post","status-publish","format-standard","has-post-thumbnail","hentry","category-arquitectura-decoracion","tag-arquitectura","tag-arte","tag-artista","tag-inspiracion"],"acf":[],"aioseo_notices":[],"_links":{"self":[{"href":"https:\/\/www.lasrosas.com.ar\/portal\/wp-json\/wp\/v2\/posts\/2102","targetHints":{"allow":["GET"]}}],"collection":[{"href":"https:\/\/www.lasrosas.com.ar\/portal\/wp-json\/wp\/v2\/posts"}],"about":[{"href":"https:\/\/www.lasrosas.com.ar\/portal\/wp-json\/wp\/v2\/types\/post"}],"author":[{"embeddable":true,"href":"https:\/\/www.lasrosas.com.ar\/portal\/wp-json\/wp\/v2\/users\/6"}],"replies":[{"embeddable":true,"href":"https:\/\/www.lasrosas.com.ar\/portal\/wp-json\/wp\/v2\/comments?post=2102"}],"version-history":[{"count":0,"href":"https:\/\/www.lasrosas.com.ar\/portal\/wp-json\/wp\/v2\/posts\/2102\/revisions"}],"wp:featuredmedia":[{"embeddable":true,"href":"https:\/\/www.lasrosas.com.ar\/portal\/wp-json\/wp\/v2\/media\/2103"}],"wp:attachment":[{"href":"https:\/\/www.lasrosas.com.ar\/portal\/wp-json\/wp\/v2\/media?parent=2102"}],"wp:term":[{"taxonomy":"category","embeddable":true,"href":"https:\/\/www.lasrosas.com.ar\/portal\/wp-json\/wp\/v2\/categories?post=2102"},{"taxonomy":"post_tag","embeddable":true,"href":"https:\/\/www.lasrosas.com.ar\/portal\/wp-json\/wp\/v2\/tags?post=2102"}],"curies":[{"name":"wp","href":"https:\/\/api.w.org\/{rel}","templated":true}]}}