{"id":20996,"date":"2019-11-07T16:12:29","date_gmt":"2019-11-07T19:12:29","guid":{"rendered":"https:\/\/www.lasrosas.com.ar\/portal\/?p=20996"},"modified":"2019-11-15T12:39:25","modified_gmt":"2019-11-15T15:39:25","slug":"verano-a-puro-color","status":"publish","type":"post","link":"https:\/\/www.lasrosas.com.ar\/portal\/verano-a-puro-color\/","title":{"rendered":"VERANO A PURO COLOR"},"content":{"rendered":"<p>POR: Fernanda Tavarone- @fer.tavarone<\/p>\n<p><strong>Los d\u00edas de calor ya se est\u00e1n haciendo presentes con estas temperaturas cada vez m\u00e1s templadas y con el ambiente que se ti\u00f1e de agradables aromas y luminosidad. Si algo tendr\u00e1\u00a0 \u00a0de particular esta nueva temporada primavera verano es que viene con una gran variedad de colores y tonalidades en todo lo que tiene que ver con accesorios e indumentaria.<\/strong><\/p>\n<p>Como en temporadas anteriores, los tonos amarillos, naranjas y colorados hoy no pueden faltar, pero este a\u00f1o, se les suman tonos m\u00e1s vibrantes como fucsia, lima, y violeta en sus diferentes gamas, en especial, el color lila que ser\u00e1 otros de los must have. Por otra parte, qu\u00e9dense tranquilas que los tonos metalizados que ya ven\u00edan siendo furor seguir\u00e1n estando vigentes en este verano 2020 que ya se aproxima.<\/p>\n<p><img decoding=\"async\" class=\"alignnone size-medium wp-image-20998 lazyload\" data-src=\"https:\/\/www.lasrosas.com.ar\/portal\/wp-content\/uploads\/amarillo-960x960.jpg\" alt=\"\" width=\"960\" height=\"960\" data-srcset=\"https:\/\/www.lasrosas.com.ar\/portal\/wp-content\/uploads\/amarillo-960x960.jpg 960w, https:\/\/www.lasrosas.com.ar\/portal\/wp-content\/uploads\/amarillo.jpg 1200w\" data-sizes=\"(max-width: 960px) 100vw, 960px\" src=\"data:image\/svg+xml;base64,PHN2ZyB3aWR0aD0iMSIgaGVpZ2h0PSIxIiB4bWxucz0iaHR0cDovL3d3dy53My5vcmcvMjAwMC9zdmciPjwvc3ZnPg==\" style=\"--smush-placeholder-width: 960px; --smush-placeholder-aspect-ratio: 960\/960;\" \/><\/p>\n<p>Adem\u00e1s, podremos ver muchos juegos de colores vibrantes en las diferentes prendas; no solo de manera individual, sino tambi\u00e9n combinados con los diferentes estampados, ya sean floreados o rayados. Otros colores y tonos que fueron y hoy seguir\u00e1n siendo tendencia son los pasteles. Se convertir\u00e1n en los infaltables de los outfits del verano, ya sea en un estilo casual y fresco como as\u00ed tambi\u00e9n, en uno m\u00e1s serio y formal. Ellos nos aportaran la femineidad buscada, se podr\u00e1n lucir tanto de d\u00eda como de noche ya que logran aportar distinci\u00f3n y\u00a0 elegancia al look \u00a0total.<\/p>\n<p>Y por \u00faltimo, si hablamos de los tonos ideales para elegir y utilizar a la noche no podr\u00e1n dejar de faltar\u00a0 los \u00a0cl\u00e1sicos colores blanco y el negro, \u00a0pero ahora \u00a0con el agregado de \u00a0brillos y \u00a0tonos metalizados, que en esta temporada estar\u00e1n muy \u00a0presentes. En conclusi\u00f3n podemos decir que \u00a0las tendencias que se impondr\u00e1n, se caracterizar\u00e1n por ayudarnos a reciclar aquella vestimenta o accesorios \u00a0que quiz\u00e1s ten\u00edamos guardada o sin uso. Ya saben cu\u00e1les colores y tonos\u00a0 ser\u00e1n m\u00e1s usados y qu\u00e9 podr\u00e1n lucir todos los d\u00edas en\u00a0 este pr\u00f3ximo verano.<\/p>\n\r\n\t\t<style type='text\/css'>\r\n\t\t\t#gallery-1 {\r\n\t\t\t\tmargin: auto;\r\n\t\t\t}\r\n\t\t\t#gallery-1 .gallery-item {\r\n\t\t\t\tfloat: left;\r\n\t\t\t\tmargin-top: 10px;\r\n\t\t\t\ttext-align: center;\r\n\t\t\t\twidth: 25%;\r\n\t\t\t}\r\n\t\t\t#gallery-1 img {\r\n\t\t\t\tborder: 2px solid #cfcfcf;\r\n\t\t\t}\r\n\t\t\t#gallery-1 .gallery-caption {\r\n\t\t\t\tmargin-left: 0;\r\n\t\t\t}\r\n\t\t<\/style>\r\n\t\t<!-- see gallery_shortcode() in wp-includes\/media.php -->\n\t\t<div id='gallery-1' class='gallery galleryid-20996 gallery-columns-4 gallery-size-medium gallery1'><script type=\"text\/javascript\">\r\n\/\/ <![CDATA[\r\n\tjQuery(document).ready(function () {\r\n\t\tjQuery(\".gallery1 a\").attr(\"rel\",\"gallery1\");\t\r\n\t\tjQuery('a[rel=\"gallery1\"]').colorbox({maxWidth:\"95%\", maxHeight:\"95%\",title: function(){ return jQuery(this).children().attr(\"alt\"); }, });\r\n\t});\r\n\/\/ ]]>\r\n<\/script>\n<dl class=\"gallery-item\">\n<dt class=\"gallery-icon\">\r\n<a href=\"https:\/\/www.lasrosas.com.ar\/portal\/wp-content\/uploads\/dsfsdf.jpg\" title=\"\" rel=\"gallery1\"><img decoding=\"async\" data-src=\"https:\/\/www.lasrosas.com.ar\/portal\/wp-content\/uploads\/dsfsdf-960x540.jpg\" width=\"960\" height=\"540\" alt=\"\" src=\"data:image\/svg+xml;base64,PHN2ZyB3aWR0aD0iMSIgaGVpZ2h0PSIxIiB4bWxucz0iaHR0cDovL3d3dy53My5vcmcvMjAwMC9zdmciPjwvc3ZnPg==\" class=\"lazyload\" style=\"--smush-placeholder-width: 960px; --smush-placeholder-aspect-ratio: 960\/540;\" \/><\/a>\r\n<\/dt><\/dl><dl class=\"gallery-item\">\n<dt class=\"gallery-icon\">\r\n<a href=\"https:\/\/www.lasrosas.com.ar\/portal\/wp-content\/uploads\/tonos-rosas-Colores-de-moda-verano-2020-Argentina-1024x576.jpg\" title=\"\" rel=\"gallery1\"><img decoding=\"async\" data-src=\"https:\/\/www.lasrosas.com.ar\/portal\/wp-content\/uploads\/tonos-rosas-Colores-de-moda-verano-2020-Argentina-1024x576-960x540.jpg\" width=\"960\" height=\"540\" alt=\"\" src=\"data:image\/svg+xml;base64,PHN2ZyB3aWR0aD0iMSIgaGVpZ2h0PSIxIiB4bWxucz0iaHR0cDovL3d3dy53My5vcmcvMjAwMC9zdmciPjwvc3ZnPg==\" class=\"lazyload\" style=\"--smush-placeholder-width: 960px; --smush-placeholder-aspect-ratio: 960\/540;\" \/><\/a>\r\n<\/dt><\/dl><dl class=\"gallery-item\">\n<dt class=\"gallery-icon\">\r\n<a href=\"https:\/\/www.lasrosas.com.ar\/portal\/wp-content\/uploads\/Rojo-y-azules-Colores-de-moda-verano-2020-Argentina-1024x576.jpg\" title=\"\" rel=\"gallery1\"><img decoding=\"async\" data-src=\"https:\/\/www.lasrosas.com.ar\/portal\/wp-content\/uploads\/Rojo-y-azules-Colores-de-moda-verano-2020-Argentina-1024x576-960x540.jpg\" width=\"960\" height=\"540\" alt=\"\" src=\"data:image\/svg+xml;base64,PHN2ZyB3aWR0aD0iMSIgaGVpZ2h0PSIxIiB4bWxucz0iaHR0cDovL3d3dy53My5vcmcvMjAwMC9zdmciPjwvc3ZnPg==\" class=\"lazyload\" style=\"--smush-placeholder-width: 960px; --smush-placeholder-aspect-ratio: 960\/540;\" \/><\/a>\r\n<\/dt><\/dl>\r\n\t\t\t<br style='clear: both' \/>\r\n\t\t<\/div>\n\n<!-- AddThis Advanced Settings generic via filter on the_content --><!-- AddThis Share Buttons generic via filter on the_content -->","protected":false},"excerpt":{"rendered":"<p>POR: Fernanda Tavarone- @fer.tavarone Los d\u00edas de calor ya se est\u00e1n haciendo presentes con estas temperaturas cada vez m\u00e1s templadas y con el ambiente que se ti\u00f1e de agradables aromas y luminosidad. Si algo tendr\u00e1\u00a0 \u00a0de particular esta nueva temporada primavera verano es que viene con una gran variedad de colores y tonalidades en todo [&hellip;]<!-- AddThis Advanced Settings generic via filter on get_the_excerpt --><!-- AddThis Share Buttons generic via filter on get_the_excerpt --><\/p>\n","protected":false},"author":6,"featured_media":21000,"comment_status":"closed","ping_status":"open","sticky":false,"template":"","format":"standard","meta":{"_acf_changed":false,"om_disable_all_campaigns":false,"_monsterinsights_skip_tracking":false,"_monsterinsights_sitenote_active":false,"_monsterinsights_sitenote_note":"","_monsterinsights_sitenote_category":0,"_uf_show_specific_survey":0,"_uf_disable_surveys":false,"footnotes":""},"categories":[100,30],"tags":[],"class_list":["post-20996","post","type-post","status-publish","format-standard","has-post-thumbnail","hentry","category-noticias","category-moda"],"acf":[],"aioseo_notices":[],"_links":{"self":[{"href":"https:\/\/www.lasrosas.com.ar\/portal\/wp-json\/wp\/v2\/posts\/20996","targetHints":{"allow":["GET"]}}],"collection":[{"href":"https:\/\/www.lasrosas.com.ar\/portal\/wp-json\/wp\/v2\/posts"}],"about":[{"href":"https:\/\/www.lasrosas.com.ar\/portal\/wp-json\/wp\/v2\/types\/post"}],"author":[{"embeddable":true,"href":"https:\/\/www.lasrosas.com.ar\/portal\/wp-json\/wp\/v2\/users\/6"}],"replies":[{"embeddable":true,"href":"https:\/\/www.lasrosas.com.ar\/portal\/wp-json\/wp\/v2\/comments?post=20996"}],"version-history":[{"count":0,"href":"https:\/\/www.lasrosas.com.ar\/portal\/wp-json\/wp\/v2\/posts\/20996\/revisions"}],"wp:featuredmedia":[{"embeddable":true,"href":"https:\/\/www.lasrosas.com.ar\/portal\/wp-json\/wp\/v2\/media\/21000"}],"wp:attachment":[{"href":"https:\/\/www.lasrosas.com.ar\/portal\/wp-json\/wp\/v2\/media?parent=20996"}],"wp:term":[{"taxonomy":"category","embeddable":true,"href":"https:\/\/www.lasrosas.com.ar\/portal\/wp-json\/wp\/v2\/categories?post=20996"},{"taxonomy":"post_tag","embeddable":true,"href":"https:\/\/www.lasrosas.com.ar\/portal\/wp-json\/wp\/v2\/tags?post=20996"}],"curies":[{"name":"wp","href":"https:\/\/api.w.org\/{rel}","templated":true}]}}