{"id":20972,"date":"2019-11-06T16:59:32","date_gmt":"2019-11-06T19:59:32","guid":{"rendered":"https:\/\/www.lasrosas.com.ar\/portal\/?p=20972"},"modified":"2019-11-15T12:39:29","modified_gmt":"2019-11-15T15:39:29","slug":"10-anos-de-go-broadway","status":"publish","type":"post","link":"https:\/\/www.lasrosas.com.ar\/portal\/10-anos-de-go-broadway\/","title":{"rendered":"10 A\u00d1OS DE GO BROADWAY"},"content":{"rendered":"<p><em><strong>Se celebraron los 10 a\u00f1os de GO Broadway en el Gorriti art Center. Estuvieron presentes artistas como;\u00a0Julieta Nair calvo, Flor Otero, Karina, Facundo Mazzei, Vida Spinetta, German Tripel, Carmela Barsamian, Fer Dente, Andy Clar y Cris Morena\u00a0<\/strong><\/em><\/p>\n<p style=\"background: white;\"><span style=\"font-size: 11.0pt; font-family: 'Calibri','sans-serif'; color: black;\">A cargo de la direcci\u00f3n de Valentina Berger, GO Broadway es una propuesta de formaci\u00f3n Argentina con base en NYC que fue creada para perfeccionarse en teatro, danza y canto.\u00a0 La oportunidad para cumplir el sue\u00f1o de capacitarse y recorrer la gran manzana lleg\u00f3 a Argentina. \u00ab<\/span><span style=\"font-size: 11.0pt; font-family: 'Calibri','sans-serif'; color: black;\">Fue incre\u00edble finalmente unir a todos los GO Broadway Grads en un mismo lugar. El evento se realiz\u00f3 en un clima muy familiar, de mucho amor\u201d- coment\u00f3 Valentina en los 10 a\u00f1os de proyecto. La novedad de la noche, fue el anuncio que la academia en 2020, ampliar\u00e1 sus metas y pretende abrir nuevos programas de estudios en Londres, Madrid , Miami y Disney.\u00a0<\/span><\/p>\n<p style=\"background: white; margin: 0cm 0cm 10.0pt 0cm;\"><span style=\"font-size: 11.0pt; font-family: 'Calibri','sans-serif'; color: black;\">Los encargados de conducir el evento, fueron Fer Dente y Andy Clar, ambos han generado muchos proyectos con GO Broadway en la ultima d\u00e9cada. El pianista Pablo Citarella fue convocado por GO Broadway para acompa\u00f1ar a los GO Broadway Grads en un open mic. Otros de los artistas que subieron al escenario fueron; Carmela Barsamian, Albertina Ferrucci, Bruno Coccia, Azul Fernandez, Facundo Mazzei, Judith Cabral, Lujan Blaksley, Mica Pierani Mendez, Valu Zapata, Patrissia Lorca y Anahi Core.\u00a0<\/span><\/p>\n\r\n\t\t<style type='text\/css'>\r\n\t\t\t#gallery-1 {\r\n\t\t\t\tmargin: auto;\r\n\t\t\t}\r\n\t\t\t#gallery-1 .gallery-item {\r\n\t\t\t\tfloat: left;\r\n\t\t\t\tmargin-top: 10px;\r\n\t\t\t\ttext-align: center;\r\n\t\t\t\twidth: 50%;\r\n\t\t\t}\r\n\t\t\t#gallery-1 img {\r\n\t\t\t\tborder: 2px solid #cfcfcf;\r\n\t\t\t}\r\n\t\t\t#gallery-1 .gallery-caption {\r\n\t\t\t\tmargin-left: 0;\r\n\t\t\t}\r\n\t\t<\/style>\r\n\t\t<!-- see gallery_shortcode() in wp-includes\/media.php -->\n\t\t<div id='gallery-1' class='gallery galleryid-20972 gallery-columns-2 gallery-size-medium gallery1'><script type=\"text\/javascript\">\r\n\/\/ <![CDATA[\r\n\tjQuery(document).ready(function () {\r\n\t\tjQuery(\".gallery1 a\").attr(\"rel\",\"gallery1\");\t\r\n\t\tjQuery('a[rel=\"gallery1\"]').colorbox({maxWidth:\"95%\", maxHeight:\"95%\",title: function(){ return jQuery(this).children().attr(\"alt\"); }, });\r\n\t});\r\n\/\/ ]]>\r\n<\/script>\n<dl class=\"gallery-item\">\n<dt class=\"gallery-icon\">\r\n<a href=\"https:\/\/www.lasrosas.com.ar\/portal\/wp-content\/uploads\/4-22.jpg\" title=\"\" rel=\"gallery1\"><img decoding=\"async\" data-src=\"https:\/\/www.lasrosas.com.ar\/portal\/wp-content\/uploads\/4-22-640x960.jpg\" width=\"640\" height=\"960\" alt=\"\" src=\"data:image\/svg+xml;base64,PHN2ZyB3aWR0aD0iMSIgaGVpZ2h0PSIxIiB4bWxucz0iaHR0cDovL3d3dy53My5vcmcvMjAwMC9zdmciPjwvc3ZnPg==\" class=\"lazyload\" style=\"--smush-placeholder-width: 640px; --smush-placeholder-aspect-ratio: 640\/960;\" \/><\/a>\r\n<\/dt><\/dl><dl class=\"gallery-item\">\n<dt class=\"gallery-icon\">\r\n<a href=\"https:\/\/www.lasrosas.com.ar\/portal\/wp-content\/uploads\/38-1280x1920.jpg\" title=\"\" rel=\"gallery1\"><img decoding=\"async\" data-src=\"https:\/\/www.lasrosas.com.ar\/portal\/wp-content\/uploads\/38-640x960.jpg\" width=\"640\" height=\"960\" alt=\"\" src=\"data:image\/svg+xml;base64,PHN2ZyB3aWR0aD0iMSIgaGVpZ2h0PSIxIiB4bWxucz0iaHR0cDovL3d3dy53My5vcmcvMjAwMC9zdmciPjwvc3ZnPg==\" class=\"lazyload\" style=\"--smush-placeholder-width: 640px; --smush-placeholder-aspect-ratio: 640\/960;\" \/><\/a>\r\n<\/dt><\/dl><br style=\"clear: both\" \/><dl class=\"gallery-item\">\n<dt class=\"gallery-icon\">\r\n<a href=\"https:\/\/www.lasrosas.com.ar\/portal\/wp-content\/uploads\/WhatsApp-Image-2019-11-05-at-13.30.57.jpeg\" title=\"\" rel=\"gallery1\"><img decoding=\"async\" data-src=\"https:\/\/www.lasrosas.com.ar\/portal\/wp-content\/uploads\/WhatsApp-Image-2019-11-05-at-13.30.57-720x960.jpeg\" width=\"720\" height=\"960\" alt=\"\" src=\"data:image\/svg+xml;base64,PHN2ZyB3aWR0aD0iMSIgaGVpZ2h0PSIxIiB4bWxucz0iaHR0cDovL3d3dy53My5vcmcvMjAwMC9zdmciPjwvc3ZnPg==\" class=\"lazyload\" style=\"--smush-placeholder-width: 720px; --smush-placeholder-aspect-ratio: 720\/960;\" \/><\/a>\r\n<\/dt><\/dl><dl class=\"gallery-item\">\n<dt class=\"gallery-icon\">\r\n<a href=\"https:\/\/www.lasrosas.com.ar\/portal\/wp-content\/uploads\/34-1-1280x1920.jpg\" title=\"\" rel=\"gallery1\"><img decoding=\"async\" data-src=\"https:\/\/www.lasrosas.com.ar\/portal\/wp-content\/uploads\/34-1-640x960.jpg\" width=\"640\" height=\"960\" alt=\"\" src=\"data:image\/svg+xml;base64,PHN2ZyB3aWR0aD0iMSIgaGVpZ2h0PSIxIiB4bWxucz0iaHR0cDovL3d3dy53My5vcmcvMjAwMC9zdmciPjwvc3ZnPg==\" class=\"lazyload\" style=\"--smush-placeholder-width: 640px; --smush-placeholder-aspect-ratio: 640\/960;\" \/><\/a>\r\n<\/dt><\/dl><br style=\"clear: both\" \/>\r\n\t\t<\/div>\n\n<!-- AddThis Advanced Settings generic via filter on the_content --><!-- AddThis Share Buttons generic via filter on the_content -->","protected":false},"excerpt":{"rendered":"<p>Se celebraron los 10 a\u00f1os de GO Broadway en el Gorriti art Center. Estuvieron presentes artistas como;\u00a0Julieta Nair calvo, Flor Otero, Karina, Facundo Mazzei, Vida Spinetta, German Tripel, Carmela Barsamian, Fer Dente, Andy Clar y Cris Morena\u00a0 A cargo de la direcci\u00f3n de Valentina Berger, GO Broadway es una propuesta de formaci\u00f3n Argentina con base [&hellip;]<!-- AddThis Advanced Settings generic via filter on get_the_excerpt --><!-- AddThis Share Buttons generic via filter on get_the_excerpt --><\/p>\n","protected":false},"author":6,"featured_media":20978,"comment_status":"closed","ping_status":"open","sticky":false,"template":"","format":"standard","meta":{"_acf_changed":false,"om_disable_all_campaigns":false,"_monsterinsights_skip_tracking":false,"_monsterinsights_sitenote_active":false,"_monsterinsights_sitenote_note":"","_monsterinsights_sitenote_category":0,"_uf_show_specific_survey":0,"_uf_disable_surveys":false,"footnotes":""},"categories":[100,19],"tags":[],"class_list":["post-20972","post","type-post","status-publish","format-standard","has-post-thumbnail","hentry","category-noticias","category-eventos-sociales"],"acf":[],"aioseo_notices":[],"_links":{"self":[{"href":"https:\/\/www.lasrosas.com.ar\/portal\/wp-json\/wp\/v2\/posts\/20972","targetHints":{"allow":["GET"]}}],"collection":[{"href":"https:\/\/www.lasrosas.com.ar\/portal\/wp-json\/wp\/v2\/posts"}],"about":[{"href":"https:\/\/www.lasrosas.com.ar\/portal\/wp-json\/wp\/v2\/types\/post"}],"author":[{"embeddable":true,"href":"https:\/\/www.lasrosas.com.ar\/portal\/wp-json\/wp\/v2\/users\/6"}],"replies":[{"embeddable":true,"href":"https:\/\/www.lasrosas.com.ar\/portal\/wp-json\/wp\/v2\/comments?post=20972"}],"version-history":[{"count":0,"href":"https:\/\/www.lasrosas.com.ar\/portal\/wp-json\/wp\/v2\/posts\/20972\/revisions"}],"wp:featuredmedia":[{"embeddable":true,"href":"https:\/\/www.lasrosas.com.ar\/portal\/wp-json\/wp\/v2\/media\/20978"}],"wp:attachment":[{"href":"https:\/\/www.lasrosas.com.ar\/portal\/wp-json\/wp\/v2\/media?parent=20972"}],"wp:term":[{"taxonomy":"category","embeddable":true,"href":"https:\/\/www.lasrosas.com.ar\/portal\/wp-json\/wp\/v2\/categories?post=20972"},{"taxonomy":"post_tag","embeddable":true,"href":"https:\/\/www.lasrosas.com.ar\/portal\/wp-json\/wp\/v2\/tags?post=20972"}],"curies":[{"name":"wp","href":"https:\/\/api.w.org\/{rel}","templated":true}]}}