{"id":20916,"date":"2019-11-05T17:29:22","date_gmt":"2019-11-05T20:29:22","guid":{"rendered":"https:\/\/www.lasrosas.com.ar\/portal\/?p=20916"},"modified":"2019-11-15T12:39:48","modified_gmt":"2019-11-15T15:39:48","slug":"the-morning-show-la-serie-de-jennifer-aniston","status":"publish","type":"post","link":"https:\/\/www.lasrosas.com.ar\/portal\/the-morning-show-la-serie-de-jennifer-aniston\/","title":{"rendered":"THE MORNING SHOW \u00abLA SERIE DE JENNIFER ANISTON\u00bb"},"content":{"rendered":"<p><em><strong>Este Martes 05 de Noviembre sali\u00f3 el trailer oficial del nuevo film de Apple+ , protagonizada por la actriz reconocida de \u00abfriends\u00bb.<\/strong><\/em><\/p>\n<p>Colmada de cr\u00edticas, la serie cuenta la historia que hay detr\u00e1s de un noticiero matutino\u00a0cuyo presentador principal es acusado de agresi\u00f3n sexual,\u00a0(interpretado por Carell). El protagonista es despedido y deja a su compa\u00f1era de toda la vida,\u00a0Alex Levy (quien interpreta Jennifer Aniston), en una lucha por intentar recomponer las piezas del programa.\u00a0 Como una oportunidad para tratar temas que son de gran importancia en Estados Unidos y el mundo, la tira busca visualizar temas como el movimiento #MeToo y la pol\u00edtica de g\u00e9nero en \u00e1mbitos laborales.<\/p>\n<p><iframe title=\"The Morning Show \u2014 Official Teaser Trailer | Apple TV+\" width=\"500\" height=\"281\" data-src=\"https:\/\/www.youtube.com\/embed\/BeXtt2X6nDk?feature=oembed\" frameborder=\"0\" allow=\"accelerometer; autoplay; clipboard-write; encrypted-media; gyroscope; picture-in-picture; web-share\" referrerpolicy=\"strict-origin-when-cross-origin\" allowfullscreen src=\"data:image\/svg+xml;base64,PHN2ZyB3aWR0aD0iMSIgaGVpZ2h0PSIxIiB4bWxucz0iaHR0cDovL3d3dy53My5vcmcvMjAwMC9zdmciPjwvc3ZnPg==\" class=\"lazyload\" data-load-mode=\"1\"><\/iframe><\/p>\n<!-- AddThis Advanced Settings generic via filter on the_content --><!-- AddThis Share Buttons generic via filter on the_content -->","protected":false},"excerpt":{"rendered":"<p>Este Martes 05 de Noviembre sali\u00f3 el trailer oficial del nuevo film de Apple+ , protagonizada por la actriz reconocida de \u00abfriends\u00bb. Colmada de cr\u00edticas, la serie cuenta la historia que hay detr\u00e1s de un noticiero matutino\u00a0cuyo presentador principal es acusado de agresi\u00f3n sexual,\u00a0(interpretado por Carell). El protagonista es despedido y deja a su compa\u00f1era [&hellip;]<!-- AddThis Advanced Settings generic via filter on get_the_excerpt --><!-- AddThis Share Buttons generic via filter on get_the_excerpt --><\/p>\n","protected":false},"author":6,"featured_media":20917,"comment_status":"closed","ping_status":"open","sticky":false,"template":"","format":"standard","meta":{"_acf_changed":false,"om_disable_all_campaigns":false,"_monsterinsights_skip_tracking":false,"_monsterinsights_sitenote_active":false,"_monsterinsights_sitenote_note":"","_monsterinsights_sitenote_category":0,"_uf_show_specific_survey":0,"_uf_disable_surveys":false,"footnotes":""},"categories":[100],"tags":[],"class_list":["post-20916","post","type-post","status-publish","format-standard","has-post-thumbnail","hentry","category-noticias"],"acf":[],"aioseo_notices":[],"_links":{"self":[{"href":"https:\/\/www.lasrosas.com.ar\/portal\/wp-json\/wp\/v2\/posts\/20916","targetHints":{"allow":["GET"]}}],"collection":[{"href":"https:\/\/www.lasrosas.com.ar\/portal\/wp-json\/wp\/v2\/posts"}],"about":[{"href":"https:\/\/www.lasrosas.com.ar\/portal\/wp-json\/wp\/v2\/types\/post"}],"author":[{"embeddable":true,"href":"https:\/\/www.lasrosas.com.ar\/portal\/wp-json\/wp\/v2\/users\/6"}],"replies":[{"embeddable":true,"href":"https:\/\/www.lasrosas.com.ar\/portal\/wp-json\/wp\/v2\/comments?post=20916"}],"version-history":[{"count":0,"href":"https:\/\/www.lasrosas.com.ar\/portal\/wp-json\/wp\/v2\/posts\/20916\/revisions"}],"wp:featuredmedia":[{"embeddable":true,"href":"https:\/\/www.lasrosas.com.ar\/portal\/wp-json\/wp\/v2\/media\/20917"}],"wp:attachment":[{"href":"https:\/\/www.lasrosas.com.ar\/portal\/wp-json\/wp\/v2\/media?parent=20916"}],"wp:term":[{"taxonomy":"category","embeddable":true,"href":"https:\/\/www.lasrosas.com.ar\/portal\/wp-json\/wp\/v2\/categories?post=20916"},{"taxonomy":"post_tag","embeddable":true,"href":"https:\/\/www.lasrosas.com.ar\/portal\/wp-json\/wp\/v2\/tags?post=20916"}],"curies":[{"name":"wp","href":"https:\/\/api.w.org\/{rel}","templated":true}]}}