{"id":20494,"date":"2019-10-28T15:20:04","date_gmt":"2019-10-28T18:20:04","guid":{"rendered":"https:\/\/www.lasrosas.com.ar\/portal\/?p=20494"},"modified":"2019-11-15T12:42:07","modified_gmt":"2019-11-15T15:42:07","slug":"tendencias-en-calzado","status":"publish","type":"post","link":"https:\/\/www.lasrosas.com.ar\/portal\/tendencias-en-calzado\/","title":{"rendered":"TENDENCIAS EN CALZADO"},"content":{"rendered":"<p><em><strong>POR: Fernanda Tavarone &#8211; @fer.tavarone <\/strong><\/em><\/p>\n<p><em><strong>Ya empezamos a entrar en la cuenta regresiva para el verano, es por ello que, es muy importante contar con un buen calzado, ya sea para ir a trabajar o a disfrutar de un maravilloso d\u00eda en el mar o la sierra, el calzado es inevitable, por todo ello les pasare a contar cuales son las \u00faltimas tendencias.<\/strong><\/em><\/p>\n<p>Como ya seguro han podido observar en las grandes vidrieras de las tiendas m\u00e1s reconocidas del pa\u00eds , uno de los infaltables ser\u00e1n como \u00a0ocurre cada a\u00f1o ser\u00e1n \u00a0las sandalias, lo bueno y distinto con respecto a ellas, es que en esta oportunidad las podr\u00e1n encontrar en una gran variedad de modelos, con altura, sin altura, con lazo sin lazo, con detalles de yute sin detalles de yute en tonos muy veraniegos como los blancos o rosa antiguo \u00a0que ser\u00e1 el hit de esta temporada,\u00a0 sin embargo \u00a0los\u00a0 colorados, amarillos o naranjas tampoco dejar\u00e1n de \u00a0estar presentes, adem\u00e1s contaremos con el agregado de brillos en toda hora, lugar y ocasi\u00f3n, tal es as\u00ed que tanto el dorado como el plateado y los metalizados en general estar\u00e1n m\u00e1s presentes que nunca tanto en sandalias como zapatillas.<\/p>\n<p>Chicas cr\u00e9anme que las zapatillas son un tema aparte ya que seg\u00fan la ocasi\u00f3n tendr\u00e1n a disposici\u00f3n las cl\u00e1sicas, las de vestir o aquellas adecuadas para ir a entrenar o salir al campo o la sierra, por \u00faltimo, encontraremos aquellas con las que logran obtener mayor volumen y tama\u00f1o, as\u00ed \u00a0\u00a0las que se animen, ah\u00ed tienen un modelo ideal para sumar unos cent\u00edmetros m\u00e1s a su altura.<\/p>\n<p>Tambi\u00e9n podremos ver con frecuencia calzado en tonos fl\u00faor, como el fucia, amarillo, o verde lima entre otros, lo que les ayudara a \u00a0conseguir un outfit que quiz\u00e1s quisieran destacar, estos \u00faltimos cabe aclarar, son tonos son muy personales y dif\u00edciles de aplicar al d\u00eda a d\u00eda, pero que existen y est\u00e1n en el mercado para aquellas que se animan a lucir prendas que las ayuden a destacarse ante los dem\u00e1s, lo cual resulta muy bueno porque es una manera de poder marcar su personalidad y gusto a la hora de vestirse para salir. Como siempre recomiendo, sin dejar de lado las tendencias y modas imperantes, usen y utilicen prendas y accesorios que las hagan sentirse c\u00f3modas y a gusto con ustedes mismas ya que siempre deben ser siempre fieles a su estilo y personalidad, eso hablar\u00e1 muy bien de ustedes porque se animan a mostrarse tal y como son, no se olviden que la vestimenta es la primera impresi\u00f3n para con el otro y es la que cuenta.<\/p>\n\r\n\t\t<style type='text\/css'>\r\n\t\t\t#gallery-1 {\r\n\t\t\t\tmargin: auto;\r\n\t\t\t}\r\n\t\t\t#gallery-1 .gallery-item {\r\n\t\t\t\tfloat: left;\r\n\t\t\t\tmargin-top: 10px;\r\n\t\t\t\ttext-align: center;\r\n\t\t\t\twidth: 50%;\r\n\t\t\t}\r\n\t\t\t#gallery-1 img {\r\n\t\t\t\tborder: 2px solid #cfcfcf;\r\n\t\t\t}\r\n\t\t\t#gallery-1 .gallery-caption {\r\n\t\t\t\tmargin-left: 0;\r\n\t\t\t}\r\n\t\t<\/style>\r\n\t\t<!-- see gallery_shortcode() in wp-includes\/media.php -->\n\t\t<div id='gallery-1' class='gallery galleryid-20494 gallery-columns-2 gallery-size-medium gallery1'><script type=\"text\/javascript\">\r\n\/\/ <![CDATA[\r\n\tjQuery(document).ready(function () {\r\n\t\tjQuery(\".gallery1 a\").attr(\"rel\",\"gallery1\");\t\r\n\t\tjQuery('a[rel=\"gallery1\"]').colorbox({maxWidth:\"95%\", maxHeight:\"95%\",title: function(){ return jQuery(this).children().attr(\"alt\"); }, });\r\n\t});\r\n\/\/ ]]>\r\n<\/script>\n<dl class=\"gallery-item\">\n<dt class=\"gallery-icon\">\r\n<a href=\"https:\/\/www.lasrosas.com.ar\/portal\/wp-content\/uploads\/207.jpg\" title=\"\" rel=\"gallery1\"><img decoding=\"async\" data-src=\"https:\/\/www.lasrosas.com.ar\/portal\/wp-content\/uploads\/207-960x720.jpg\" width=\"960\" height=\"720\" alt=\"\" src=\"data:image\/svg+xml;base64,PHN2ZyB3aWR0aD0iMSIgaGVpZ2h0PSIxIiB4bWxucz0iaHR0cDovL3d3dy53My5vcmcvMjAwMC9zdmciPjwvc3ZnPg==\" class=\"lazyload\" style=\"--smush-placeholder-width: 960px; --smush-placeholder-aspect-ratio: 960\/720;\" \/><\/a>\r\n<\/dt><\/dl><dl class=\"gallery-item\">\n<dt class=\"gallery-icon\">\r\n<a href=\"https:\/\/www.lasrosas.com.ar\/portal\/wp-content\/uploads\/sandalias-mujer-chatitas-primavera-verano-2019.jpg\" title=\"\" rel=\"gallery1\"><img decoding=\"async\" data-src=\"https:\/\/www.lasrosas.com.ar\/portal\/wp-content\/uploads\/sandalias-mujer-chatitas-primavera-verano-2019-960x639.jpg\" width=\"960\" height=\"639\" alt=\"\" src=\"data:image\/svg+xml;base64,PHN2ZyB3aWR0aD0iMSIgaGVpZ2h0PSIxIiB4bWxucz0iaHR0cDovL3d3dy53My5vcmcvMjAwMC9zdmciPjwvc3ZnPg==\" class=\"lazyload\" style=\"--smush-placeholder-width: 960px; --smush-placeholder-aspect-ratio: 960\/639;\" \/><\/a>\r\n<\/dt><\/dl><br style=\"clear: both\" \/><dl class=\"gallery-item\">\n<dt class=\"gallery-icon\">\r\n<a href=\"https:\/\/www.lasrosas.com.ar\/portal\/wp-content\/uploads\/146z1660-su0-1_1.jpg\" title=\"\" rel=\"gallery1\"><img decoding=\"async\" data-src=\"https:\/\/www.lasrosas.com.ar\/portal\/wp-content\/uploads\/146z1660-su0-1_1-654x960.jpg\" width=\"654\" height=\"960\" alt=\"\" src=\"data:image\/svg+xml;base64,PHN2ZyB3aWR0aD0iMSIgaGVpZ2h0PSIxIiB4bWxucz0iaHR0cDovL3d3dy53My5vcmcvMjAwMC9zdmciPjwvc3ZnPg==\" class=\"lazyload\" style=\"--smush-placeholder-width: 654px; --smush-placeholder-aspect-ratio: 654\/960;\" \/><\/a>\r\n<\/dt><\/dl><dl class=\"gallery-item\">\n<dt class=\"gallery-icon\">\r\n<a href=\"https:\/\/www.lasrosas.com.ar\/portal\/wp-content\/uploads\/127z1232-rs0-1.jpg\" title=\"\" rel=\"gallery1\"><img decoding=\"async\" data-src=\"https:\/\/www.lasrosas.com.ar\/portal\/wp-content\/uploads\/127z1232-rs0-1-654x960.jpg\" width=\"654\" height=\"960\" alt=\"\" src=\"data:image\/svg+xml;base64,PHN2ZyB3aWR0aD0iMSIgaGVpZ2h0PSIxIiB4bWxucz0iaHR0cDovL3d3dy53My5vcmcvMjAwMC9zdmciPjwvc3ZnPg==\" class=\"lazyload\" style=\"--smush-placeholder-width: 654px; --smush-placeholder-aspect-ratio: 654\/960;\" \/><\/a>\r\n<\/dt><\/dl><br style=\"clear: both\" \/><dl class=\"gallery-item\">\n<dt class=\"gallery-icon\">\r\n<a href=\"https:\/\/www.lasrosas.com.ar\/portal\/wp-content\/uploads\/48413192_381401909070294_2621236575316475904_n1-d89d5d7903c8ba210a15461155425904-1024-1024.jpg\" title=\"\" rel=\"gallery1\"><img decoding=\"async\" data-src=\"https:\/\/www.lasrosas.com.ar\/portal\/wp-content\/uploads\/48413192_381401909070294_2621236575316475904_n1-d89d5d7903c8ba210a15461155425904-1024-1024-960x720.jpg\" width=\"960\" height=\"720\" alt=\"\" src=\"data:image\/svg+xml;base64,PHN2ZyB3aWR0aD0iMSIgaGVpZ2h0PSIxIiB4bWxucz0iaHR0cDovL3d3dy53My5vcmcvMjAwMC9zdmciPjwvc3ZnPg==\" class=\"lazyload\" style=\"--smush-placeholder-width: 960px; --smush-placeholder-aspect-ratio: 960\/720;\" \/><\/a>\r\n<\/dt><\/dl><dl class=\"gallery-item\">\n<dt class=\"gallery-icon\">\r\n<a href=\"https:\/\/www.lasrosas.com.ar\/portal\/wp-content\/uploads\/6b04-v20-gza-njr1-2e5f5e4c7a8c457eb115689951359698-1024-1024.jpg\" title=\"\" rel=\"gallery1\"><img decoding=\"async\" data-src=\"https:\/\/www.lasrosas.com.ar\/portal\/wp-content\/uploads\/6b04-v20-gza-njr1-2e5f5e4c7a8c457eb115689951359698-1024-1024-960x802.jpg\" width=\"960\" height=\"802\" alt=\"\" src=\"data:image\/svg+xml;base64,PHN2ZyB3aWR0aD0iMSIgaGVpZ2h0PSIxIiB4bWxucz0iaHR0cDovL3d3dy53My5vcmcvMjAwMC9zdmciPjwvc3ZnPg==\" class=\"lazyload\" style=\"--smush-placeholder-width: 960px; --smush-placeholder-aspect-ratio: 960\/802;\" \/><\/a>\r\n<\/dt><\/dl><br style=\"clear: both\" \/><dl class=\"gallery-item\">\n<dt class=\"gallery-icon\">\r\n<a href=\"https:\/\/www.lasrosas.com.ar\/portal\/wp-content\/uploads\/146z1527-vs0-1_1.jpg\" title=\"\" rel=\"gallery1\"><img decoding=\"async\" data-src=\"https:\/\/www.lasrosas.com.ar\/portal\/wp-content\/uploads\/146z1527-vs0-1_1-654x960.jpg\" width=\"654\" height=\"960\" alt=\"\" src=\"data:image\/svg+xml;base64,PHN2ZyB3aWR0aD0iMSIgaGVpZ2h0PSIxIiB4bWxucz0iaHR0cDovL3d3dy53My5vcmcvMjAwMC9zdmciPjwvc3ZnPg==\" class=\"lazyload\" style=\"--smush-placeholder-width: 654px; --smush-placeholder-aspect-ratio: 654\/960;\" \/><\/a>\r\n<\/dt><\/dl><dl class=\"gallery-item\">\n<dt class=\"gallery-icon\">\r\n<a href=\"https:\/\/www.lasrosas.com.ar\/portal\/wp-content\/uploads\/nwu0963-1920x1920.jpg\" title=\"\" rel=\"gallery1\"><img decoding=\"async\" data-src=\"https:\/\/www.lasrosas.com.ar\/portal\/wp-content\/uploads\/nwu0963-960x960.jpg\" width=\"960\" height=\"960\" alt=\"\" src=\"data:image\/svg+xml;base64,PHN2ZyB3aWR0aD0iMSIgaGVpZ2h0PSIxIiB4bWxucz0iaHR0cDovL3d3dy53My5vcmcvMjAwMC9zdmciPjwvc3ZnPg==\" class=\"lazyload\" style=\"--smush-placeholder-width: 960px; --smush-placeholder-aspect-ratio: 960\/960;\" \/><\/a>\r\n<\/dt><\/dl><br style=\"clear: both\" \/>\r\n\t\t<\/div>\n\n<!-- AddThis Advanced Settings generic via filter on the_content --><!-- AddThis Share Buttons generic via filter on the_content -->","protected":false},"excerpt":{"rendered":"<p>POR: Fernanda Tavarone &#8211; @fer.tavarone Ya empezamos a entrar en la cuenta regresiva para el verano, es por ello que, es muy importante contar con un buen calzado, ya sea para ir a trabajar o a disfrutar de un maravilloso d\u00eda en el mar o la sierra, el calzado es inevitable, por todo ello les [&hellip;]<!-- AddThis Advanced Settings generic via filter on get_the_excerpt --><!-- AddThis Share Buttons generic via filter on get_the_excerpt --><\/p>\n","protected":false},"author":6,"featured_media":20499,"comment_status":"closed","ping_status":"open","sticky":false,"template":"","format":"standard","meta":{"_acf_changed":false,"om_disable_all_campaigns":false,"_monsterinsights_skip_tracking":false,"_monsterinsights_sitenote_active":false,"_monsterinsights_sitenote_note":"","_monsterinsights_sitenote_category":0,"_uf_show_specific_survey":0,"_uf_disable_surveys":false,"footnotes":""},"categories":[100,30],"tags":[],"class_list":["post-20494","post","type-post","status-publish","format-standard","has-post-thumbnail","hentry","category-noticias","category-moda"],"acf":[],"aioseo_notices":[],"_links":{"self":[{"href":"https:\/\/www.lasrosas.com.ar\/portal\/wp-json\/wp\/v2\/posts\/20494","targetHints":{"allow":["GET"]}}],"collection":[{"href":"https:\/\/www.lasrosas.com.ar\/portal\/wp-json\/wp\/v2\/posts"}],"about":[{"href":"https:\/\/www.lasrosas.com.ar\/portal\/wp-json\/wp\/v2\/types\/post"}],"author":[{"embeddable":true,"href":"https:\/\/www.lasrosas.com.ar\/portal\/wp-json\/wp\/v2\/users\/6"}],"replies":[{"embeddable":true,"href":"https:\/\/www.lasrosas.com.ar\/portal\/wp-json\/wp\/v2\/comments?post=20494"}],"version-history":[{"count":0,"href":"https:\/\/www.lasrosas.com.ar\/portal\/wp-json\/wp\/v2\/posts\/20494\/revisions"}],"wp:featuredmedia":[{"embeddable":true,"href":"https:\/\/www.lasrosas.com.ar\/portal\/wp-json\/wp\/v2\/media\/20499"}],"wp:attachment":[{"href":"https:\/\/www.lasrosas.com.ar\/portal\/wp-json\/wp\/v2\/media?parent=20494"}],"wp:term":[{"taxonomy":"category","embeddable":true,"href":"https:\/\/www.lasrosas.com.ar\/portal\/wp-json\/wp\/v2\/categories?post=20494"},{"taxonomy":"post_tag","embeddable":true,"href":"https:\/\/www.lasrosas.com.ar\/portal\/wp-json\/wp\/v2\/tags?post=20494"}],"curies":[{"name":"wp","href":"https:\/\/api.w.org\/{rel}","templated":true}]}}