{"id":20180,"date":"2019-10-22T16:00:27","date_gmt":"2019-10-22T19:00:27","guid":{"rendered":"https:\/\/www.lasrosas.com.ar\/portal\/?p=20180"},"modified":"2020-02-10T15:31:08","modified_gmt":"2020-02-10T18:31:08","slug":"belen-rodriguez-bellezza-che-ispira","status":"publish","type":"post","link":"https:\/\/www.lasrosas.com.ar\/portal\/belen-rodriguez-bellezza-che-ispira\/","title":{"rendered":"BELEN RODRIGUEZ \u00abBELLEZZA CHE ISPIRA\u00bb"},"content":{"rendered":"<p><strong>De Argentina y sin escalas al mundo, sorprende su calidez, sencillez y autenticidad: es ah\u00ed donde radica su magia. Ella es una triunfadora en la vida y en el trabajo, sus logros son fruto de su esfuerzo y su atractivo natural y sin igual. El \u00e9xito la alcanz\u00f3 en tierras\u00a0<\/strong><strong>Italianas y as\u00ed es como representa la belleza argentina in the world. Musa, modelo, actriz, presentadora y mam\u00e1 definen a Bel\u00e9n Rodr\u00edguez. En esta nota exclusiva con Las\u00a0<\/strong><strong>Rosas nos revela todas las curiosidades de su esencia.<\/strong><\/p>\n\r\n\t\t<style type='text\/css'>\r\n\t\t\t#gallery-1 {\r\n\t\t\t\tmargin: auto;\r\n\t\t\t}\r\n\t\t\t#gallery-1 .gallery-item {\r\n\t\t\t\tfloat: left;\r\n\t\t\t\tmargin-top: 10px;\r\n\t\t\t\ttext-align: center;\r\n\t\t\t\twidth: 33%;\r\n\t\t\t}\r\n\t\t\t#gallery-1 img {\r\n\t\t\t\tborder: 2px solid #cfcfcf;\r\n\t\t\t}\r\n\t\t\t#gallery-1 .gallery-caption {\r\n\t\t\t\tmargin-left: 0;\r\n\t\t\t}\r\n\t\t<\/style>\r\n\t\t<!-- see gallery_shortcode() in wp-includes\/media.php -->\n\t\t<div id='gallery-1' class='gallery galleryid-20180 gallery-columns-3 gallery-size-medium gallery1'><script type=\"text\/javascript\">\r\n\/\/ <![CDATA[\r\n\tjQuery(document).ready(function () {\r\n\t\tjQuery(\".gallery1 a\").attr(\"rel\",\"gallery1\");\t\r\n\t\tjQuery('a[rel=\"gallery1\"]').colorbox({maxWidth:\"95%\", maxHeight:\"95%\",title: function(){ return jQuery(this).children().attr(\"alt\"); }, });\r\n\t});\r\n\/\/ ]]>\r\n<\/script>\n<dl class=\"gallery-item\">\n<dt class=\"gallery-icon\">\r\n<a href=\"https:\/\/www.lasrosas.com.ar\/portal\/wp-content\/uploads\/A2058E1C-3FAF-4BB1-B907-4C004AAEA0C5.jpg\" title=\"\" rel=\"gallery1\"><img decoding=\"async\" data-src=\"https:\/\/www.lasrosas.com.ar\/portal\/wp-content\/uploads\/A2058E1C-3FAF-4BB1-B907-4C004AAEA0C5-768x960.jpg\" width=\"768\" height=\"960\" alt=\"\" src=\"data:image\/svg+xml;base64,PHN2ZyB3aWR0aD0iMSIgaGVpZ2h0PSIxIiB4bWxucz0iaHR0cDovL3d3dy53My5vcmcvMjAwMC9zdmciPjwvc3ZnPg==\" class=\"lazyload\" style=\"--smush-placeholder-width: 768px; --smush-placeholder-aspect-ratio: 768\/960;\" \/><\/a>\r\n<\/dt><\/dl><dl class=\"gallery-item\">\n<dt class=\"gallery-icon\">\r\n<a href=\"https:\/\/www.lasrosas.com.ar\/portal\/wp-content\/uploads\/63A571F3-E5F1-436F-9FBA-DEDB8B5DAB5F.jpg\" title=\"\" rel=\"gallery1\"><img decoding=\"async\" data-src=\"https:\/\/www.lasrosas.com.ar\/portal\/wp-content\/uploads\/63A571F3-E5F1-436F-9FBA-DEDB8B5DAB5F-770x960.jpg\" width=\"770\" height=\"960\" alt=\"\" src=\"data:image\/svg+xml;base64,PHN2ZyB3aWR0aD0iMSIgaGVpZ2h0PSIxIiB4bWxucz0iaHR0cDovL3d3dy53My5vcmcvMjAwMC9zdmciPjwvc3ZnPg==\" class=\"lazyload\" style=\"--smush-placeholder-width: 770px; --smush-placeholder-aspect-ratio: 770\/960;\" \/><\/a>\r\n<\/dt><\/dl><dl class=\"gallery-item\">\n<dt class=\"gallery-icon\">\r\n<a href=\"https:\/\/www.lasrosas.com.ar\/portal\/wp-content\/uploads\/A6536A8B-415F-40BB-9F8F-2A2C2E4C4B65.jpg\" title=\"\" rel=\"gallery1\"><img decoding=\"async\" data-src=\"https:\/\/www.lasrosas.com.ar\/portal\/wp-content\/uploads\/A6536A8B-415F-40BB-9F8F-2A2C2E4C4B65-770x960.jpg\" width=\"770\" height=\"960\" alt=\"\" src=\"data:image\/svg+xml;base64,PHN2ZyB3aWR0aD0iMSIgaGVpZ2h0PSIxIiB4bWxucz0iaHR0cDovL3d3dy53My5vcmcvMjAwMC9zdmciPjwvc3ZnPg==\" class=\"lazyload\" style=\"--smush-placeholder-width: 770px; --smush-placeholder-aspect-ratio: 770\/960;\" \/><\/a>\r\n<\/dt><\/dl><br style=\"clear: both\" \/>\r\n\t\t<\/div>\n\n<p><strong>\u00bfC\u00f3mo es un d\u00eda con Bel\u00e9n Rodr\u00edguez?<\/strong><\/p>\n<p>Depende de lo que tenga que hacer, siempre hago cosas distintas. Si tengo que grabar me despierto temprano, preparo a mi hijo y me tomo el avi\u00f3n a Roma. Nos empezamos a preparar y luego grabamos. Otros d\u00edas tenemos servicios fotogr\u00e1ficos, eso es lo que m\u00e1s me gusta de mi vida, siempre hacer cosas distintas y no caer en la rutina.<\/p>\n<p><strong>\u00a0<\/strong><strong>Si tuvieras que definirte como mam\u00e1, \u00bfC\u00f3mo sos?<\/strong><\/p>\n<p>Una mam\u00e1 presente, trato de pasar el mayor del tiempo con mi hijo. Intentamos llevarlo con nosotros cuando trabajamos, al canal, a restaurantes, a todos lados y a \u00e9l le gusta. Igual, tengo a mi mama que me ayuda, nunca contrate a una ni\u00f1era.<\/p>\n<p><strong>\u00bfTe gustar\u00eda agrandar la familia?<\/strong><\/p>\n<p>\u00a1S\u00ed! Me encantar\u00eda. En eso andamos. Es nuestro plan a futuro.<\/p>\n<p><strong>\u00a0<\/strong><strong>De Argentina a Mil\u00e1n \u00bfsiempre es bueno volver?<\/strong><\/p>\n<p>\u00a1S\u00ed! A m\u00ed me encanta volver, hace un a\u00f1o estuve en Argentina. Hace bien volver a la base, escuchar tu idioma, la cultura, es un cable a tierra, a veces me hace falta. Hac\u00eda bastante tiempo que no iba, cuando voy a Argentina me gusta quedarme mucho tiempo.<\/p>\n<p><strong>\u00a0<\/strong><strong>Mam\u00e1 y Presentadora argentina-italiana \u00bfQu\u00e9 tienen en com\u00fan?<\/strong><\/p>\n<p>Tienen poca paciencia (risas) \u00a1No! Todo lo contrario, ambas tienen mucha paciencia. Como mam\u00e1 hay que tener mucha paciencia y como modelo y presentadora tambi\u00e9n. La gente no se da cuenta del trabajo que hay atr\u00e1s de escena. Uno se prepara y estudia mucho.<\/p>\n<p><strong>\u00bfQu\u00e9 faceta tuya es la que m\u00e1s te gusta?<\/strong><\/p>\n<p>Me gustan todas, porque ser mam\u00e1 es lo m\u00e1s lindo que me pas\u00f3 en la vida, pero no te voy a negar que me gusta un mont\u00f3n mi trabajo. Me gusta cambiar, la adrenalina, llevar una vida estimulante.<\/p>\n<p><strong>De tus experiencias profesionales, \u00bfcu\u00e1l es tu mayor aprendizaje?<\/strong><\/p>\n<p>Mmm (piensa) Una de las m\u00e1s \u00fatiles para m\u00ed fue hacer SAN REMO, fue mi consagraci\u00f3n del personaje. Llev\u00f3 mucha preparaci\u00f3n previa. Es un festival que re\u00fane a los artistas m\u00e1s importantes de Europa (ah\u00ed te contratan de conductora, pero tambi\u00e9n tenes que tener otros talentos sino no te contratan) Te preparas dos meses antes con todos sketchs. Fue una dif\u00edcil experiencia pero me sirvi\u00f3 un mont\u00f3n.<\/p>\n<p><img decoding=\"async\" class=\"alignnone wp-image-20191 size-medium lazyload\" data-src=\"https:\/\/www.lasrosas.com.ar\/portal\/wp-content\/uploads\/IMG_9194-960x755.jpg\" alt=\"\" width=\"960\" height=\"755\" data-srcset=\"https:\/\/www.lasrosas.com.ar\/portal\/wp-content\/uploads\/IMG_9194-960x755.jpg 960w, https:\/\/www.lasrosas.com.ar\/portal\/wp-content\/uploads\/IMG_9194.jpg 1355w\" data-sizes=\"(max-width: 960px) 100vw, 960px\" src=\"data:image\/svg+xml;base64,PHN2ZyB3aWR0aD0iMSIgaGVpZ2h0PSIxIiB4bWxucz0iaHR0cDovL3d3dy53My5vcmcvMjAwMC9zdmciPjwvc3ZnPg==\" style=\"--smush-placeholder-width: 960px; --smush-placeholder-aspect-ratio: 960\/755;\" \/><\/p>\n<p>&nbsp;<\/p>\n<p><strong><em>#UNSUE\u00d1OCUMPLIDO<\/em><\/strong><\/p>\n<p><strong><em>\u00a0<\/em><\/strong>Estoy por hacer realidad un sue\u00f1o. Tiene que ver con un proyecto que estamos concretando: \u00a1Una serie para Netflix!<\/p>\n<p><strong><em>#LOSELEGIDOS<\/em><\/strong><\/p>\n<p><strong><em>\u00a0<\/em><\/strong><strong>\u00bfUn arma de seducci\u00f3n?<\/strong><\/p>\n<p>Te dir\u00eda la sensualidad (risas) pero para m\u00ed es usar la cabeza. Esa es la fuente de seducci\u00f3n m\u00e1s fuerte que una mujer puede tener: la inteligencia.<\/p>\n<p><strong>\u00bfUn deporte?<\/strong><\/p>\n<p>No, yo hac\u00eda danza cl\u00e1sica. Al deporte me lo llevo a marzo.<\/p>\n<p><strong>\u00bfUna inspiraci\u00f3n?<\/strong><\/p>\n<p>Una persona que me inspira es Meryl Streep me vuelve loca, siempre me gust\u00f3. Y algo que me inspir\u00f3 siempre es el coraje y la libertad.<\/p>\n<p><strong>\u00bfTu lugar en el mundo?<\/strong><\/p>\n<p>Ibiza. Pero no a donde est\u00e1n las discotecas, la parte tranquila, esa es mi onda.<\/p>\n<p><strong>\u00bfUn perfume?<\/strong><\/p>\n<p>Jour D\u00b4Hermes<\/p>\n<p><strong>\u00bfEl mejor d\u00eda de tu vida?<\/strong><\/p>\n<p>Tengo un par. Pero es m\u00e1s importante es cuando naci\u00f3 mi hijo.<\/p>\n<p><strong>\u00bfUn hobbie?<\/strong><\/p>\n<p>Tocar la guitarra y cantar.<\/p>\n<p>&nbsp;<\/p>\n<p><img decoding=\"async\" class=\"alignnone wp-image-20192 size-medium lazyload\" data-src=\"https:\/\/www.lasrosas.com.ar\/portal\/wp-content\/uploads\/DEB7B957-23DC-40F1-9282-979CC6C127B3-768x960.jpg\" alt=\"\" width=\"768\" height=\"960\" data-srcset=\"https:\/\/www.lasrosas.com.ar\/portal\/wp-content\/uploads\/DEB7B957-23DC-40F1-9282-979CC6C127B3-768x960.jpg 768w, https:\/\/www.lasrosas.com.ar\/portal\/wp-content\/uploads\/DEB7B957-23DC-40F1-9282-979CC6C127B3-1536x1920.jpg 1536w\" data-sizes=\"(max-width: 768px) 100vw, 768px\" src=\"data:image\/svg+xml;base64,PHN2ZyB3aWR0aD0iMSIgaGVpZ2h0PSIxIiB4bWxucz0iaHR0cDovL3d3dy53My5vcmcvMjAwMC9zdmciPjwvc3ZnPg==\" style=\"--smush-placeholder-width: 768px; --smush-placeholder-aspect-ratio: 768\/960;\" \/><\/p>\n<p>&nbsp;<\/p>\n<p><strong><em>#PINGPONG<\/em><\/strong><\/p>\n<p><strong><em>\u00a0<\/em><\/strong>\u00bfAmanecer o atardecer?<strong> -Atardecer.<\/strong><\/p>\n<p>\u00bfModelaje o Conducci\u00f3n? <strong>-Conducci\u00f3n<\/strong><\/p>\n<p>\u00bfAmor o amistad? <strong>-Son lo mismo.<\/strong><\/p>\n<p>\u00bfTotal black o total White? <strong>-Total black.<\/strong><\/p>\n<p>\u00bfArgentina o Italia? <strong>-Dividida en dos.<\/strong><\/p>\n<p>\u00bfAsado o pasta? <strong>-Mmm (piensa) tambi\u00e9n estoy dividida. Porque me muero por el asado, ac\u00e1 cocinamos siempre. Pero te cocino una pasta que te das vuelta.<\/strong><\/p>\n<p>\u00bfComedia o terror? <strong>-Comedia. Si no, no puedo dormir.<\/strong><\/p>\n<p>\u00bfPlaya o nieve? <strong>-Las dos. En invierno me encanta la nieve, en verano amo el mar. Hacemos mitad de a\u00f1o para cada estaci\u00f3n.<\/strong><\/p>\n<p>\u00bfMate o caf\u00e9? <strong>-Caf\u00e9<\/strong><\/p>\n<p>\u00bfAntojos dulces o salados? <strong>&#8211;\u00a0Siempre dulce<\/strong><\/p>\n<p><strong><em>\u00a0<\/em><\/strong><\/p>\n\r\n\t\t<style type='text\/css'>\r\n\t\t\t#gallery-2 {\r\n\t\t\t\tmargin: auto;\r\n\t\t\t}\r\n\t\t\t#gallery-2 .gallery-item {\r\n\t\t\t\tfloat: left;\r\n\t\t\t\tmargin-top: 10px;\r\n\t\t\t\ttext-align: center;\r\n\t\t\t\twidth: 33%;\r\n\t\t\t}\r\n\t\t\t#gallery-2 img {\r\n\t\t\t\tborder: 2px solid #cfcfcf;\r\n\t\t\t}\r\n\t\t\t#gallery-2 .gallery-caption {\r\n\t\t\t\tmargin-left: 0;\r\n\t\t\t}\r\n\t\t<\/style>\r\n\t\t<!-- see gallery_shortcode() in wp-includes\/media.php -->\n\t\t<div id='gallery-2' class='gallery galleryid-20180 gallery-columns-3 gallery-size-medium gallery1'><script type=\"text\/javascript\">\r\n\/\/ <![CDATA[\r\n\tjQuery(document).ready(function () {\r\n\t\tjQuery(\".gallery1 a\").attr(\"rel\",\"gallery1\");\t\r\n\t\tjQuery('a[rel=\"gallery1\"]').colorbox({maxWidth:\"95%\", maxHeight:\"95%\",title: function(){ return jQuery(this).children().attr(\"alt\"); }, });\r\n\t});\r\n\/\/ ]]>\r\n<\/script>\n<dl class=\"gallery-item\">\n<dt class=\"gallery-icon\">\r\n<a href=\"https:\/\/www.lasrosas.com.ar\/portal\/wp-content\/uploads\/IMG_3182-1079x1920.jpg\" title=\"\" rel=\"gallery1\"><img decoding=\"async\" data-src=\"https:\/\/www.lasrosas.com.ar\/portal\/wp-content\/uploads\/IMG_3182-540x960.jpg\" width=\"540\" height=\"960\" alt=\"\" src=\"data:image\/svg+xml;base64,PHN2ZyB3aWR0aD0iMSIgaGVpZ2h0PSIxIiB4bWxucz0iaHR0cDovL3d3dy53My5vcmcvMjAwMC9zdmciPjwvc3ZnPg==\" class=\"lazyload\" style=\"--smush-placeholder-width: 540px; --smush-placeholder-aspect-ratio: 540\/960;\" \/><\/a>\r\n<\/dt><\/dl><dl class=\"gallery-item\">\n<dt class=\"gallery-icon\">\r\n<a href=\"https:\/\/www.lasrosas.com.ar\/portal\/wp-content\/uploads\/IMG_3183-1079x1920.jpg\" title=\"\" rel=\"gallery1\"><img decoding=\"async\" data-src=\"https:\/\/www.lasrosas.com.ar\/portal\/wp-content\/uploads\/IMG_3183-540x960.jpg\" width=\"540\" height=\"960\" alt=\"\" src=\"data:image\/svg+xml;base64,PHN2ZyB3aWR0aD0iMSIgaGVpZ2h0PSIxIiB4bWxucz0iaHR0cDovL3d3dy53My5vcmcvMjAwMC9zdmciPjwvc3ZnPg==\" class=\"lazyload\" style=\"--smush-placeholder-width: 540px; --smush-placeholder-aspect-ratio: 540\/960;\" \/><\/a>\r\n<\/dt><\/dl><dl class=\"gallery-item\">\n<dt class=\"gallery-icon\">\r\n<a href=\"https:\/\/www.lasrosas.com.ar\/portal\/wp-content\/uploads\/IMG_3186-1080x1920.jpg\" title=\"\" rel=\"gallery1\"><img decoding=\"async\" data-src=\"https:\/\/www.lasrosas.com.ar\/portal\/wp-content\/uploads\/IMG_3186-540x960.jpg\" width=\"540\" height=\"960\" alt=\"\" src=\"data:image\/svg+xml;base64,PHN2ZyB3aWR0aD0iMSIgaGVpZ2h0PSIxIiB4bWxucz0iaHR0cDovL3d3dy53My5vcmcvMjAwMC9zdmciPjwvc3ZnPg==\" class=\"lazyload\" style=\"--smush-placeholder-width: 540px; --smush-placeholder-aspect-ratio: 540\/960;\" \/><\/a>\r\n<\/dt><\/dl><br style=\"clear: both\" \/>\r\n\t\t<\/div>\n\n<p><strong><em>#QUI\u00c9NESBEL\u00c9NRODRIGUEZ<\/em><\/strong><\/p>\n<p><strong>\u00a0<\/strong>De ascendencia espa\u00f1ola e italiana -heredada de la rama sus abuelos &#8211; crecida en el partido del Pilar, provincia de Buenos Aires, Bel\u00e9n Rodriguez es Argentina y lo siente en su coraz\u00f3n, cuando habla, cuando la cultura toca sus pies y con su familia alrededor. De adolescente inici\u00f3 su carrera. Con tan s\u00f3lo 17 a\u00f1os su persistencia, firmeza, paciencia y convicci\u00f3n fueron los valores familiares que la ayudaron a crecer en el mundo. Entusiasta y con objetivos claros, viaj\u00f3 a Europa con el apoyo constante de su familia. Su carrera se inici\u00f3 con fotos y campa\u00f1as publicitarias y adquiri\u00f3 una dimensi\u00f3n\u200b medi\u00e1tica impensada. Con una impresionante carrera como modelo internacional y ya instalada con \u00e9xito en Mil\u00e1n, la modelo, conductora y actriz se comprometi\u00f3 en 2012 con el empresario Stefano De Martino\u200b con quien no s\u00f3lo comparten el presente, sino un amor en com\u00fan: Santiago De Martino (6).<\/p>\n<p>Entre sus experiencias laborales que la hicieron triunfar en el mundo, Bel\u00e9n fue conductora del popular Festival de San Remo, estuvo al frente del programa de televisi\u00f3n \u201cItalia`s Got Talent\u201d y tiene dos perfumes con su nombre. La argentina radicada en Italia recibi\u00f3 premios y honores que demuestran el crecimiento personal y profesional tanto en televisi\u00f3n, cine, doblaje, actuaci\u00f3n en videos musicales y sencillos que forman parte de su hobbie.<\/p>\n<!-- AddThis Advanced Settings generic via filter on the_content --><!-- AddThis Share Buttons generic via filter on the_content -->","protected":false},"excerpt":{"rendered":"<p>De Argentina y sin escalas al mundo, sorprende su calidez, sencillez y autenticidad: es ah\u00ed donde radica su magia. Ella es una triunfadora en la vida y en el trabajo, sus logros son fruto de su esfuerzo y su atractivo natural y sin igual. El \u00e9xito la alcanz\u00f3 en tierras\u00a0Italianas y as\u00ed es como representa [&hellip;]<!-- AddThis Advanced Settings generic via filter on get_the_excerpt --><!-- AddThis Share Buttons generic via filter on get_the_excerpt --><\/p>\n","protected":false},"author":6,"featured_media":20185,"comment_status":"closed","ping_status":"open","sticky":false,"template":"","format":"standard","meta":{"_acf_changed":false,"om_disable_all_campaigns":false,"_monsterinsights_skip_tracking":false,"_monsterinsights_sitenote_active":false,"_monsterinsights_sitenote_note":"","_monsterinsights_sitenote_category":0,"_uf_show_specific_survey":0,"_uf_disable_surveys":false,"footnotes":""},"categories":[236,100],"tags":[],"class_list":["post-20180","post","type-post","status-publish","format-standard","has-post-thumbnail","hentry","category-cover-tapa","category-noticias"],"acf":[],"aioseo_notices":[],"_links":{"self":[{"href":"https:\/\/www.lasrosas.com.ar\/portal\/wp-json\/wp\/v2\/posts\/20180","targetHints":{"allow":["GET"]}}],"collection":[{"href":"https:\/\/www.lasrosas.com.ar\/portal\/wp-json\/wp\/v2\/posts"}],"about":[{"href":"https:\/\/www.lasrosas.com.ar\/portal\/wp-json\/wp\/v2\/types\/post"}],"author":[{"embeddable":true,"href":"https:\/\/www.lasrosas.com.ar\/portal\/wp-json\/wp\/v2\/users\/6"}],"replies":[{"embeddable":true,"href":"https:\/\/www.lasrosas.com.ar\/portal\/wp-json\/wp\/v2\/comments?post=20180"}],"version-history":[{"count":0,"href":"https:\/\/www.lasrosas.com.ar\/portal\/wp-json\/wp\/v2\/posts\/20180\/revisions"}],"wp:featuredmedia":[{"embeddable":true,"href":"https:\/\/www.lasrosas.com.ar\/portal\/wp-json\/wp\/v2\/media\/20185"}],"wp:attachment":[{"href":"https:\/\/www.lasrosas.com.ar\/portal\/wp-json\/wp\/v2\/media?parent=20180"}],"wp:term":[{"taxonomy":"category","embeddable":true,"href":"https:\/\/www.lasrosas.com.ar\/portal\/wp-json\/wp\/v2\/categories?post=20180"},{"taxonomy":"post_tag","embeddable":true,"href":"https:\/\/www.lasrosas.com.ar\/portal\/wp-json\/wp\/v2\/tags?post=20180"}],"curies":[{"name":"wp","href":"https:\/\/api.w.org\/{rel}","templated":true}]}}