{"id":20174,"date":"2019-10-22T12:34:13","date_gmt":"2019-10-22T15:34:13","guid":{"rendered":"https:\/\/www.lasrosas.com.ar\/portal\/?p=20174"},"modified":"2019-10-22T12:34:13","modified_gmt":"2019-10-22T15:34:13","slug":"manifiesto-por-elian-chali-en-casa-naranja","status":"publish","type":"post","link":"https:\/\/www.lasrosas.com.ar\/portal\/manifiesto-por-elian-chali-en-casa-naranja\/","title":{"rendered":"\u00abMANIFIESTO\u00bb POR ELIAN CHALI EN CASA NARANJA"},"content":{"rendered":"<p><strong>El artista cordob\u00e9s con dise\u00f1o urbano, present\u00f3 una nueva obra que embelesa a la capital.<\/strong><\/p>\n<p>\u201cManifiesto\u201d, como as\u00ed lo titulan al conjunto de expresiones art\u00edsticas, es un muro de 60 metros de largo que se desplaza desde la plaza hasta el palier del edificio. El dise\u00f1o simula irrumpir toda la estructura, la pieza que intenta visualizar que lo que est\u00e1 afuera puede meterse adentro. La obra en cuesti\u00f3n, se denomina \u201cTal\u00f3n de Aquiles\u201d. Sin embargo, hay muchas otras exposiciones m\u00e1s, en una de las salas principales se colg\u00f3 una serie de carteles intervenidos. \u201cHorizonte cancelado\u201d, se lo titula al gran ventanal de Casa Naranja que hace de soporte de las intervenciones. Son manchas gigantescas de color rojo, azul, verde y amarillo que cubren la entrada de luz natural.<\/p>\n<p>Elian Chali es un muralista cordob\u00e9s que recorri\u00f3 el mundo, realizando pinturas de grandes dimensiones en m\u00e1s de 32 pa\u00edses en lo que va de su trayectoria. Estuvo en Brasil, Uruguay, M\u00e9xico, Per\u00fa, Chile, Estados Unidos, Canad\u00e1, Australia y en Europa hizo recorrido por Espa\u00f1a, Alemania, Italia, Ucrania, Portugal, B\u00e9lgica y Rusia. Sus obras se identifican con urbanismo y arquitectura combin\u00e1ndolo con un estilo minimalista en tonos con los colores primarios que \u00e9l tiene como marca. Adem\u00e1s juega con la creaci\u00f3n de superposiciones y formas geom\u00e9tricas que logra mediante la abstracci\u00f3n que quiere plasmar en sus obras.<\/p>\n<p>La actual muestra puede visitarse en Casa Naranja de lunes a viernes de 10 a 20 horas hasta el 31 de Enero de 2020. Los d\u00edas viernes y s\u00e1bado a partir de las 17 hs hay un recorrido gratuito con visitas audioguiadas.<\/p>\n<p>&nbsp;<\/p>\n\r\n\t\t<style type='text\/css'>\r\n\t\t\t#gallery-1 {\r\n\t\t\t\tmargin: auto;\r\n\t\t\t}\r\n\t\t\t#gallery-1 .gallery-item {\r\n\t\t\t\tfloat: left;\r\n\t\t\t\tmargin-top: 10px;\r\n\t\t\t\ttext-align: center;\r\n\t\t\t\twidth: 33%;\r\n\t\t\t}\r\n\t\t\t#gallery-1 img {\r\n\t\t\t\tborder: 2px solid #cfcfcf;\r\n\t\t\t}\r\n\t\t\t#gallery-1 .gallery-caption {\r\n\t\t\t\tmargin-left: 0;\r\n\t\t\t}\r\n\t\t<\/style>\r\n\t\t<!-- see gallery_shortcode() in wp-includes\/media.php -->\n\t\t<div id='gallery-1' class='gallery galleryid-20174 gallery-columns-3 gallery-size-thumbnail gallery1'><script type=\"text\/javascript\">\r\n\/\/ <![CDATA[\r\n\tjQuery(document).ready(function () {\r\n\t\tjQuery(\".gallery1 a\").attr(\"rel\",\"gallery1\");\t\r\n\t\tjQuery('a[rel=\"gallery1\"]').colorbox({maxWidth:\"95%\", maxHeight:\"95%\",title: function(){ return jQuery(this).children().attr(\"alt\"); }, });\r\n\t});\r\n\/\/ ]]>\r\n<\/script>\n<dl class=\"gallery-item\">\n<dt class=\"gallery-icon\">\r\n<a href=\"https:\/\/www.lasrosas.com.ar\/portal\/wp-content\/uploads\/casa-naranja.jpg\" title=\"\" rel=\"gallery1\"><img decoding=\"async\" data-src=\"https:\/\/www.lasrosas.com.ar\/portal\/wp-content\/uploads\/casa-naranja-640x480.jpg\" width=\"640\" height=\"480\" alt=\"\" src=\"data:image\/svg+xml;base64,PHN2ZyB3aWR0aD0iMSIgaGVpZ2h0PSIxIiB4bWxucz0iaHR0cDovL3d3dy53My5vcmcvMjAwMC9zdmciPjwvc3ZnPg==\" class=\"lazyload\" style=\"--smush-placeholder-width: 640px; --smush-placeholder-aspect-ratio: 640\/480;\" \/><\/a>\r\n<\/dt><\/dl><dl class=\"gallery-item\">\n<dt class=\"gallery-icon\">\r\n<a href=\"https:\/\/www.lasrosas.com.ar\/portal\/wp-content\/uploads\/elian.jpg\" title=\"\" rel=\"gallery1\"><img decoding=\"async\" data-src=\"https:\/\/www.lasrosas.com.ar\/portal\/wp-content\/uploads\/elian-640x480.jpg\" width=\"640\" height=\"480\" alt=\"\" src=\"data:image\/svg+xml;base64,PHN2ZyB3aWR0aD0iMSIgaGVpZ2h0PSIxIiB4bWxucz0iaHR0cDovL3d3dy53My5vcmcvMjAwMC9zdmciPjwvc3ZnPg==\" class=\"lazyload\" style=\"--smush-placeholder-width: 640px; --smush-placeholder-aspect-ratio: 640\/480;\" \/><\/a>\r\n<\/dt><\/dl><dl class=\"gallery-item\">\n<dt class=\"gallery-icon\">\r\n<a href=\"https:\/\/www.lasrosas.com.ar\/portal\/wp-content\/uploads\/a85cb4580a3ed8cf999f1960ebd449b9_L.jpg\" title=\"\" rel=\"gallery1\"><img decoding=\"async\" data-src=\"https:\/\/www.lasrosas.com.ar\/portal\/wp-content\/uploads\/a85cb4580a3ed8cf999f1960ebd449b9_L-640x449.jpg\" width=\"640\" height=\"449\" alt=\"\" src=\"data:image\/svg+xml;base64,PHN2ZyB3aWR0aD0iMSIgaGVpZ2h0PSIxIiB4bWxucz0iaHR0cDovL3d3dy53My5vcmcvMjAwMC9zdmciPjwvc3ZnPg==\" class=\"lazyload\" style=\"--smush-placeholder-width: 640px; --smush-placeholder-aspect-ratio: 640\/449;\" \/><\/a>\r\n<\/dt><\/dl><br style=\"clear: both\" \/>\r\n\t\t<\/div>\n\n<!-- AddThis Advanced Settings generic via filter on the_content --><!-- AddThis Share Buttons generic via filter on the_content -->","protected":false},"excerpt":{"rendered":"<p>El artista cordob\u00e9s con dise\u00f1o urbano, present\u00f3 una nueva obra que embelesa a la capital. \u201cManifiesto\u201d, como as\u00ed lo titulan al conjunto de expresiones art\u00edsticas, es un muro de 60 metros de largo que se desplaza desde la plaza hasta el palier del edificio. El dise\u00f1o simula irrumpir toda la estructura, la pieza que intenta [&hellip;]<!-- AddThis Advanced Settings generic via filter on get_the_excerpt --><!-- AddThis Share Buttons generic via filter on get_the_excerpt --><\/p>\n","protected":false},"author":6,"featured_media":20178,"comment_status":"closed","ping_status":"open","sticky":false,"template":"","format":"standard","meta":{"_acf_changed":false,"om_disable_all_campaigns":false,"_monsterinsights_skip_tracking":false,"_monsterinsights_sitenote_active":false,"_monsterinsights_sitenote_note":"","_monsterinsights_sitenote_category":0,"_uf_show_specific_survey":0,"_uf_disable_surveys":false,"footnotes":""},"categories":[100,31],"tags":[],"class_list":["post-20174","post","type-post","status-publish","format-standard","has-post-thumbnail","hentry","category-noticias","category-arquitectura-decoracion"],"acf":[],"aioseo_notices":[],"_links":{"self":[{"href":"https:\/\/www.lasrosas.com.ar\/portal\/wp-json\/wp\/v2\/posts\/20174","targetHints":{"allow":["GET"]}}],"collection":[{"href":"https:\/\/www.lasrosas.com.ar\/portal\/wp-json\/wp\/v2\/posts"}],"about":[{"href":"https:\/\/www.lasrosas.com.ar\/portal\/wp-json\/wp\/v2\/types\/post"}],"author":[{"embeddable":true,"href":"https:\/\/www.lasrosas.com.ar\/portal\/wp-json\/wp\/v2\/users\/6"}],"replies":[{"embeddable":true,"href":"https:\/\/www.lasrosas.com.ar\/portal\/wp-json\/wp\/v2\/comments?post=20174"}],"version-history":[{"count":0,"href":"https:\/\/www.lasrosas.com.ar\/portal\/wp-json\/wp\/v2\/posts\/20174\/revisions"}],"wp:featuredmedia":[{"embeddable":true,"href":"https:\/\/www.lasrosas.com.ar\/portal\/wp-json\/wp\/v2\/media\/20178"}],"wp:attachment":[{"href":"https:\/\/www.lasrosas.com.ar\/portal\/wp-json\/wp\/v2\/media?parent=20174"}],"wp:term":[{"taxonomy":"category","embeddable":true,"href":"https:\/\/www.lasrosas.com.ar\/portal\/wp-json\/wp\/v2\/categories?post=20174"},{"taxonomy":"post_tag","embeddable":true,"href":"https:\/\/www.lasrosas.com.ar\/portal\/wp-json\/wp\/v2\/tags?post=20174"}],"curies":[{"name":"wp","href":"https:\/\/api.w.org\/{rel}","templated":true}]}}