{"id":19969,"date":"2019-10-16T17:28:49","date_gmt":"2019-10-16T20:28:49","guid":{"rendered":"https:\/\/www.lasrosas.com.ar\/portal\/?p=19969"},"modified":"2019-10-16T17:28:49","modified_gmt":"2019-10-16T20:28:49","slug":"dia-mundial-de-la-alimentacion-en-que-consiste","status":"publish","type":"post","link":"https:\/\/www.lasrosas.com.ar\/portal\/dia-mundial-de-la-alimentacion-en-que-consiste\/","title":{"rendered":"D\u00cdA MUNDIAL DE LA ALIMENTACI\u00d3N: \u00bfEN QU\u00c9 CONSISTE?"},"content":{"rendered":"<p><strong>POR: Constanza Monferini- @cotimonferini<\/strong><\/p>\n<p><strong><em>Lamentablemente es un d\u00eda poco conocido, pero fue proclamado para concientizar sobre las problem\u00e1ticas \u00edntimamente relacionadas al hambre, a la desnutrici\u00f3n y la pobreza.<\/em><\/strong><\/p>\n<p>Hoy 16 de octubre, como cada a\u00f1o, se celebra el D\u00eda Mundial de la Alimentaci\u00f3n (DMA), para promover y difundir aquellas acciones a nivel mundial, relacionadas tanto a los dolientes del hambre propiamente dicha, como hacer \u00e9nfasis en la necesidad de garantizar una seguridad alimentaria y dietas alimenticias para todos. Este a\u00f1o, la FAO se proclam\u00f3 sobre el lema: \u201cUna alimentaci\u00f3n sana para un mundo #HAMBRECERO\u201d y por medio de ella, se llevan a cabo diversos eventos en alrededor de 150 pa\u00edses, para hacer visibles las tem\u00e1ticas anteriormente descriptas, con lo cual convierte esta festividad en uno de los d\u00edas m\u00e1s celebrados por la ONU.<\/p>\n<p><strong>Un poco de historia.<\/strong><\/p>\n<p>Fue establecido por pa\u00edses miembros de la FAO en la Reuni\u00f3n General de la Organizaci\u00f3n N\u00ba 20, en 1979. Mas precisamente la delegaci\u00f3n h\u00fangara, encabezada por el Ministro de Agricultura y Alimentaci\u00f3n, Pa\u00fal Romany, desarroll\u00f3 un activo rol en esta Sesi\u00f3n de la FAO, insinuando la idea de celebrar mundialmente el DMA. A partir de entonces, se ha convocado cada a\u00f1o en m\u00e1s de 150 pa\u00edses, dando a conocer los problemas detr\u00e1s de la pobreza y el hambre.<\/p>\n<p><strong>\u00bfCu\u00e1les fueron los objetivos que permitieron forjar la celebraci\u00f3n de este d\u00eda?<\/strong><\/p>\n<p>En primera instancia, poder estimular una mayor atenci\u00f3n a la producci\u00f3n agr\u00edcola en todos los pa\u00edses, acentuando un mayor apoyo por parte del Estado; en segunda instancia, estimular la cooperaci\u00f3n econ\u00f3mica y t\u00e9cnica entre pa\u00edses en desarrollo; en tercera instancia, promover la participaci\u00f3n de las poblaciones rurales, especialmente de los grupos menos privilegiados, en las decisiones y actividades que afectan a sus condiciones de vida; en cuarta instancia, promover la transferencia de tecnolog\u00edas al mundo en desarrollo; y en \u00faltima instancia, fomentar el sentido de solidaridad en la lucha contra el hambre, la malnutrici\u00f3n y se\u00f1alar los \u00e9xitos conseguidos en materia de desarrollo alimentario y agr\u00edcola.<\/p>\n<p><strong>El derecho a una alimentaci\u00f3n nutritiva. <\/strong><\/p>\n<p>Particularmente, los consumidores tienen el derecho de saber qu\u00e9 es lo que comen y consumen. Actualmente, la sociedad a nivel mundial, termina adquiriendo m\u00e1s productos ultra procesados, las cuales llevan consigo altas proporciones de sal, grasas y az\u00facar, que son perjudiciales para la salud. Por eso, la FAO apoya las pol\u00edticas y marcos regulatorios que ayuden a una educaci\u00f3n nutricional y proteja a las personas<\/p>\n\r\n\t\t<style type='text\/css'>\r\n\t\t\t#gallery-1 {\r\n\t\t\t\tmargin: auto;\r\n\t\t\t}\r\n\t\t\t#gallery-1 .gallery-item {\r\n\t\t\t\tfloat: left;\r\n\t\t\t\tmargin-top: 10px;\r\n\t\t\t\ttext-align: center;\r\n\t\t\t\twidth: 33%;\r\n\t\t\t}\r\n\t\t\t#gallery-1 img {\r\n\t\t\t\tborder: 2px solid #cfcfcf;\r\n\t\t\t}\r\n\t\t\t#gallery-1 .gallery-caption {\r\n\t\t\t\tmargin-left: 0;\r\n\t\t\t}\r\n\t\t<\/style>\r\n\t\t<!-- see gallery_shortcode() in wp-includes\/media.php -->\n\t\t<div id='gallery-1' class='gallery galleryid-19969 gallery-columns-3 gallery-size-thumbnail gallery1'><script type=\"text\/javascript\">\r\n\/\/ <![CDATA[\r\n\tjQuery(document).ready(function () {\r\n\t\tjQuery(\".gallery1 a\").attr(\"rel\",\"gallery1\");\t\r\n\t\tjQuery('a[rel=\"gallery1\"]').colorbox({maxWidth:\"95%\", maxHeight:\"95%\",title: function(){ return jQuery(this).children().attr(\"alt\"); }, });\r\n\t});\r\n\/\/ ]]>\r\n<\/script>\n<dl class=\"gallery-item\">\n<dt class=\"gallery-icon\">\r\n<a href=\"https:\/\/www.lasrosas.com.ar\/portal\/wp-content\/uploads\/shutterstock_278689922.baja_.jpg\" title=\"\" rel=\"gallery1\"><img decoding=\"async\" data-src=\"https:\/\/www.lasrosas.com.ar\/portal\/wp-content\/uploads\/shutterstock_278689922.baja_-640x480.jpg\" width=\"640\" height=\"480\" alt=\"\" src=\"data:image\/svg+xml;base64,PHN2ZyB3aWR0aD0iMSIgaGVpZ2h0PSIxIiB4bWxucz0iaHR0cDovL3d3dy53My5vcmcvMjAwMC9zdmciPjwvc3ZnPg==\" class=\"lazyload\" style=\"--smush-placeholder-width: 640px; --smush-placeholder-aspect-ratio: 640\/480;\" \/><\/a>\r\n<\/dt><\/dl><dl class=\"gallery-item\">\n<dt class=\"gallery-icon\">\r\n<a href=\"https:\/\/www.lasrosas.com.ar\/portal\/wp-content\/uploads\/foto-alimentacion-web.jpg\" title=\"\" rel=\"gallery1\"><img decoding=\"async\" data-src=\"https:\/\/www.lasrosas.com.ar\/portal\/wp-content\/uploads\/foto-alimentacion-web-640x480.jpg\" width=\"640\" height=\"480\" alt=\"\" src=\"data:image\/svg+xml;base64,PHN2ZyB3aWR0aD0iMSIgaGVpZ2h0PSIxIiB4bWxucz0iaHR0cDovL3d3dy53My5vcmcvMjAwMC9zdmciPjwvc3ZnPg==\" class=\"lazyload\" style=\"--smush-placeholder-width: 640px; --smush-placeholder-aspect-ratio: 640\/480;\" \/><\/a>\r\n<\/dt><\/dl><dl class=\"gallery-item\">\n<dt class=\"gallery-icon\">\r\n<a href=\"https:\/\/www.lasrosas.com.ar\/portal\/wp-content\/uploads\/Drinks_Orange_fruit_Juice_Highball_glass_Jug_519850_2560x1440-1920x1080.jpg\" title=\"\" rel=\"gallery1\"><img decoding=\"async\" data-src=\"https:\/\/www.lasrosas.com.ar\/portal\/wp-content\/uploads\/Drinks_Orange_fruit_Juice_Highball_glass_Jug_519850_2560x1440-640x480.jpg\" width=\"640\" height=\"480\" alt=\"\" src=\"data:image\/svg+xml;base64,PHN2ZyB3aWR0aD0iMSIgaGVpZ2h0PSIxIiB4bWxucz0iaHR0cDovL3d3dy53My5vcmcvMjAwMC9zdmciPjwvc3ZnPg==\" class=\"lazyload\" style=\"--smush-placeholder-width: 640px; --smush-placeholder-aspect-ratio: 640\/480;\" \/><\/a>\r\n<\/dt><\/dl><br style=\"clear: both\" \/>\r\n\t\t<\/div>\n\n<!-- AddThis Advanced Settings generic via filter on the_content --><!-- AddThis Share Buttons generic via filter on the_content -->","protected":false},"excerpt":{"rendered":"<p>POR: Constanza Monferini- @cotimonferini Lamentablemente es un d\u00eda poco conocido, pero fue proclamado para concientizar sobre las problem\u00e1ticas \u00edntimamente relacionadas al hambre, a la desnutrici\u00f3n y la pobreza. Hoy 16 de octubre, como cada a\u00f1o, se celebra el D\u00eda Mundial de la Alimentaci\u00f3n (DMA), para promover y difundir aquellas acciones a nivel mundial, relacionadas tanto [&hellip;]<!-- AddThis Advanced Settings generic via filter on get_the_excerpt --><!-- AddThis Share Buttons generic via filter on get_the_excerpt --><\/p>\n","protected":false},"author":6,"featured_media":19970,"comment_status":"closed","ping_status":"open","sticky":false,"template":"","format":"standard","meta":{"_acf_changed":false,"om_disable_all_campaigns":false,"_monsterinsights_skip_tracking":false,"_monsterinsights_sitenote_active":false,"_monsterinsights_sitenote_note":"","_monsterinsights_sitenote_category":0,"_uf_show_specific_survey":0,"_uf_disable_surveys":false,"footnotes":""},"categories":[376,100],"tags":[],"class_list":["post-19969","post","type-post","status-publish","format-standard","has-post-thumbnail","hentry","category-lifestyle","category-noticias"],"acf":[],"aioseo_notices":[],"_links":{"self":[{"href":"https:\/\/www.lasrosas.com.ar\/portal\/wp-json\/wp\/v2\/posts\/19969","targetHints":{"allow":["GET"]}}],"collection":[{"href":"https:\/\/www.lasrosas.com.ar\/portal\/wp-json\/wp\/v2\/posts"}],"about":[{"href":"https:\/\/www.lasrosas.com.ar\/portal\/wp-json\/wp\/v2\/types\/post"}],"author":[{"embeddable":true,"href":"https:\/\/www.lasrosas.com.ar\/portal\/wp-json\/wp\/v2\/users\/6"}],"replies":[{"embeddable":true,"href":"https:\/\/www.lasrosas.com.ar\/portal\/wp-json\/wp\/v2\/comments?post=19969"}],"version-history":[{"count":0,"href":"https:\/\/www.lasrosas.com.ar\/portal\/wp-json\/wp\/v2\/posts\/19969\/revisions"}],"wp:featuredmedia":[{"embeddable":true,"href":"https:\/\/www.lasrosas.com.ar\/portal\/wp-json\/wp\/v2\/media\/19970"}],"wp:attachment":[{"href":"https:\/\/www.lasrosas.com.ar\/portal\/wp-json\/wp\/v2\/media?parent=19969"}],"wp:term":[{"taxonomy":"category","embeddable":true,"href":"https:\/\/www.lasrosas.com.ar\/portal\/wp-json\/wp\/v2\/categories?post=19969"},{"taxonomy":"post_tag","embeddable":true,"href":"https:\/\/www.lasrosas.com.ar\/portal\/wp-json\/wp\/v2\/tags?post=19969"}],"curies":[{"name":"wp","href":"https:\/\/api.w.org\/{rel}","templated":true}]}}