{"id":19637,"date":"2019-10-07T17:00:30","date_gmt":"2019-10-07T20:00:30","guid":{"rendered":"https:\/\/www.lasrosas.com.ar\/portal\/?p=19637"},"modified":"2019-10-07T17:00:44","modified_gmt":"2019-10-07T20:00:44","slug":"las-ventajas-del-aceite-de-palta","status":"publish","type":"post","link":"https:\/\/www.lasrosas.com.ar\/portal\/las-ventajas-del-aceite-de-palta\/","title":{"rendered":"LAS VENTAJAS DEL ACEITE DE PALTA"},"content":{"rendered":"<p>El aceite de palta es un producto comestible que puede ser utilizado para preparar ensaladas o cocinar, as\u00ed como tambi\u00e9n se puede aprovechar para el preparado de cosm\u00e9ticos, debido a su composici\u00f3n natural. Por sus beneficios para la piel y el cabello, las ganancias de este milagroso ingrediente son beneficiosas para el d\u00eda a d\u00eda de cualquier persona.\u00a0<a href=\"https:\/\/moscuagencia-dot-yamm-track.appspot.com\/Redirect?ukey=1vnsvqszY5g4WiJZno9dp3xOWs4tu3Uc4nEYdgSyTCjI-0&amp;key=YAMMID-17411297&amp;link=https%3A%2F%2Fwww.linio.com.ar%2F\" data-saferedirecturl=\"https:\/\/www.google.com\/url?q=https:\/\/moscuagencia-dot-yamm-track.appspot.com\/Redirect?ukey%3D1vnsvqszY5g4WiJZno9dp3xOWs4tu3Uc4nEYdgSyTCjI-0%26key%3DYAMMID-17411297%26link%3Dhttps%253A%252F%252Fwww.linio.com.ar%252F&amp;source=gmail&amp;ust=1570562974387000&amp;usg=AFQjCNHhgeSeI8fh8NGOLztV8H_xxGm29Q\">Linio<\/a>\u00a0destaca algunas de sus caracter\u00edsticas.<\/p>\n<p><strong>\u00bfPara qu\u00e9 sirve el aceite de palta?<\/strong><strong>\u00a0<\/strong><\/p>\n<p><strong>\u00a0<\/strong>Obtenido del aguacate, este aceite es rico en \u00e1cidos grasos como el omega 3 y 9,\u00a0<strong>contiene vitaminas A, E y\u00a0B<\/strong>\u00a0beneficiosas para el cuerpo, y es un gran antioxidante, \u00fatil para recuperar la vitalidad de tu cabello y piel.<\/p>\n<p><img decoding=\"async\" class=\"alignnone  wp-image-19639 lazyload\" data-src=\"https:\/\/www.lasrosas.com.ar\/portal\/wp-content\/uploads\/aceite-de-palta-D_NQ_NP_511721-MLC20831374044_072016-F-960x642.jpg\" alt=\"\" width=\"590\" height=\"394\" data-srcset=\"https:\/\/www.lasrosas.com.ar\/portal\/wp-content\/uploads\/aceite-de-palta-D_NQ_NP_511721-MLC20831374044_072016-F-960x642.jpg 960w, https:\/\/www.lasrosas.com.ar\/portal\/wp-content\/uploads\/aceite-de-palta-D_NQ_NP_511721-MLC20831374044_072016-F.jpg 1200w\" data-sizes=\"(max-width: 590px) 100vw, 590px\" src=\"data:image\/svg+xml;base64,PHN2ZyB3aWR0aD0iMSIgaGVpZ2h0PSIxIiB4bWxucz0iaHR0cDovL3d3dy53My5vcmcvMjAwMC9zdmciPjwvc3ZnPg==\" style=\"--smush-placeholder-width: 590px; --smush-placeholder-aspect-ratio: 590\/394;\" \/><\/p>\n<h3>Recetas de belleza<\/h3>\n<h4>Combate la piel seca y madura<\/h4>\n<p>La palta es\u00a0rica en grasas poli insaturadas,\u00a0<strong>nutre a profundidad<\/strong>\u00a0 pieles que suelen resecarse constantemente y, tambi\u00e9n sirve para quienes sufren por las l\u00edneas de expresi\u00f3n de su rostro debido a la edad.<\/p>\n<p>Para aplicar a diario: mojar un algod\u00f3n con aceite de palta y colocarlo en lugares donde quieras corregir imperfecciones.\u00a0<strong>Se pueden a\u00f1adir unas gotitas de este aceite a la\u00a0<\/strong><strong><a href=\"https:\/\/moscuagencia-dot-yamm-track.appspot.com\/Redirect?ukey=1vnsvqszY5g4WiJZno9dp3xOWs4tu3Uc4nEYdgSyTCjI-0&amp;key=YAMMID-17411297&amp;link=https%3A%2F%2Fwww.linio.com.ar%2Fc%2Farticulos-de-cuidado-facial%2Fcremas-faciales%2Fb%2Fla-roche-posay\" data-saferedirecturl=\"https:\/\/www.google.com\/url?q=https:\/\/moscuagencia-dot-yamm-track.appspot.com\/Redirect?ukey%3D1vnsvqszY5g4WiJZno9dp3xOWs4tu3Uc4nEYdgSyTCjI-0%26key%3DYAMMID-17411297%26link%3Dhttps%253A%252F%252Fwww.linio.com.ar%252Fc%252Farticulos-de-cuidado-facial%252Fcremas-faciales%252Fb%252Fla-roche-posay&amp;source=gmail&amp;ust=1570562974387000&amp;usg=AFQjCNGHvyIcaPMA5821X89eQkGq9Lk9LQ\">crema facial habitual<\/a><\/strong><strong>, para una mejor humectaci\u00f3n<\/strong><strong>.<\/strong><\/p>\n<p><strong>\u00a0<\/strong>Con el paso de los d\u00edas se empiezan a notar m\u00e1s\u00a0<strong>elasticidad e hidrataci\u00f3n<\/strong>\u00a0en tu rostro y las arrugas e imperfecciones\u00a0empezar\u00e1n a notarse menos.<\/p>\n<p>Importante! Si sufr\u00eds de acn\u00e9 o de piel grasa este aceite no es apto, ya que podr\u00e1 provocar un exceso de sebo y ser\u00e1 perjudicial.<\/p>\n<h4>Para las\u00a0estr\u00edas<\/h4>\n<p>Como el aceite de palta tiene una capacidad de\u00a0<strong>nutrir y darle flexibilidad a la piel,<\/strong>\u00a0es un excelente producto para prevenir y desaparecer estas marcas molestas.<\/p>\n<p>Para las estr\u00edas: mezclar en partes iguales\u00a0<strong>aceite de palta y de almendras<\/strong><strong>.\u00a0<\/strong>Debe quedar totalmente homog\u00e9neo, y en la ducha caliente, aplicarlo sobre esas zonas de estr\u00edas o donde suelen salir.Consejo: hacerlo con la piel h\u00fameda y caliente ya que los poros est\u00e1n abiertos, por lo tanto, va a\u00a0<strong>absorber todo el producto<\/strong>. Con esta aplicaci\u00f3n la hidrataci\u00f3n durar\u00e1 todo el d\u00eda y se podr\u00e1 repetir este procedimiento siempre que se desee, luego del ba\u00f1o.\u00a0Se puede a\u00f1adir despu\u00e9s\u00a0<a href=\"https:\/\/moscuagencia-dot-yamm-track.appspot.com\/Redirect?ukey=1vnsvqszY5g4WiJZno9dp3xOWs4tu3Uc4nEYdgSyTCjI-0&amp;key=YAMMID-17411297&amp;link=https%3A%2F%2Fwww.linio.com.ar%2Fc%2Farticulos-de-cuidado-corporal%2Fcremas-corporales-y-tratamientos%2Fb%2Fnivea\" data-saferedirecturl=\"https:\/\/www.google.com\/url?q=https:\/\/moscuagencia-dot-yamm-track.appspot.com\/Redirect?ukey%3D1vnsvqszY5g4WiJZno9dp3xOWs4tu3Uc4nEYdgSyTCjI-0%26key%3DYAMMID-17411297%26link%3Dhttps%253A%252F%252Fwww.linio.com.ar%252Fc%252Farticulos-de-cuidado-corporal%252Fcremas-corporales-y-tratamientos%252Fb%252Fnivea&amp;source=gmail&amp;ust=1570562974387000&amp;usg=AFQjCNEDpO3Jutl7kRj5KEeG2ZO-baI5Cg\">una crema humectante<\/a>\u00a0sobre la piel seca.<\/p>\n<p><img decoding=\"async\" class=\"alignnone wp-image-19640 lazyload\" data-src=\"https:\/\/www.lasrosas.com.ar\/portal\/wp-content\/uploads\/woman-hands-over-her-belly-960x720.jpg\" alt=\"\" width=\"544\" height=\"408\" data-srcset=\"https:\/\/www.lasrosas.com.ar\/portal\/wp-content\/uploads\/woman-hands-over-her-belly-960x720.jpg 960w, https:\/\/www.lasrosas.com.ar\/portal\/wp-content\/uploads\/woman-hands-over-her-belly-640x480.jpg 640w, https:\/\/www.lasrosas.com.ar\/portal\/wp-content\/uploads\/woman-hands-over-her-belly.jpg 1640w\" data-sizes=\"(max-width: 544px) 100vw, 544px\" src=\"data:image\/svg+xml;base64,PHN2ZyB3aWR0aD0iMSIgaGVpZ2h0PSIxIiB4bWxucz0iaHR0cDovL3d3dy53My5vcmcvMjAwMC9zdmciPjwvc3ZnPg==\" style=\"--smush-placeholder-width: 544px; --smush-placeholder-aspect-ratio: 544\/408;\" \/><\/p>\n<h4><\/h4>\n<h4>Para las puntas abiertas y el cabello seco<\/h4>\n<p>Este tambi\u00e9n es un tratamiento que se puede aplicar a diario si se tiene el pelo seco. Sin excederse, aplicar s\u00f3lo una gota de aceite de palta sobre las palmas de las manos, frotarlas y esparcir bien el producto, y por \u00faltimo masajear las puntas del cabello.<\/p>\n<p>Si no ten\u00e9s tanta resequedad, repetir este procedimiento una vez por semana, complement\u00e1ndolo con el uso de una\u00a0<a href=\"https:\/\/moscuagencia-dot-yamm-track.appspot.com\/Redirect?ukey=1vnsvqszY5g4WiJZno9dp3xOWs4tu3Uc4nEYdgSyTCjI-0&amp;key=YAMMID-17411297&amp;link=https%3A%2F%2Fwww.linio.com.ar%2Fc%2Farticulos-profesionales-para-el-cuidado-del-cabello%2Fplanchas-para-el-cabello-profesionales%2Fb%2Fremington\" data-saferedirecturl=\"https:\/\/www.google.com\/url?q=https:\/\/moscuagencia-dot-yamm-track.appspot.com\/Redirect?ukey%3D1vnsvqszY5g4WiJZno9dp3xOWs4tu3Uc4nEYdgSyTCjI-0%26key%3DYAMMID-17411297%26link%3Dhttps%253A%252F%252Fwww.linio.com.ar%252Fc%252Farticulos-profesionales-para-el-cuidado-del-cabello%252Fplanchas-para-el-cabello-profesionales%252Fb%252Fremington&amp;source=gmail&amp;ust=1570562974387000&amp;usg=AFQjCNEWje3VutWiuRd7JFUL7Ze5tBVogg\">plancha de nuez de macadamia y\u00a0<\/a>palta\u00a0para mejores resultados.<\/p>\n<p>El aceite de palta es muy\u00a0demandado\u00a0por sus\u00a0<strong>propiedades y beneficios<\/strong>\u00a0para la salud, adem\u00e1s de ayudar con los problemas que ya hemos mencionado,\u00a0es un\u00a0<strong>cicatrizante incre\u00edble, funciona como protector solar y tambi\u00e9n evita la ca\u00edda del cabello.<\/strong>\u00a0Son interminables las ventajas que se pueden encontrar en este tipo de aceite.<\/p>\n<p><img decoding=\"async\" class=\"alignnone wp-image-19641 lazyload\" data-src=\"https:\/\/www.lasrosas.com.ar\/portal\/wp-content\/uploads\/shutterstock_534972658.jpg\" alt=\"\" width=\"634\" height=\"423\" src=\"data:image\/svg+xml;base64,PHN2ZyB3aWR0aD0iMSIgaGVpZ2h0PSIxIiB4bWxucz0iaHR0cDovL3d3dy53My5vcmcvMjAwMC9zdmciPjwvc3ZnPg==\" style=\"--smush-placeholder-width: 634px; --smush-placeholder-aspect-ratio: 634\/423;\" \/><\/p>\n<!-- AddThis Advanced Settings generic via filter on the_content --><!-- AddThis Share Buttons generic via filter on the_content -->","protected":false},"excerpt":{"rendered":"<p>El aceite de palta es un producto comestible que puede ser utilizado para preparar ensaladas o cocinar, as\u00ed como tambi\u00e9n se puede aprovechar para el preparado de cosm\u00e9ticos, debido a su composici\u00f3n natural. Por sus beneficios para la piel y el cabello, las ganancias de este milagroso ingrediente son beneficiosas para el d\u00eda a d\u00eda [&hellip;]<!-- AddThis Advanced Settings generic via filter on get_the_excerpt --><!-- AddThis Share Buttons generic via filter on get_the_excerpt --><\/p>\n","protected":false},"author":6,"featured_media":19638,"comment_status":"closed","ping_status":"open","sticky":false,"template":"","format":"standard","meta":{"_acf_changed":false,"om_disable_all_campaigns":false,"_monsterinsights_skip_tracking":false,"_monsterinsights_sitenote_active":false,"_monsterinsights_sitenote_note":"","_monsterinsights_sitenote_category":0,"_uf_show_specific_survey":0,"_uf_disable_surveys":false,"footnotes":""},"categories":[376],"tags":[],"class_list":["post-19637","post","type-post","status-publish","format-standard","has-post-thumbnail","hentry","category-lifestyle"],"acf":[],"aioseo_notices":[],"_links":{"self":[{"href":"https:\/\/www.lasrosas.com.ar\/portal\/wp-json\/wp\/v2\/posts\/19637","targetHints":{"allow":["GET"]}}],"collection":[{"href":"https:\/\/www.lasrosas.com.ar\/portal\/wp-json\/wp\/v2\/posts"}],"about":[{"href":"https:\/\/www.lasrosas.com.ar\/portal\/wp-json\/wp\/v2\/types\/post"}],"author":[{"embeddable":true,"href":"https:\/\/www.lasrosas.com.ar\/portal\/wp-json\/wp\/v2\/users\/6"}],"replies":[{"embeddable":true,"href":"https:\/\/www.lasrosas.com.ar\/portal\/wp-json\/wp\/v2\/comments?post=19637"}],"version-history":[{"count":0,"href":"https:\/\/www.lasrosas.com.ar\/portal\/wp-json\/wp\/v2\/posts\/19637\/revisions"}],"wp:featuredmedia":[{"embeddable":true,"href":"https:\/\/www.lasrosas.com.ar\/portal\/wp-json\/wp\/v2\/media\/19638"}],"wp:attachment":[{"href":"https:\/\/www.lasrosas.com.ar\/portal\/wp-json\/wp\/v2\/media?parent=19637"}],"wp:term":[{"taxonomy":"category","embeddable":true,"href":"https:\/\/www.lasrosas.com.ar\/portal\/wp-json\/wp\/v2\/categories?post=19637"},{"taxonomy":"post_tag","embeddable":true,"href":"https:\/\/www.lasrosas.com.ar\/portal\/wp-json\/wp\/v2\/tags?post=19637"}],"curies":[{"name":"wp","href":"https:\/\/api.w.org\/{rel}","templated":true}]}}