{"id":19608,"date":"2019-10-04T14:19:39","date_gmt":"2019-10-04T17:19:39","guid":{"rendered":"https:\/\/www.lasrosas.com.ar\/portal\/?p=19608"},"modified":"2019-10-04T14:21:54","modified_gmt":"2019-10-04T17:21:54","slug":"pedro-alfonso-y-paula-chaves-protagonizaran-atrapados-en-el-museo","status":"publish","type":"post","link":"https:\/\/www.lasrosas.com.ar\/portal\/pedro-alfonso-y-paula-chaves-protagonizaran-atrapados-en-el-museo\/","title":{"rendered":"PEDRO ALFONSO Y PAULA CHAVES  PROTAGONIZARAN \u00abATRAPADOS EN EL MUSEO\u00bb"},"content":{"rendered":"<h4>Poco a poco se van confirmando los nuevos elencos para la temporada de verano , ya prepara su nuevo espect\u00e1culo que contar\u00e1 con el protag\u00f3nico de Pedro Alfonso y su mujer Paula Chaves.<\/h4>\n<p>Se trata de \u201cAtrapados en el Museo\u201d, una comedia\u00a0que tiene previsto su estreno el 25 de diciembre en el Teatro del Lago, el mismo teatro donde DABOPE ya realiz\u00f3 sus \u00e9xitos anteriores, con los que conquistaron la plaza cordobesa. Y nuevamente vuelven apostar con la que sin duda ser\u00e1 la comedia m\u00e1s sorprendente y divertida del verano que contar\u00e1 con direcci\u00f3n de Carlos Olivieri y libro de Mart\u00edn Guerra.<\/p>\n<p>https:\/\/www.instagram.com\/p\/BvzujvlgZgy\/<\/p>\n<p>&nbsp;<\/p>\n<p>A\u00fan se encuentran definiendo el elenco que acompa\u00f1ar\u00e1 a Pedro y a Paula que se terminar\u00e1 de concretar en los pr\u00f3ximos d\u00edas para comenzar los ensayos, pero para eso, habr\u00e1 que esperar ya que est\u00e1 en manos de la producci\u00f3n.<\/p>\n<p>La pareja se mostr\u00f3 feliz con la noticia de compartir nuevamente un escenario y volver a una plaza teatral que les dio tanta felicidad y esperan ansiosos para comenzar los ensayos.<\/p>\n<p>https:\/\/www.instagram.com\/p\/BzELa1Wh1eI\/<\/p>\n<p>&nbsp;<\/p>\n<p>En un museo de arte pueden suceder hechos extra\u00f1os e inesperados. Una pieza antigua, un anillo m\u00e1gico, encuentros casuales, la codicia y el amor, todo puede formar parte de una historia atrapante, plena de humor y locura, efectos especiales y fantas\u00eda. La comedia mas divertida para disfrutar en\u00a0familia.<\/p>\n<!-- AddThis Advanced Settings generic via filter on the_content --><!-- AddThis Share Buttons generic via filter on the_content -->","protected":false},"excerpt":{"rendered":"<p>Poco a poco se van confirmando los nuevos elencos para la temporada de verano , ya prepara su nuevo espect\u00e1culo que contar\u00e1 con el protag\u00f3nico de Pedro Alfonso y su mujer Paula Chaves. Se trata de \u201cAtrapados en el Museo\u201d, una comedia\u00a0que tiene previsto su estreno el 25 de diciembre en el Teatro del Lago, [&hellip;]<!-- AddThis Advanced Settings generic via filter on get_the_excerpt --><!-- AddThis Share Buttons generic via filter on get_the_excerpt --><\/p>\n","protected":false},"author":6,"featured_media":19609,"comment_status":"closed","ping_status":"open","sticky":false,"template":"","format":"standard","meta":{"_acf_changed":false,"om_disable_all_campaigns":false,"_monsterinsights_skip_tracking":false,"_monsterinsights_sitenote_active":false,"_monsterinsights_sitenote_note":"","_monsterinsights_sitenote_category":0,"_uf_show_specific_survey":0,"_uf_disable_surveys":false,"footnotes":""},"categories":[100],"tags":[],"class_list":["post-19608","post","type-post","status-publish","format-standard","has-post-thumbnail","hentry","category-noticias"],"acf":[],"aioseo_notices":[],"_links":{"self":[{"href":"https:\/\/www.lasrosas.com.ar\/portal\/wp-json\/wp\/v2\/posts\/19608","targetHints":{"allow":["GET"]}}],"collection":[{"href":"https:\/\/www.lasrosas.com.ar\/portal\/wp-json\/wp\/v2\/posts"}],"about":[{"href":"https:\/\/www.lasrosas.com.ar\/portal\/wp-json\/wp\/v2\/types\/post"}],"author":[{"embeddable":true,"href":"https:\/\/www.lasrosas.com.ar\/portal\/wp-json\/wp\/v2\/users\/6"}],"replies":[{"embeddable":true,"href":"https:\/\/www.lasrosas.com.ar\/portal\/wp-json\/wp\/v2\/comments?post=19608"}],"version-history":[{"count":0,"href":"https:\/\/www.lasrosas.com.ar\/portal\/wp-json\/wp\/v2\/posts\/19608\/revisions"}],"wp:featuredmedia":[{"embeddable":true,"href":"https:\/\/www.lasrosas.com.ar\/portal\/wp-json\/wp\/v2\/media\/19609"}],"wp:attachment":[{"href":"https:\/\/www.lasrosas.com.ar\/portal\/wp-json\/wp\/v2\/media?parent=19608"}],"wp:term":[{"taxonomy":"category","embeddable":true,"href":"https:\/\/www.lasrosas.com.ar\/portal\/wp-json\/wp\/v2\/categories?post=19608"},{"taxonomy":"post_tag","embeddable":true,"href":"https:\/\/www.lasrosas.com.ar\/portal\/wp-json\/wp\/v2\/tags?post=19608"}],"curies":[{"name":"wp","href":"https:\/\/api.w.org\/{rel}","templated":true}]}}